{"id":5783,"date":"2022-03-04T08:12:57","date_gmt":"2022-03-04T08:12:57","guid":{"rendered":"https:\/\/www.liceulprometeuprotalent.md\/?p=5783"},"modified":"2022-03-04T08:13:37","modified_gmt":"2022-03-04T08:13:37","slug":"olimpiada-de-informatica-etapa-municipala","status":"publish","type":"post","link":"https:\/\/www.liceulprometeuprotalent.md\/?p=5783","title":{"rendered":"Olimpiada de Informatic\u0103, etapa municipal\u0103"},"content":{"rendered":"<p><span style=\"font-size: 14pt;\">Consider\u0103m c\u0103 societatea informatic\u0103 reprezint\u0103 o nou\u0103 etap\u0103 a civiliza\u021biei, un nou mod de via\u021b\u0103 calitativ.<\/span><\/p>\n<p><span style=\"font-size: 14pt;\">Astfel, pe data de 13.02. 2022 , elevii de la Liceul de Creativitate \u0219i Inventic\u0103 \u201e Prometeu-Protalent\u201d au participat la Olimpiada de informatic\u0103, etapa municipal\u0103.<\/span><\/p>\n<ol>\n<li><span style=\"font-size: 14pt;\">\u021aurcanu Nicolae, clasa a X-a \u201e B\u201d, men\u021biune, profesor Adam Ecaterina<\/span><\/li>\n<li><span style=\"font-size: 14pt;\">Bujor Alexandru, clasa a XI-a, men\u021biune, profesor Adam Ecaterina<\/span><\/li>\n<\/ol>\n<p><span style=\"font-size: 14pt;\">\u00a0\u00a0\u00a0 Educarea elevilor \u00een domeniul informaticii este ghidat\u0103\u00a0 de doamna Adam Ecaterina, care le ofer\u0103 elevilor deschideri spre g\u00e2ndirea independent\u0103 \u0219i capacitatea de a produce solu\u021bii pentru orice rezolvare de probleme.<br \/>\n<\/span><span style=\"font-size: 14pt;\">\u00a0 \u00a0Sincere felicit\u0103ri \u0219i \u00eendemnul nostru este: \u201e Non desistas, non exieris\u201d \u2013 Nu renun\u021ba niciodat\u0103, nu ceda niciodat\u0103!<\/span><\/p>\n","protected":false},"excerpt":{"rendered":"<p>Consider\u0103m c\u0103 societatea informatic\u0103 reprezint\u0103 o nou\u0103 etap\u0103 a civiliza\u021biei, un nou mod de via\u021b\u0103 calitativ. Astfel, pe data de 13.02. 2022 , elevii de la Liceul de Creativitate \u0219i Inventic\u0103 \u201e Prometeu-Protalent\u201d au participat la Olimpiada de informatic\u0103, etapa municipal\u0103. \u021aurcanu Nicolae, clasa a X-a \u201e B\u201d, men\u021biune, profesor Adam Ecaterina Bujor Alexandru, clasa [&hellip;]<\/p>\n","protected":false},"author":1,"featured_media":5784,"comment_status":"open","ping_status":"open","sticky":false,"template":"","format":"standard","meta":{"_price":"","_stock":"","_tribe_ticket_header":"","_tribe_default_ticket_provider":"","_tribe_ticket_capacity":"0","_ticket_start_date":"","_ticket_end_date":"","_tribe_ticket_show_description":"","_tribe_ticket_show_not_going":false,"_tribe_ticket_use_global_stock":"","_tribe_ticket_global_stock_level":"","_global_stock_mode":"","_global_stock_cap":"","_tribe_rsvp_for_event":"","_tribe_ticket_going_count":"","_tribe_ticket_not_going_count":"","_tribe_tickets_list":"[]","_tribe_ticket_has_attendee_info_fields":false,"footnotes":""},"categories":[89,85,80,1],"tags":[],"class_list":["post-5783","post","type-post","status-publish","format-standard","has-post-thumbnail","hentry","category-blog","category-olimpiade","category-toate-categoriile","category-uncategorized"],"_links":{"self":[{"href":"https:\/\/www.liceulprometeuprotalent.md\/index.php?rest_route=\/wp\/v2\/posts\/5783","targetHints":{"allow":["GET"]}}],"collection":[{"href":"https:\/\/www.liceulprometeuprotalent.md\/index.php?rest_route=\/wp\/v2\/posts"}],"about":[{"href":"https:\/\/www.liceulprometeuprotalent.md\/index.php?rest_route=\/wp\/v2\/types\/post"}],"author":[{"embeddable":true,"href":"https:\/\/www.liceulprometeuprotalent.md\/index.php?rest_route=\/wp\/v2\/users\/1"}],"replies":[{"embeddable":true,"href":"https:\/\/www.liceulprometeuprotalent.md\/index.php?rest_route=%2Fwp%2Fv2%2Fcomments&post=5783"}],"version-history":[{"count":1,"href":"https:\/\/www.liceulprometeuprotalent.md\/index.php?rest_route=\/wp\/v2\/posts\/5783\/revisions"}],"predecessor-version":[{"id":5785,"href":"https:\/\/www.liceulprometeuprotalent.md\/index.php?rest_route=\/wp\/v2\/posts\/5783\/revisions\/5785"}],"wp:featuredmedia":[{"embeddable":true,"href":"https:\/\/www.liceulprometeuprotalent.md\/index.php?rest_route=\/wp\/v2\/media\/5784"}],"wp:attachment":[{"href":"https:\/\/www.liceulprometeuprotalent.md\/index.php?rest_route=%2Fwp%2Fv2%2Fmedia&parent=5783"}],"wp:term":[{"taxonomy":"category","embeddable":true,"href":"https:\/\/www.liceulprometeuprotalent.md\/index.php?rest_route=%2Fwp%2Fv2%2Fcategories&post=5783"},{"taxonomy":"post_tag","embeddable":true,"href":"https:\/\/www.liceulprometeuprotalent.md\/index.php?rest_route=%2Fwp%2Fv2%2Ftags&post=5783"}],"curies":[{"name":"wp","href":"https:\/\/api.w.org\/{rel}","templated":true}]}}