{"id":5887,"date":"2022-04-21T11:19:30","date_gmt":"2022-04-21T11:19:30","guid":{"rendered":"https:\/\/www.liceulprometeuprotalent.md\/?p=5887"},"modified":"2022-04-27T09:17:39","modified_gmt":"2022-04-27T09:17:39","slug":"5887","status":"publish","type":"post","link":"https:\/\/www.liceulprometeuprotalent.md\/?p=5887","title":{"rendered":"Felicit\u0103ri Elizabeta Nichiforova"},"content":{"rendered":"<p><span style=\"font-size: 14pt;\">Adres\u0103m sincere felicit\u0103ri Elizabetei Nichiforova, elev\u0103 din clasa a IX-a, Liceul de Creativitate \u0219i Inventic\u0103 \u201ePrometeu-Protalent\u201d, pentru rezultatele remarcabile ob\u021binute \u00een cadrul Olimpiadelor Republicane la Limba \u0219i literatura rom\u00e2na, Premiul I, \u0219i la Istoria rom\u00e2nilor \u0219i universal\u0103, Premiul III!\ud83c\udfc6<\/span><\/p>\n<p><span style=\"font-size: 14pt;\">Succes! Curaj! Determinare!\u00a0<\/span><\/p>\n<p><span style=\"font-size: 14pt;\">\u00a0Admira\u021bie \u0219i gratitudine\u00a0 profesorilor Negru Eugenia \u0219i Croitoru Nelea pentru profesionalism \u0219i d\u0103ruire!!!\u00a0<\/span><\/p>\n<p><span style=\"font-size: 14pt;\">Impresionate de rezultatele remarcabile ale colegei noastre, care, iat\u0103, este eliberat\u0103 cu nota \u201e10\u201d din oficiu la dou\u0103 examene de absolvire a gimnaziului, noi, Daria Culci\u021bchi \u0219i Rada Glutnic din clasa a X-a \u201eA\u201d, i-am adresat cinci \u00eentreb\u0103ri, s\u0103 construim profilul unei campioane.<\/span><\/p>\n<p><span style=\"font-size: 14pt;\">\u00ce : Ce ai sim\u021bit atunci c\u00e2nd ai aflat c\u0103 e\u0219ti premiant\u0103 a Olimpiadelor Republicane la Limba \u0219i literatura rom\u00e2n\u0103 \u0219i la Istoria rom\u00e2nilor \u0219i universal\u0103 ?<\/span><\/p>\n<p><span style=\"font-size: 14pt;\">R\u00a0: Am fost fericita c\u00e2nd m-am reg\u0103sit printre premian\u021bi. Am muncit mult pentru a ajunge la aceast\u0103 etap\u0103 \u0219i pentru a ob\u021bine astfel de rezultate am citit, am lucrat suplimentar cu doamnele profesoare \u00a0\u0219i m-am bucurat c\u0103 eforturile mele au fost r\u0103spl\u0103tite pe m\u0103sur\u0103.<\/span><\/p>\n<p><span style=\"font-size: 14pt;\">\u00ce: Cunoa\u0219tem despre tine c\u0103 e\u0219ti o elev\u0103 cu \u201e10\u201d pe linie \u0219i c\u0103 studiezi foarte mult. \u00ce\u021bi mai r\u0103m\u00e2ne timp liber? Ce pasiuni ai?<\/span><\/p>\n<p><span style=\"font-size: 14pt;\">R: \u00cemi place mult s\u0103 citesc. M\u0103 bucur c\u0103 acum am mai mult timp pentru lectur\u0103. Dar \u0219i desenez, ascult muzic\u0103, joc badminton, ies \u00een ora\u0219 cu prietenii.<\/span><\/p>\n<p><span style=\"font-size: 14pt;\">\u00ce: Ce gen de c\u0103r\u021bi preferi?<\/span><\/p>\n<p><span style=\"font-size: 14pt;\">R\u00a0: \u00cemi plac toate genurile de c\u0103r\u021bi, \u00een \u00a0afar\u0103 de science-fiction, dar cred c\u0103 cel mai mult citesc fantasy \u0219i c\u0103r\u021bi poli\u021biste. Dintre autori, \u00eemi place Agatha Cristie, dar nu am o singur\u0103 carte preferat\u0103.<\/span><\/p>\n<p><span style=\"font-size: 14pt;\">\u00ce\u00a0: In ce domenii te reg\u0103se\u0219ti? Crezi c\u0103 obiectele \u0219colare te-ar putea ajuta \u00een alegerea profesiei?<\/span><\/p>\n<p><span style=\"font-size: 14pt;\">R: La moment, nu este un singur domeniu care m\u0103 atrage. Imi place \u0219i arta, \u0219i istoria, \u0219i dreptul, \u0219i biologia. Obiectele pe care le studiem la \u0219coal\u0103 m\u0103 ajut\u0103 s\u0103-mi dau seama de preferin\u021bele mele \u0219i s\u0103 fac mai u\u0219or alegerea, reie\u0219ind deja din experien\u021ba oferit\u0103 de materiile \u0219colare. Cred c\u0103 a\u0219 vrea s\u0103 lucrez \u00een domeniul dreptului (de\u0219i \u00eenc\u0103 nu am luat decizia final\u0103), de aceea pot spune c\u0103 istoria mi-a influen\u021bat \u00eentr-o oarecare m\u0103sur\u0103 orientarea profesional\u0103, cel pu\u021bin, la moment, fiind disciplina \u0219colar\u0103 care are cea mai str\u00e2ns\u0103 leg\u0103tura cu acest domeniu.<\/span><\/p>\n<p><span style=\"font-size: 14pt;\">\u00ce\u00a0: S\u0103 \u00een\u021belegem c\u0103 interviev\u0103m un viitor jurist? Te g\u00e2nde\u0219ti \u0219i la alte op\u021biuni?<\/span><\/p>\n<p><span style=\"font-size: 14pt;\">R\u00a0: Am men\u021bionat deja c\u0103 nu sunt \u00eenc\u0103 sigur\u0103 \u00een alegerea profesiei, dar c\u0103, cel mai probabil, voi studia dreptul, mai exact, dreptul penal. Pe de alt\u0103 parte, pictura este o activitate foarte important\u0103 pentru mine, de aceea o variant\u0103 alternativ\u0103 este facultatea de arte.<\/span><\/p>\n<p><span style=\"font-size: 14pt;\">Eliza, \u00ee\u021bi dorim mult succes \u0219i realizarea tuturor planurilor!<\/span><\/p>\n<p style=\"text-align: center;\"><img decoding=\"async\" class=\"alignnone wp-image-5888 size-fusion-400\" src=\"https:\/\/www.liceulprometeuprotalent.md\/wp-content\/uploads\/2022\/04\/diploma-1-400x533.jpg\" alt=\"\" width=\"400\" height=\"533\" srcset=\"https:\/\/www.liceulprometeuprotalent.md\/wp-content\/uploads\/2022\/04\/diploma-1-200x267.jpg 200w, https:\/\/www.liceulprometeuprotalent.md\/wp-content\/uploads\/2022\/04\/diploma-1-225x300.jpg 225w, https:\/\/www.liceulprometeuprotalent.md\/wp-content\/uploads\/2022\/04\/diploma-1-400x533.jpg 400w, https:\/\/www.liceulprometeuprotalent.md\/wp-content\/uploads\/2022\/04\/diploma-1-600x800.jpg 600w, https:\/\/www.liceulprometeuprotalent.md\/wp-content\/uploads\/2022\/04\/diploma-1-768x1024.jpg 768w, https:\/\/www.liceulprometeuprotalent.md\/wp-content\/uploads\/2022\/04\/diploma-1-800x1067.jpg 800w, https:\/\/www.liceulprometeuprotalent.md\/wp-content\/uploads\/2022\/04\/diploma-1-1152x1536.jpg 1152w, https:\/\/www.liceulprometeuprotalent.md\/wp-content\/uploads\/2022\/04\/diploma-1.jpg 1200w\" sizes=\"(max-width: 400px) 100vw, 400px\" \/> <img decoding=\"async\" class=\"alignnone wp-image-5889 size-fusion-400\" src=\"https:\/\/www.liceulprometeuprotalent.md\/wp-content\/uploads\/2022\/04\/diploma-2-400x533.jpg\" alt=\"\" width=\"400\" height=\"533\" srcset=\"https:\/\/www.liceulprometeuprotalent.md\/wp-content\/uploads\/2022\/04\/diploma-2-200x267.jpg 200w, https:\/\/www.liceulprometeuprotalent.md\/wp-content\/uploads\/2022\/04\/diploma-2-225x300.jpg 225w, https:\/\/www.liceulprometeuprotalent.md\/wp-content\/uploads\/2022\/04\/diploma-2-400x533.jpg 400w, https:\/\/www.liceulprometeuprotalent.md\/wp-content\/uploads\/2022\/04\/diploma-2-600x800.jpg 600w, https:\/\/www.liceulprometeuprotalent.md\/wp-content\/uploads\/2022\/04\/diploma-2-768x1024.jpg 768w, https:\/\/www.liceulprometeuprotalent.md\/wp-content\/uploads\/2022\/04\/diploma-2-800x1067.jpg 800w, https:\/\/www.liceulprometeuprotalent.md\/wp-content\/uploads\/2022\/04\/diploma-2-1152x1536.jpg 1152w, https:\/\/www.liceulprometeuprotalent.md\/wp-content\/uploads\/2022\/04\/diploma-2.jpg 1200w\" sizes=\"(max-width: 400px) 100vw, 400px\" \/> <img decoding=\"async\" class=\"alignnone wp-image-5890 size-fusion-800\" src=\"https:\/\/www.liceulprometeuprotalent.md\/wp-content\/uploads\/2022\/04\/Eliza-800x1067.jpg\" alt=\"\" width=\"800\" height=\"1067\" srcset=\"https:\/\/www.liceulprometeuprotalent.md\/wp-content\/uploads\/2022\/04\/Eliza-200x267.jpg 200w, https:\/\/www.liceulprometeuprotalent.md\/wp-content\/uploads\/2022\/04\/Eliza-225x300.jpg 225w, https:\/\/www.liceulprometeuprotalent.md\/wp-content\/uploads\/2022\/04\/Eliza-400x533.jpg 400w, https:\/\/www.liceulprometeuprotalent.md\/wp-content\/uploads\/2022\/04\/Eliza-600x800.jpg 600w, https:\/\/www.liceulprometeuprotalent.md\/wp-content\/uploads\/2022\/04\/Eliza-768x1024.jpg 768w, https:\/\/www.liceulprometeuprotalent.md\/wp-content\/uploads\/2022\/04\/Eliza-800x1067.jpg 800w, https:\/\/www.liceulprometeuprotalent.md\/wp-content\/uploads\/2022\/04\/Eliza-1152x1536.jpg 1152w, https:\/\/www.liceulprometeuprotalent.md\/wp-content\/uploads\/2022\/04\/Eliza.jpg 1200w\" sizes=\"(max-width: 800px) 100vw, 800px\" \/><\/p>\n","protected":false},"excerpt":{"rendered":"<p>Adres\u0103m sincere felicit\u0103ri Elizabetei Nichiforova, elev\u0103 din clasa a IX-a, Liceul de Creativitate \u0219i Inventic\u0103 \u201ePrometeu-Protalent\u201d, pentru rezultatele remarcabile ob\u021binute \u00een cadrul Olimpiadelor Republicane la Limba \u0219i literatura rom\u00e2na, Premiul I, \u0219i la Istoria rom\u00e2nilor \u0219i universal\u0103, Premiul III!\ud83c\udfc6 Succes! Curaj! Determinare!\u00a0 \u00a0Admira\u021bie \u0219i gratitudine\u00a0 profesorilor Negru Eugenia \u0219i Croitoru Nelea pentru profesionalism \u0219i d\u0103ruire!!!\u00a0 [&hellip;]<\/p>\n","protected":false},"author":1,"featured_media":5855,"comment_status":"open","ping_status":"open","sticky":false,"template":"","format":"standard","meta":{"_price":"","_stock":"","_tribe_ticket_header":"","_tribe_default_ticket_provider":"","_tribe_ticket_capacity":"0","_ticket_start_date":"","_ticket_end_date":"","_tribe_ticket_show_description":"","_tribe_ticket_show_not_going":false,"_tribe_ticket_use_global_stock":"","_tribe_ticket_global_stock_level":"","_global_stock_mode":"","_global_stock_cap":"","_tribe_rsvp_for_event":"","_tribe_ticket_going_count":"","_tribe_ticket_not_going_count":"","_tribe_tickets_list":"[]","_tribe_ticket_has_attendee_info_fields":false,"footnotes":""},"categories":[89,90,86,85,80,1],"tags":[],"class_list":["post-5887","post","type-post","status-publish","format-standard","has-post-thumbnail","hentry","category-blog","category-caleidoscopul-activitatilor-extrascolare","category-concursuri","category-olimpiade","category-toate-categoriile","category-uncategorized"],"_links":{"self":[{"href":"https:\/\/www.liceulprometeuprotalent.md\/index.php?rest_route=\/wp\/v2\/posts\/5887","targetHints":{"allow":["GET"]}}],"collection":[{"href":"https:\/\/www.liceulprometeuprotalent.md\/index.php?rest_route=\/wp\/v2\/posts"}],"about":[{"href":"https:\/\/www.liceulprometeuprotalent.md\/index.php?rest_route=\/wp\/v2\/types\/post"}],"author":[{"embeddable":true,"href":"https:\/\/www.liceulprometeuprotalent.md\/index.php?rest_route=\/wp\/v2\/users\/1"}],"replies":[{"embeddable":true,"href":"https:\/\/www.liceulprometeuprotalent.md\/index.php?rest_route=%2Fwp%2Fv2%2Fcomments&post=5887"}],"version-history":[{"count":4,"href":"https:\/\/www.liceulprometeuprotalent.md\/index.php?rest_route=\/wp\/v2\/posts\/5887\/revisions"}],"predecessor-version":[{"id":5924,"href":"https:\/\/www.liceulprometeuprotalent.md\/index.php?rest_route=\/wp\/v2\/posts\/5887\/revisions\/5924"}],"wp:featuredmedia":[{"embeddable":true,"href":"https:\/\/www.liceulprometeuprotalent.md\/index.php?rest_route=\/wp\/v2\/media\/5855"}],"wp:attachment":[{"href":"https:\/\/www.liceulprometeuprotalent.md\/index.php?rest_route=%2Fwp%2Fv2%2Fmedia&parent=5887"}],"wp:term":[{"taxonomy":"category","embeddable":true,"href":"https:\/\/www.liceulprometeuprotalent.md\/index.php?rest_route=%2Fwp%2Fv2%2Fcategories&post=5887"},{"taxonomy":"post_tag","embeddable":true,"href":"https:\/\/www.liceulprometeuprotalent.md\/index.php?rest_route=%2Fwp%2Fv2%2Ftags&post=5887"}],"curies":[{"name":"wp","href":"https:\/\/api.w.org\/{rel}","templated":true}]}}