{"id":6398,"date":"2022-12-20T12:03:44","date_gmt":"2022-12-20T12:03:44","guid":{"rendered":"https:\/\/www.liceulprometeuprotalent.md\/?p=6398"},"modified":"2022-12-20T12:05:49","modified_gmt":"2022-12-20T12:05:49","slug":"sportul-intre-pasiune-si-formare-de-caractere","status":"publish","type":"post","link":"https:\/\/www.liceulprometeuprotalent.md\/?p=6398","title":{"rendered":"Sportul \u00eentre pasiune \u0219i formare de caractere"},"content":{"rendered":"<p><span style=\"font-size: 14pt;\">Ionu\u021b Dobzeu, elevul clasei a XI-a \u201e A\u201d de la \u00a0Liceul de Creativitate \u0219i Inventic\u0103 \u201ePrometeu-Protalent\u201d a ob\u021binut locul I, la categoria de v\u00e2rst\u0103 &#8211; tineri, \u00een cadrul Campionatului Republicii Moldova de Kickboxind, care a avut loc \u00een perioada 15-17 decembrie 2022, la Universitatea de Stat de Educa\u021bie Fizic\u0103 \u0219i Sport.<\/span><\/p>\n<p><span style=\"font-size: 14pt;\">Ionu\u021b practic\u0103 acest gen de sport de opt ani, fiind motivat de dorin\u021ba de a fi puternic \u0219i s\u0103n\u0103tos. \u00cen aceast\u0103 perioad\u0103, a fost distins cu numeroase medalii (peste 50 la num\u0103r), majoritatea pentru locul I la diverse competi\u021bii sportive din Bucure\u0219ti, acolo unde a locuit \u00eempreun\u0103 cu familia sa. Stabili\u021bi la Chi\u0219in\u0103u, Ionu\u021b s-a \u00eenscris la Clubul sportiv \u201eGladiator\u201d \u0219i \u00eendrumat de antrenorul Viorel Gurdi\u0219, a continuat antrenamentele de trei ori pe s\u0103pt\u0103m\u00e2n\u0103 a c\u00e2te 1.5-2 ore, iar rezultatele nu s-au l\u0103sat multa\u0219teptate. \u00cen prezent, noi \u0219i noi succese \u00eei umplu parmaresul cu medalii \u0219i men\u021biuni, fiind o mare bucurie pentru el, dar \u0219i pentru to\u021bi cei care-l cunosc. Ionu\u021b a realizat\u00a0 c\u0103 sportul este izvor de s\u0103n\u0103tate \u0219i un bun formator de caractere, motiva\u021bie foarte puternic\u0103 pentru a-\u0219i continua hobby-ul.<\/span><\/p>\n<p><span style=\"font-size: 14pt;\">Bravo, Ionu\u021b Dobzeu! Felicit\u0103ri! Te admir\u0103m pentru alegerea de a\u021bi asuma un mod s\u0103n\u0103tos de via\u021b\u0103! E\u0219ti un exemplu demn de urmat!<\/span><\/p>\n<p><span style=\"font-size: 14pt;\">Mul\u021bumiri \u0219i aprecieri p\u0103rin\u021bilor pentru sus\u021binere!\u00a0\u00a0\u00a0<\/span><\/p>\n<p style=\"text-align: center;\"><img decoding=\"async\" class=\"alignnone wp-image-6400 \" src=\"https:\/\/www.liceulprometeuprotalent.md\/wp-content\/uploads\/2022\/12\/320637280_663405821991748_5202032620908838698_n-400x609.jpg\" alt=\"\" width=\"352\" height=\"535\" srcset=\"https:\/\/www.liceulprometeuprotalent.md\/wp-content\/uploads\/2022\/12\/320637280_663405821991748_5202032620908838698_n-197x300.jpg 197w, https:\/\/www.liceulprometeuprotalent.md\/wp-content\/uploads\/2022\/12\/320637280_663405821991748_5202032620908838698_n-200x305.jpg 200w, https:\/\/www.liceulprometeuprotalent.md\/wp-content\/uploads\/2022\/12\/320637280_663405821991748_5202032620908838698_n-400x609.jpg 400w, https:\/\/www.liceulprometeuprotalent.md\/wp-content\/uploads\/2022\/12\/320637280_663405821991748_5202032620908838698_n.jpg 600w\" sizes=\"(max-width: 352px) 100vw, 352px\" \/>\u00a0 \u00a0 \u00a0 <img decoding=\"async\" class=\"alignnone wp-image-6401 size-fusion-400\" src=\"https:\/\/www.liceulprometeuprotalent.md\/wp-content\/uploads\/2022\/12\/viber_image_2022-12-18_18-17-01-360-400x533.jpg\" alt=\"\" width=\"400\" height=\"533\" srcset=\"https:\/\/www.liceulprometeuprotalent.md\/wp-content\/uploads\/2022\/12\/viber_image_2022-12-18_18-17-01-360-200x267.jpg 200w, https:\/\/www.liceulprometeuprotalent.md\/wp-content\/uploads\/2022\/12\/viber_image_2022-12-18_18-17-01-360-225x300.jpg 225w, https:\/\/www.liceulprometeuprotalent.md\/wp-content\/uploads\/2022\/12\/viber_image_2022-12-18_18-17-01-360-400x533.jpg 400w, https:\/\/www.liceulprometeuprotalent.md\/wp-content\/uploads\/2022\/12\/viber_image_2022-12-18_18-17-01-360-600x800.jpg 600w, https:\/\/www.liceulprometeuprotalent.md\/wp-content\/uploads\/2022\/12\/viber_image_2022-12-18_18-17-01-360-768x1024.jpg 768w, https:\/\/www.liceulprometeuprotalent.md\/wp-content\/uploads\/2022\/12\/viber_image_2022-12-18_18-17-01-360-800x1067.jpg 800w, https:\/\/www.liceulprometeuprotalent.md\/wp-content\/uploads\/2022\/12\/viber_image_2022-12-18_18-17-01-360-1152x1536.jpg 1152w, https:\/\/www.liceulprometeuprotalent.md\/wp-content\/uploads\/2022\/12\/viber_image_2022-12-18_18-17-01-360.jpg 1200w\" sizes=\"(max-width: 400px) 100vw, 400px\" \/><\/p>\n<p><img decoding=\"async\" class=\"aligncenter wp-image-6399 size-fusion-800\" src=\"https:\/\/www.liceulprometeuprotalent.md\/wp-content\/uploads\/2022\/12\/320585294_5747990365239540_6119947519683788123_n-800x600.jpg\" alt=\"\" width=\"800\" height=\"600\" srcset=\"https:\/\/www.liceulprometeuprotalent.md\/wp-content\/uploads\/2022\/12\/320585294_5747990365239540_6119947519683788123_n-200x150.jpg 200w, https:\/\/www.liceulprometeuprotalent.md\/wp-content\/uploads\/2022\/12\/320585294_5747990365239540_6119947519683788123_n-300x225.jpg 300w, https:\/\/www.liceulprometeuprotalent.md\/wp-content\/uploads\/2022\/12\/320585294_5747990365239540_6119947519683788123_n-400x300.jpg 400w, https:\/\/www.liceulprometeuprotalent.md\/wp-content\/uploads\/2022\/12\/320585294_5747990365239540_6119947519683788123_n-600x450.jpg 600w, https:\/\/www.liceulprometeuprotalent.md\/wp-content\/uploads\/2022\/12\/320585294_5747990365239540_6119947519683788123_n-768x576.jpg 768w, https:\/\/www.liceulprometeuprotalent.md\/wp-content\/uploads\/2022\/12\/320585294_5747990365239540_6119947519683788123_n-800x600.jpg 800w, https:\/\/www.liceulprometeuprotalent.md\/wp-content\/uploads\/2022\/12\/320585294_5747990365239540_6119947519683788123_n.jpg 960w\" sizes=\"(max-width: 800px) 100vw, 800px\" \/><\/p>\n<p>&nbsp;<\/p>\n","protected":false},"excerpt":{"rendered":"<p>Ionu\u021b Dobzeu, elevul clasei a XI-a \u201e A\u201d de la \u00a0Liceul de Creativitate \u0219i Inventic\u0103 \u201ePrometeu-Protalent\u201d a ob\u021binut locul I, la categoria de v\u00e2rst\u0103 &#8211; tineri, \u00een cadrul Campionatului Republicii Moldova de Kickboxind, care a avut loc \u00een perioada 15-17 decembrie 2022, la Universitatea de Stat de Educa\u021bie Fizic\u0103 \u0219i Sport. Ionu\u021b practic\u0103 acest gen [&hellip;]<\/p>\n","protected":false},"author":1,"featured_media":6399,"comment_status":"open","ping_status":"open","sticky":false,"template":"","format":"standard","meta":{"_price":"","_stock":"","_tribe_ticket_header":"","_tribe_default_ticket_provider":"","_tribe_ticket_capacity":"0","_ticket_start_date":"","_ticket_end_date":"","_tribe_ticket_show_description":"","_tribe_ticket_show_not_going":false,"_tribe_ticket_use_global_stock":"","_tribe_ticket_global_stock_level":"","_global_stock_mode":"","_global_stock_cap":"","_tribe_rsvp_for_event":"","_tribe_ticket_going_count":"","_tribe_ticket_not_going_count":"","_tribe_tickets_list":"[]","_tribe_ticket_has_attendee_info_fields":false,"footnotes":""},"categories":[89,90,86,85,80,1],"tags":[],"class_list":["post-6398","post","type-post","status-publish","format-standard","has-post-thumbnail","hentry","category-blog","category-caleidoscopul-activitatilor-extrascolare","category-concursuri","category-olimpiade","category-toate-categoriile","category-uncategorized"],"_links":{"self":[{"href":"https:\/\/www.liceulprometeuprotalent.md\/index.php?rest_route=\/wp\/v2\/posts\/6398","targetHints":{"allow":["GET"]}}],"collection":[{"href":"https:\/\/www.liceulprometeuprotalent.md\/index.php?rest_route=\/wp\/v2\/posts"}],"about":[{"href":"https:\/\/www.liceulprometeuprotalent.md\/index.php?rest_route=\/wp\/v2\/types\/post"}],"author":[{"embeddable":true,"href":"https:\/\/www.liceulprometeuprotalent.md\/index.php?rest_route=\/wp\/v2\/users\/1"}],"replies":[{"embeddable":true,"href":"https:\/\/www.liceulprometeuprotalent.md\/index.php?rest_route=%2Fwp%2Fv2%2Fcomments&post=6398"}],"version-history":[{"count":3,"href":"https:\/\/www.liceulprometeuprotalent.md\/index.php?rest_route=\/wp\/v2\/posts\/6398\/revisions"}],"predecessor-version":[{"id":6404,"href":"https:\/\/www.liceulprometeuprotalent.md\/index.php?rest_route=\/wp\/v2\/posts\/6398\/revisions\/6404"}],"wp:featuredmedia":[{"embeddable":true,"href":"https:\/\/www.liceulprometeuprotalent.md\/index.php?rest_route=\/wp\/v2\/media\/6399"}],"wp:attachment":[{"href":"https:\/\/www.liceulprometeuprotalent.md\/index.php?rest_route=%2Fwp%2Fv2%2Fmedia&parent=6398"}],"wp:term":[{"taxonomy":"category","embeddable":true,"href":"https:\/\/www.liceulprometeuprotalent.md\/index.php?rest_route=%2Fwp%2Fv2%2Fcategories&post=6398"},{"taxonomy":"post_tag","embeddable":true,"href":"https:\/\/www.liceulprometeuprotalent.md\/index.php?rest_route=%2Fwp%2Fv2%2Ftags&post=6398"}],"curies":[{"name":"wp","href":"https:\/\/api.w.org\/{rel}","templated":true}]}}