{"id":7079,"date":"2023-10-10T06:59:01","date_gmt":"2023-10-10T06:59:01","guid":{"rendered":"https:\/\/www.liceulprometeuprotalent.md\/?p=7079"},"modified":"2023-10-10T06:59:01","modified_gmt":"2023-10-10T06:59:01","slug":"fotbalul-un-sport-popular-la-liceul-prometeu-protalent","status":"publish","type":"post","link":"https:\/\/www.liceulprometeuprotalent.md\/?p=7079","title":{"rendered":"Fotbalul &#8211; un sport popular la Liceul \u201ePrometeu-Protalent\u201d"},"content":{"rendered":"<p><span style=\"font-size: 14pt;\">\u00cen zilele de 26 \u0219i 27 septembrie 2023, la Liceul de Creativitate \u0219i Inventic\u0103 \u201ePrometeu-Protalent\u201d s-a desf\u0103\u0219urat campionatul intern la fotbal. Competi\u021bia a avut loc pe stadionul republican \u201eDinamo\u201d din Chi\u0219in\u0103u.<br \/>\n<\/span><span style=\"font-size: 14pt;\">\u00a0\u00a0\u00a0\u00a0\u00a0\u00a0\u00a0\u00a0\u00a0\u00a0\u00a0 \u00cen cadrul campionatului s-au remarcat echipele de fotbal din clasele a XI-a \u201eB\u201d, a IX-a \u201eA\u201d \u0219i a XII-a \u201eB\u201d, care s-au clasat respectiv pe locurile I, II \u0219i III.<br \/>\n<\/span><span style=\"font-size: 14pt;\">\u00a0\u00a0\u00a0\u00a0\u00a0\u00a0\u00a0\u00a0\u00a0\u00a0\u00a0 Bravo, dragi sportivi! Pasiunea pentru sport garanteaz\u0103 o via\u021b\u0103 activ\u0103 \u0219i s\u0103n\u0103toas\u0103!<br \/>\n<\/span><span style=\"font-size: 14pt;\">\u00a0\u00a0\u00a0\u00a0\u00a0\u00a0\u00a0\u00a0\u00a0\u00a0\u00a0 Felicit\u0103ri domnului Vasile Cupcea, profesor de educa\u021bie fizic\u0103, pentru dib\u0103cia de a mobiliza \u0219i antrena t\u00e2n\u0103ra genera\u021bie pentru practicarea sportului-rege!<br \/>\n<\/span><span style=\"font-size: 14pt;\">\u00a0\u00a0\u00a0\u00a0\u00a0\u00a0\u00a0\u00a0\u00a0\u00a0\u00a0 Mul\u021bumiri echipei manageriale, \u00een persoana doamnei Angela Lungu, director adjunct pentru educa\u021bie, profesoar\u0103 de limb\u0103 \u0219i literatura rom\u00e2n\u0103, care \u021bine s\u0103 traduc\u0103 \u00een via\u021ba elevilor dictonul latin \u00a0\u201eO minte\u00a0s\u0103n\u0103toas\u0103\u00a0&#8211;\u00a0\u00eentr-un corp s\u0103n\u0103tos!\u201d<\/span><\/p>\n<p><img decoding=\"async\" class=\"wp-image-7080 size-fusion-600 aligncenter\" src=\"https:\/\/www.liceulprometeuprotalent.md\/wp-content\/uploads\/2023\/10\/viber_image_2023-09-27_16-27-12-103-600x450.jpg\" alt=\"\" width=\"600\" height=\"450\" srcset=\"https:\/\/www.liceulprometeuprotalent.md\/wp-content\/uploads\/2023\/10\/viber_image_2023-09-27_16-27-12-103-200x150.jpg 200w, https:\/\/www.liceulprometeuprotalent.md\/wp-content\/uploads\/2023\/10\/viber_image_2023-09-27_16-27-12-103-300x225.jpg 300w, https:\/\/www.liceulprometeuprotalent.md\/wp-content\/uploads\/2023\/10\/viber_image_2023-09-27_16-27-12-103-400x300.jpg 400w, https:\/\/www.liceulprometeuprotalent.md\/wp-content\/uploads\/2023\/10\/viber_image_2023-09-27_16-27-12-103-600x450.jpg 600w, https:\/\/www.liceulprometeuprotalent.md\/wp-content\/uploads\/2023\/10\/viber_image_2023-09-27_16-27-12-103-768x576.jpg 768w, https:\/\/www.liceulprometeuprotalent.md\/wp-content\/uploads\/2023\/10\/viber_image_2023-09-27_16-27-12-103-800x600.jpg 800w, https:\/\/www.liceulprometeuprotalent.md\/wp-content\/uploads\/2023\/10\/viber_image_2023-09-27_16-27-12-103-1024x768.jpg 1024w, https:\/\/www.liceulprometeuprotalent.md\/wp-content\/uploads\/2023\/10\/viber_image_2023-09-27_16-27-12-103-1200x900.jpg 1200w, https:\/\/www.liceulprometeuprotalent.md\/wp-content\/uploads\/2023\/10\/viber_image_2023-09-27_16-27-12-103-1536x1152.jpg 1536w, https:\/\/www.liceulprometeuprotalent.md\/wp-content\/uploads\/2023\/10\/viber_image_2023-09-27_16-27-12-103.jpg 1600w\" sizes=\"(max-width: 600px) 100vw, 600px\" \/><\/p>\n","protected":false},"excerpt":{"rendered":"<p>\u00cen zilele de 26 \u0219i 27 septembrie 2023, la Liceul de Creativitate \u0219i Inventic\u0103 \u201ePrometeu-Protalent\u201d s-a desf\u0103\u0219urat campionatul intern la fotbal. Competi\u021bia a avut loc pe stadionul republican \u201eDinamo\u201d din Chi\u0219in\u0103u. \u00a0\u00a0\u00a0\u00a0\u00a0\u00a0\u00a0\u00a0\u00a0\u00a0\u00a0 \u00cen cadrul campionatului s-au remarcat echipele de fotbal din clasele a XI-a \u201eB\u201d, a IX-a \u201eA\u201d \u0219i a XII-a \u201eB\u201d, care s-au clasat [&hellip;]<\/p>\n","protected":false},"author":1,"featured_media":7080,"comment_status":"open","ping_status":"open","sticky":false,"template":"","format":"standard","meta":{"_price":"","_stock":"","_tribe_ticket_header":"","_tribe_default_ticket_provider":"","_tribe_ticket_capacity":"0","_ticket_start_date":"","_ticket_end_date":"","_tribe_ticket_show_description":"","_tribe_ticket_show_not_going":false,"_tribe_ticket_use_global_stock":"","_tribe_ticket_global_stock_level":"","_global_stock_mode":"","_global_stock_cap":"","_tribe_rsvp_for_event":"","_tribe_ticket_going_count":"","_tribe_ticket_not_going_count":"","_tribe_tickets_list":"[]","_tribe_ticket_has_attendee_info_fields":false,"footnotes":""},"categories":[89,90,88,80,1],"tags":[],"class_list":["post-7079","post","type-post","status-publish","format-standard","has-post-thumbnail","hentry","category-blog","category-caleidoscopul-activitatilor-extrascolare","category-festivitati","category-toate-categoriile","category-uncategorized"],"_links":{"self":[{"href":"https:\/\/www.liceulprometeuprotalent.md\/index.php?rest_route=\/wp\/v2\/posts\/7079","targetHints":{"allow":["GET"]}}],"collection":[{"href":"https:\/\/www.liceulprometeuprotalent.md\/index.php?rest_route=\/wp\/v2\/posts"}],"about":[{"href":"https:\/\/www.liceulprometeuprotalent.md\/index.php?rest_route=\/wp\/v2\/types\/post"}],"author":[{"embeddable":true,"href":"https:\/\/www.liceulprometeuprotalent.md\/index.php?rest_route=\/wp\/v2\/users\/1"}],"replies":[{"embeddable":true,"href":"https:\/\/www.liceulprometeuprotalent.md\/index.php?rest_route=%2Fwp%2Fv2%2Fcomments&post=7079"}],"version-history":[{"count":2,"href":"https:\/\/www.liceulprometeuprotalent.md\/index.php?rest_route=\/wp\/v2\/posts\/7079\/revisions"}],"predecessor-version":[{"id":7083,"href":"https:\/\/www.liceulprometeuprotalent.md\/index.php?rest_route=\/wp\/v2\/posts\/7079\/revisions\/7083"}],"wp:featuredmedia":[{"embeddable":true,"href":"https:\/\/www.liceulprometeuprotalent.md\/index.php?rest_route=\/wp\/v2\/media\/7080"}],"wp:attachment":[{"href":"https:\/\/www.liceulprometeuprotalent.md\/index.php?rest_route=%2Fwp%2Fv2%2Fmedia&parent=7079"}],"wp:term":[{"taxonomy":"category","embeddable":true,"href":"https:\/\/www.liceulprometeuprotalent.md\/index.php?rest_route=%2Fwp%2Fv2%2Fcategories&post=7079"},{"taxonomy":"post_tag","embeddable":true,"href":"https:\/\/www.liceulprometeuprotalent.md\/index.php?rest_route=%2Fwp%2Fv2%2Ftags&post=7079"}],"curies":[{"name":"wp","href":"https:\/\/api.w.org\/{rel}","templated":true}]}}