{"id":7084,"date":"2023-10-10T07:04:59","date_gmt":"2023-10-10T07:04:59","guid":{"rendered":"https:\/\/www.liceulprometeuprotalent.md\/?p=7084"},"modified":"2023-10-11T09:58:14","modified_gmt":"2023-10-11T09:58:14","slug":"profesorii-sunt-divini","status":"publish","type":"post","link":"https:\/\/www.liceulprometeuprotalent.md\/?p=7084","title":{"rendered":"\u201eProfesorii sunt divini\u201d"},"content":{"rendered":"<p><span style=\"font-size: 14pt;\">\u201eProfesorii sunt divini\u201d a fost titlul spectacolului prezentat de elevii Liceului de Creativitate \u0219i Inventic\u0103 \u201ePrometeu-Protalent\u201d \u00een ziua de 5 octombrie 2023 &#8211; Ziua Mondial\u0103 a Educa\u021biei \u0219i Ziua Profesorului. Spectacolul, variat \u0219i complex, s-a constituit \u00eentr-un pios \u0219i emo\u021bionant omagiu, adus tuturor cadrelor didactice de c\u0103tre \u00eenv\u0103\u021b\u0103ceii lor.<\/span><br \/>\n<span style=\"font-size: 14pt;\">\u00cen cadrul spectacolului, au fost c\u00e2ntate cele mai frumoase c\u00e2ntece \u0219i au fost recitate cele mai inspirate poezii. Elevii au dansat cele mai gra\u021bioase dansuri \u0219i au dramatizat cele mai semnificative legende \u0219i povestiri despre profesori &#8211; manifest\u0103ri care au scos \u00een eviden\u021b\u0103 nu doar aptitudinile artistice ale copiilor, dar \u0219i dragostea, pre\u021buirea \u0219i respectul lor fa\u021b\u0103 de cei care, vorba c\u00e2ntecului, \u201eau ars ca \u00een v\u0103p\u0103i, s\u0103-mi d\u0103ruie lumin\u0103\u201d.<\/span><br \/>\n<span style=\"font-size: 14pt;\">Au creat \u0219i colorat atmosfera de vis a spectacolului preponderent elevii claselor I, a II-a, a IV-a \u0219i a XII-a, fiind sus\u021binu\u021bi de ansamblurile Liceului: \u201eMugura\u0219ii\u201d (fluiera\u0219ii claselor I, conduc\u0103tor artistic &#8211; Valeriu Mereu\u021b\u0103, profesor de educa\u021bie muzical\u0103), corul de copii (clasele I, conduc\u0103tor artistic &#8211; Ala Mereu\u021b\u0103, profesoar\u0103 de educa\u021bie muzical\u0103), \u201ePrometeu\u201d (conduc\u0103tor artistic \u2013 Veaceslav Adam, profesor de educa\u021bie muzical\u0103), Grupul de dans (conduc\u0103tor artistic &#8211; Nicoleta Ganea, actri\u021b\u0103). Emo\u021bii palpitante au trezit spectatorilor dramatiz\u0103rile \u201eLegenda dasc\u0103lului\u201d (elevii claselor I) \u0219i \u201eF\u0103uritorii de \u0219coli\u201d de Aurelian Silvestru, directorul-fondator al Liceului (elevii claselor a II-a), conduc\u0103tor artistic Diana Decusear\u0103-Onic\u0103, artist\u0103 emerit\u0103.<\/span><br \/>\n<span style=\"font-size: 14pt;\">Un moment sublim a reu\u0219it s\u0103 ofere iubi\u021bilor \u00eenv\u0103\u021b\u0103tori Vitalia Butucel din clasa a VII-a \u201eC\u201d. Ea a recitat cu deosebit\u0103 sensibilitate poezia \u201eRug\u0103 de sear\u0103\u201d de Leonida Lari, iar elevii, dansatori profesioni\u0219ti au impresionat publicul prin delicate\u021be, m\u0103iestrie, plasticitate \u0219i elegan\u021b\u0103. Numele lor sunt: Beatrice Sava, elev\u0103 \u00een clasa a II-a, Iacub Melissa, clasa a VIII-,,A\u201d, \u0219i Suruceanu Constantin, clasa a IX-a, de\u021bin\u0103tori a numeroase premii na\u021bionale \u0219i interna\u021bionale. <\/span><br \/>\n<span style=\"font-size: 14pt;\">O \u021binut\u0103 de prezentatori \u0219i animatori impecabili au conferit evenimentului elevii clasei a XII-a &#8211; Daria Mardare, Ionu\u021b Dobzeu, M\u0103d\u0103lina Postic\u0103 \u0219i Vlad Dogot.<\/span><br \/>\n<span style=\"font-size: 14pt;\">Bravo, dragi elevi! Prin spectacolul vostru a\u021bi demonstrat dragostea, considera\u021bia, pre\u021buirea \u0219i gratitudinea pe care o purta\u021bi scumpilor dasc\u0103li, care, a\u0219a cum a spus scriitorul, pedagogul \u0219i psihologul Aurelian Silvestru, \u201eProfesorii au stof\u0103 de sfin\u021bi &#8211; o stof\u0103 care nu se vinde nic\u0103ieri. Te na\u0219ti cu ea.&#8221;<\/span><br \/>\n<span style=\"font-size: 14pt;\">Mul\u021bumiri alese \u0219i sincere aprecieri adres\u0103m doamnei Angela Lungu, profesoar\u0103 de limba \u0219i literatura rom\u00e2n\u0103, director adjunct pentru educa\u021bie (treapta gimnazial\u0103 \u0219i liceal\u0103) \u0219i doamnei Cristina Brunchi, \u00eenv\u0103\u021b\u0103toare, director adjunct pentru educa\u021bie (treapta primar\u0103), care au diriguit acest \u00eenduio\u0219\u0103tor \u0219i frumos spectacol.<\/span><\/p>\n<p style=\"text-align: center;\">\u00a0<img decoding=\"async\" class=\"alignnone wp-image-7086 size-fusion-400\" src=\"https:\/\/www.liceulprometeuprotalent.md\/wp-content\/uploads\/2023\/10\/IMG_4421-400x300.jpg\" alt=\"\" width=\"400\" height=\"300\" srcset=\"https:\/\/www.liceulprometeuprotalent.md\/wp-content\/uploads\/2023\/10\/IMG_4421-200x150.jpg 200w, https:\/\/www.liceulprometeuprotalent.md\/wp-content\/uploads\/2023\/10\/IMG_4421-300x225.jpg 300w, https:\/\/www.liceulprometeuprotalent.md\/wp-content\/uploads\/2023\/10\/IMG_4421-400x300.jpg 400w, https:\/\/www.liceulprometeuprotalent.md\/wp-content\/uploads\/2023\/10\/IMG_4421-600x450.jpg 600w, https:\/\/www.liceulprometeuprotalent.md\/wp-content\/uploads\/2023\/10\/IMG_4421-768x576.jpg 768w, https:\/\/www.liceulprometeuprotalent.md\/wp-content\/uploads\/2023\/10\/IMG_4421-800x600.jpg 800w, https:\/\/www.liceulprometeuprotalent.md\/wp-content\/uploads\/2023\/10\/IMG_4421-1024x768.jpg 1024w, https:\/\/www.liceulprometeuprotalent.md\/wp-content\/uploads\/2023\/10\/IMG_4421-1200x900.jpg 1200w, https:\/\/www.liceulprometeuprotalent.md\/wp-content\/uploads\/2023\/10\/IMG_4421-1536x1152.jpg 1536w\" sizes=\"(max-width: 400px) 100vw, 400px\" \/>\u00a0 \u00a0 <img decoding=\"async\" class=\"alignnone wp-image-7087 size-fusion-400\" src=\"https:\/\/www.liceulprometeuprotalent.md\/wp-content\/uploads\/2023\/10\/IMG_4415-400x300.jpg\" alt=\"\" width=\"400\" height=\"300\" srcset=\"https:\/\/www.liceulprometeuprotalent.md\/wp-content\/uploads\/2023\/10\/IMG_4415-200x150.jpg 200w, https:\/\/www.liceulprometeuprotalent.md\/wp-content\/uploads\/2023\/10\/IMG_4415-300x225.jpg 300w, https:\/\/www.liceulprometeuprotalent.md\/wp-content\/uploads\/2023\/10\/IMG_4415-400x300.jpg 400w, https:\/\/www.liceulprometeuprotalent.md\/wp-content\/uploads\/2023\/10\/IMG_4415-600x450.jpg 600w, https:\/\/www.liceulprometeuprotalent.md\/wp-content\/uploads\/2023\/10\/IMG_4415-768x576.jpg 768w, https:\/\/www.liceulprometeuprotalent.md\/wp-content\/uploads\/2023\/10\/IMG_4415-800x600.jpg 800w, https:\/\/www.liceulprometeuprotalent.md\/wp-content\/uploads\/2023\/10\/IMG_4415-1024x768.jpg 1024w, https:\/\/www.liceulprometeuprotalent.md\/wp-content\/uploads\/2023\/10\/IMG_4415-1200x900.jpg 1200w, https:\/\/www.liceulprometeuprotalent.md\/wp-content\/uploads\/2023\/10\/IMG_4415-1536x1152.jpg 1536w\" sizes=\"(max-width: 400px) 100vw, 400px\" \/><\/p>\n<p style=\"text-align: center;\"><img decoding=\"async\" class=\"alignnone wp-image-7088 size-fusion-400\" src=\"https:\/\/www.liceulprometeuprotalent.md\/wp-content\/uploads\/2023\/10\/IMG_4382-400x300.jpg\" alt=\"\" width=\"400\" height=\"300\" srcset=\"https:\/\/www.liceulprometeuprotalent.md\/wp-content\/uploads\/2023\/10\/IMG_4382-200x150.jpg 200w, https:\/\/www.liceulprometeuprotalent.md\/wp-content\/uploads\/2023\/10\/IMG_4382-300x225.jpg 300w, https:\/\/www.liceulprometeuprotalent.md\/wp-content\/uploads\/2023\/10\/IMG_4382-400x300.jpg 400w, https:\/\/www.liceulprometeuprotalent.md\/wp-content\/uploads\/2023\/10\/IMG_4382-600x450.jpg 600w, https:\/\/www.liceulprometeuprotalent.md\/wp-content\/uploads\/2023\/10\/IMG_4382-768x576.jpg 768w, https:\/\/www.liceulprometeuprotalent.md\/wp-content\/uploads\/2023\/10\/IMG_4382-800x600.jpg 800w, https:\/\/www.liceulprometeuprotalent.md\/wp-content\/uploads\/2023\/10\/IMG_4382-1024x768.jpg 1024w, https:\/\/www.liceulprometeuprotalent.md\/wp-content\/uploads\/2023\/10\/IMG_4382-1200x900.jpg 1200w, https:\/\/www.liceulprometeuprotalent.md\/wp-content\/uploads\/2023\/10\/IMG_4382-1536x1152.jpg 1536w\" sizes=\"(max-width: 400px) 100vw, 400px\" \/> \u00a0 <img decoding=\"async\" class=\"alignnone wp-image-7089 size-fusion-400\" src=\"https:\/\/www.liceulprometeuprotalent.md\/wp-content\/uploads\/2023\/10\/IMG_4344-400x300.jpg\" alt=\"\" width=\"400\" height=\"300\" srcset=\"https:\/\/www.liceulprometeuprotalent.md\/wp-content\/uploads\/2023\/10\/IMG_4344-200x150.jpg 200w, https:\/\/www.liceulprometeuprotalent.md\/wp-content\/uploads\/2023\/10\/IMG_4344-300x225.jpg 300w, https:\/\/www.liceulprometeuprotalent.md\/wp-content\/uploads\/2023\/10\/IMG_4344-400x300.jpg 400w, https:\/\/www.liceulprometeuprotalent.md\/wp-content\/uploads\/2023\/10\/IMG_4344-600x450.jpg 600w, https:\/\/www.liceulprometeuprotalent.md\/wp-content\/uploads\/2023\/10\/IMG_4344-768x576.jpg 768w, https:\/\/www.liceulprometeuprotalent.md\/wp-content\/uploads\/2023\/10\/IMG_4344-800x600.jpg 800w, https:\/\/www.liceulprometeuprotalent.md\/wp-content\/uploads\/2023\/10\/IMG_4344-1024x768.jpg 1024w, https:\/\/www.liceulprometeuprotalent.md\/wp-content\/uploads\/2023\/10\/IMG_4344-1200x900.jpg 1200w, https:\/\/www.liceulprometeuprotalent.md\/wp-content\/uploads\/2023\/10\/IMG_4344-1536x1152.jpg 1536w\" sizes=\"(max-width: 400px) 100vw, 400px\" \/><\/p>\n<p style=\"text-align: center;\"><img decoding=\"async\" class=\"alignnone wp-image-7090 size-fusion-400\" src=\"https:\/\/www.liceulprometeuprotalent.md\/wp-content\/uploads\/2023\/10\/IMG_4343-400x300.jpg\" alt=\"\" width=\"400\" height=\"300\" srcset=\"https:\/\/www.liceulprometeuprotalent.md\/wp-content\/uploads\/2023\/10\/IMG_4343-200x150.jpg 200w, https:\/\/www.liceulprometeuprotalent.md\/wp-content\/uploads\/2023\/10\/IMG_4343-300x225.jpg 300w, https:\/\/www.liceulprometeuprotalent.md\/wp-content\/uploads\/2023\/10\/IMG_4343-400x300.jpg 400w, https:\/\/www.liceulprometeuprotalent.md\/wp-content\/uploads\/2023\/10\/IMG_4343-600x450.jpg 600w, https:\/\/www.liceulprometeuprotalent.md\/wp-content\/uploads\/2023\/10\/IMG_4343-768x576.jpg 768w, https:\/\/www.liceulprometeuprotalent.md\/wp-content\/uploads\/2023\/10\/IMG_4343-800x600.jpg 800w, https:\/\/www.liceulprometeuprotalent.md\/wp-content\/uploads\/2023\/10\/IMG_4343-1024x768.jpg 1024w, https:\/\/www.liceulprometeuprotalent.md\/wp-content\/uploads\/2023\/10\/IMG_4343-1200x900.jpg 1200w, https:\/\/www.liceulprometeuprotalent.md\/wp-content\/uploads\/2023\/10\/IMG_4343-1536x1152.jpg 1536w\" sizes=\"(max-width: 400px) 100vw, 400px\" \/> \u00a0 <img decoding=\"async\" class=\"alignnone wp-image-7091 size-fusion-400\" src=\"https:\/\/www.liceulprometeuprotalent.md\/wp-content\/uploads\/2023\/10\/IMG_4339-400x300.jpg\" alt=\"\" width=\"400\" height=\"300\" srcset=\"https:\/\/www.liceulprometeuprotalent.md\/wp-content\/uploads\/2023\/10\/IMG_4339-200x150.jpg 200w, https:\/\/www.liceulprometeuprotalent.md\/wp-content\/uploads\/2023\/10\/IMG_4339-300x225.jpg 300w, https:\/\/www.liceulprometeuprotalent.md\/wp-content\/uploads\/2023\/10\/IMG_4339-400x300.jpg 400w, https:\/\/www.liceulprometeuprotalent.md\/wp-content\/uploads\/2023\/10\/IMG_4339-600x450.jpg 600w, https:\/\/www.liceulprometeuprotalent.md\/wp-content\/uploads\/2023\/10\/IMG_4339-768x576.jpg 768w, https:\/\/www.liceulprometeuprotalent.md\/wp-content\/uploads\/2023\/10\/IMG_4339-800x600.jpg 800w, https:\/\/www.liceulprometeuprotalent.md\/wp-content\/uploads\/2023\/10\/IMG_4339-1024x768.jpg 1024w, https:\/\/www.liceulprometeuprotalent.md\/wp-content\/uploads\/2023\/10\/IMG_4339-1200x900.jpg 1200w, https:\/\/www.liceulprometeuprotalent.md\/wp-content\/uploads\/2023\/10\/IMG_4339-1536x1152.jpg 1536w\" sizes=\"(max-width: 400px) 100vw, 400px\" \/><img decoding=\"async\" class=\"alignnone wp-image-7085 size-fusion-800\" src=\"https:\/\/www.liceulprometeuprotalent.md\/wp-content\/uploads\/2023\/10\/IMG_4430-800x1067.jpg\" alt=\"\" width=\"800\" height=\"1067\" srcset=\"https:\/\/www.liceulprometeuprotalent.md\/wp-content\/uploads\/2023\/10\/IMG_4430-200x267.jpg 200w, https:\/\/www.liceulprometeuprotalent.md\/wp-content\/uploads\/2023\/10\/IMG_4430-225x300.jpg 225w, https:\/\/www.liceulprometeuprotalent.md\/wp-content\/uploads\/2023\/10\/IMG_4430-400x533.jpg 400w, https:\/\/www.liceulprometeuprotalent.md\/wp-content\/uploads\/2023\/10\/IMG_4430-600x800.jpg 600w, https:\/\/www.liceulprometeuprotalent.md\/wp-content\/uploads\/2023\/10\/IMG_4430-768x1024.jpg 768w, https:\/\/www.liceulprometeuprotalent.md\/wp-content\/uploads\/2023\/10\/IMG_4430-800x1067.jpg 800w, https:\/\/www.liceulprometeuprotalent.md\/wp-content\/uploads\/2023\/10\/IMG_4430-1152x1536.jpg 1152w, https:\/\/www.liceulprometeuprotalent.md\/wp-content\/uploads\/2023\/10\/IMG_4430-1200x1600.jpg 1200w, https:\/\/www.liceulprometeuprotalent.md\/wp-content\/uploads\/2023\/10\/IMG_4430-1536x2048.jpg 1536w, https:\/\/www.liceulprometeuprotalent.md\/wp-content\/uploads\/2023\/10\/IMG_4430-scaled.jpg 1920w\" sizes=\"(max-width: 800px) 100vw, 800px\" \/><\/p>\n","protected":false},"excerpt":{"rendered":"<p>\u201eProfesorii sunt divini\u201d a fost titlul spectacolului prezentat de elevii Liceului de Creativitate \u0219i Inventic\u0103 \u201ePrometeu-Protalent\u201d \u00een ziua de 5 octombrie 2023 &#8211; Ziua Mondial\u0103 a Educa\u021biei \u0219i Ziua Profesorului. Spectacolul, variat \u0219i complex, s-a constituit \u00eentr-un pios \u0219i emo\u021bionant omagiu, adus tuturor cadrelor didactice de c\u0103tre \u00eenv\u0103\u021b\u0103ceii lor. \u00cen cadrul spectacolului, au fost c\u00e2ntate [&hellip;]<\/p>\n","protected":false},"author":1,"featured_media":7091,"comment_status":"open","ping_status":"open","sticky":false,"template":"","format":"standard","meta":{"_price":"","_stock":"","_tribe_ticket_header":"","_tribe_default_ticket_provider":"","_tribe_ticket_capacity":"0","_ticket_start_date":"","_ticket_end_date":"","_tribe_ticket_show_description":"","_tribe_ticket_show_not_going":false,"_tribe_ticket_use_global_stock":"","_tribe_ticket_global_stock_level":"","_global_stock_mode":"","_global_stock_cap":"","_tribe_rsvp_for_event":"","_tribe_ticket_going_count":"","_tribe_ticket_not_going_count":"","_tribe_tickets_list":"[]","_tribe_ticket_has_attendee_info_fields":false,"footnotes":""},"categories":[89,90,86,88,80,1],"tags":[],"class_list":["post-7084","post","type-post","status-publish","format-standard","has-post-thumbnail","hentry","category-blog","category-caleidoscopul-activitatilor-extrascolare","category-concursuri","category-festivitati","category-toate-categoriile","category-uncategorized"],"_links":{"self":[{"href":"https:\/\/www.liceulprometeuprotalent.md\/index.php?rest_route=\/wp\/v2\/posts\/7084","targetHints":{"allow":["GET"]}}],"collection":[{"href":"https:\/\/www.liceulprometeuprotalent.md\/index.php?rest_route=\/wp\/v2\/posts"}],"about":[{"href":"https:\/\/www.liceulprometeuprotalent.md\/index.php?rest_route=\/wp\/v2\/types\/post"}],"author":[{"embeddable":true,"href":"https:\/\/www.liceulprometeuprotalent.md\/index.php?rest_route=\/wp\/v2\/users\/1"}],"replies":[{"embeddable":true,"href":"https:\/\/www.liceulprometeuprotalent.md\/index.php?rest_route=%2Fwp%2Fv2%2Fcomments&post=7084"}],"version-history":[{"count":4,"href":"https:\/\/www.liceulprometeuprotalent.md\/index.php?rest_route=\/wp\/v2\/posts\/7084\/revisions"}],"predecessor-version":[{"id":7113,"href":"https:\/\/www.liceulprometeuprotalent.md\/index.php?rest_route=\/wp\/v2\/posts\/7084\/revisions\/7113"}],"wp:featuredmedia":[{"embeddable":true,"href":"https:\/\/www.liceulprometeuprotalent.md\/index.php?rest_route=\/wp\/v2\/media\/7091"}],"wp:attachment":[{"href":"https:\/\/www.liceulprometeuprotalent.md\/index.php?rest_route=%2Fwp%2Fv2%2Fmedia&parent=7084"}],"wp:term":[{"taxonomy":"category","embeddable":true,"href":"https:\/\/www.liceulprometeuprotalent.md\/index.php?rest_route=%2Fwp%2Fv2%2Fcategories&post=7084"},{"taxonomy":"post_tag","embeddable":true,"href":"https:\/\/www.liceulprometeuprotalent.md\/index.php?rest_route=%2Fwp%2Fv2%2Ftags&post=7084"}],"curies":[{"name":"wp","href":"https:\/\/api.w.org\/{rel}","templated":true}]}}