{"id":7095,"date":"2023-10-10T07:09:52","date_gmt":"2023-10-10T07:09:52","guid":{"rendered":"https:\/\/www.liceulprometeuprotalent.md\/?p=7095"},"modified":"2023-10-10T07:10:37","modified_gmt":"2023-10-10T07:10:37","slug":"o-traditie-sanatoasa","status":"publish","type":"post","link":"https:\/\/www.liceulprometeuprotalent.md\/?p=7095","title":{"rendered":"O tradi\u021bie \u201es\u0103n\u0103toas\u0103\u201d"},"content":{"rendered":"<p><span style=\"font-size: 14pt;\">Evenimentul special \u201eEnergizare prin vitaminizare\u201d, care are loc \u00een fiecare toamn\u0103 la Liceul de Creativitate \u0219i Inventic\u0103 \u201ePrometeu-Protalent\u201d, tinde s\u0103 devin\u0103 o tradi\u021bie \u201es\u0103n\u0103toas\u0103\u201d. Ca \u0219i anul trecut, la pauza mare, \u00een ziua de 29 septembrie 2023, Consiliul elevilor a invitat colegii din Liceu la o gustare delicioas\u0103 de fructe \u0219i legume proaspete cu numele deja cunoscut \u201eEnergizare prin vitaminizare\u201d. Prin aceast\u0103 activitate, ei \u00ee\u0219i doresc s\u0103 schimbe regulile, opt\u00e2nd pentru o alimenta\u021bie echilibrat\u0103 \u0219i pentru alegeri inteligente ce vizeaz\u0103 s\u0103n\u0103tatea lor.<\/span><\/p>\n<p><span style=\"font-size: 14pt;\">\u00a0\u00a0\u00a0\u00a0\u00a0\u00a0\u00a0\u00a0\u00a0\u00a0\u00a0 \u00cen acest scop, elevii de la clasele preg\u0103titoare p\u00e2n\u0103 la clasele a dou\u0103sprezecea au savurat \u00eempreun\u0103 darurile naturii, reiter\u00e2nd semnifica\u021bia vitaminelor pentru s\u0103n\u0103tatea uman\u0103 \u0219i \u00eencuraj\u00e2ndu-se unii pe al\u021bii s\u0103 adopte modul s\u0103n\u0103tos de via\u021b\u0103.<\/span><\/p>\n<p><span style=\"font-size: 14pt;\">\u00a0\u00a0\u00a0\u00a0\u00a0\u00a0\u00a0\u00a0\u00a0\u00a0\u00a0 Amintim c\u0103 evenimentul \u201eEnergizare prin vitaminizare\u201d a fost ini\u021biat de doamna Angela Lungu, profesoar\u0103 de limb\u0103 \u0219i literatura rom\u00e2n\u0103, director adjunct pentru educa\u021bie.<\/span><\/p>\n<p style=\"text-align: center;\"><img decoding=\"async\" class=\"alignnone wp-image-7098 size-fusion-400\" src=\"https:\/\/www.liceulprometeuprotalent.md\/wp-content\/uploads\/2023\/10\/viber_image_2023-10-08_20-08-06-379-400x300.jpg\" alt=\"\" width=\"400\" height=\"300\" srcset=\"https:\/\/www.liceulprometeuprotalent.md\/wp-content\/uploads\/2023\/10\/viber_image_2023-10-08_20-08-06-379-200x150.jpg 200w, https:\/\/www.liceulprometeuprotalent.md\/wp-content\/uploads\/2023\/10\/viber_image_2023-10-08_20-08-06-379-300x225.jpg 300w, https:\/\/www.liceulprometeuprotalent.md\/wp-content\/uploads\/2023\/10\/viber_image_2023-10-08_20-08-06-379-400x300.jpg 400w, https:\/\/www.liceulprometeuprotalent.md\/wp-content\/uploads\/2023\/10\/viber_image_2023-10-08_20-08-06-379-600x450.jpg 600w, https:\/\/www.liceulprometeuprotalent.md\/wp-content\/uploads\/2023\/10\/viber_image_2023-10-08_20-08-06-379-768x576.jpg 768w, https:\/\/www.liceulprometeuprotalent.md\/wp-content\/uploads\/2023\/10\/viber_image_2023-10-08_20-08-06-379-800x600.jpg 800w, https:\/\/www.liceulprometeuprotalent.md\/wp-content\/uploads\/2023\/10\/viber_image_2023-10-08_20-08-06-379-1024x768.jpg 1024w, https:\/\/www.liceulprometeuprotalent.md\/wp-content\/uploads\/2023\/10\/viber_image_2023-10-08_20-08-06-379-1200x900.jpg 1200w, https:\/\/www.liceulprometeuprotalent.md\/wp-content\/uploads\/2023\/10\/viber_image_2023-10-08_20-08-06-379.jpg 1280w\" sizes=\"(max-width: 400px) 100vw, 400px\" \/> \u00a0<img decoding=\"async\" class=\"alignnone wp-image-7099 size-fusion-400\" src=\"https:\/\/www.liceulprometeuprotalent.md\/wp-content\/uploads\/2023\/10\/viber_image_2023-10-08_20-07-06-869-400x300.jpg\" alt=\"\" width=\"400\" height=\"300\" srcset=\"https:\/\/www.liceulprometeuprotalent.md\/wp-content\/uploads\/2023\/10\/viber_image_2023-10-08_20-07-06-869-200x150.jpg 200w, https:\/\/www.liceulprometeuprotalent.md\/wp-content\/uploads\/2023\/10\/viber_image_2023-10-08_20-07-06-869-300x225.jpg 300w, https:\/\/www.liceulprometeuprotalent.md\/wp-content\/uploads\/2023\/10\/viber_image_2023-10-08_20-07-06-869-400x300.jpg 400w, https:\/\/www.liceulprometeuprotalent.md\/wp-content\/uploads\/2023\/10\/viber_image_2023-10-08_20-07-06-869-600x450.jpg 600w, https:\/\/www.liceulprometeuprotalent.md\/wp-content\/uploads\/2023\/10\/viber_image_2023-10-08_20-07-06-869-768x576.jpg 768w, https:\/\/www.liceulprometeuprotalent.md\/wp-content\/uploads\/2023\/10\/viber_image_2023-10-08_20-07-06-869-800x600.jpg 800w, https:\/\/www.liceulprometeuprotalent.md\/wp-content\/uploads\/2023\/10\/viber_image_2023-10-08_20-07-06-869-1024x768.jpg 1024w, https:\/\/www.liceulprometeuprotalent.md\/wp-content\/uploads\/2023\/10\/viber_image_2023-10-08_20-07-06-869-1200x900.jpg 1200w, https:\/\/www.liceulprometeuprotalent.md\/wp-content\/uploads\/2023\/10\/viber_image_2023-10-08_20-07-06-869-1536x1152.jpg 1536w, https:\/\/www.liceulprometeuprotalent.md\/wp-content\/uploads\/2023\/10\/viber_image_2023-10-08_20-07-06-869.jpg 1600w\" sizes=\"(max-width: 400px) 100vw, 400px\" \/><img decoding=\"async\" class=\"alignnone wp-image-7097 size-fusion-800\" src=\"https:\/\/www.liceulprometeuprotalent.md\/wp-content\/uploads\/2023\/10\/viber_image_2023-10-08_20-08-15-462-800x370.jpg\" alt=\"\" width=\"800\" height=\"370\" srcset=\"https:\/\/www.liceulprometeuprotalent.md\/wp-content\/uploads\/2023\/10\/viber_image_2023-10-08_20-08-15-462-200x92.jpg 200w, https:\/\/www.liceulprometeuprotalent.md\/wp-content\/uploads\/2023\/10\/viber_image_2023-10-08_20-08-15-462-300x139.jpg 300w, https:\/\/www.liceulprometeuprotalent.md\/wp-content\/uploads\/2023\/10\/viber_image_2023-10-08_20-08-15-462-400x185.jpg 400w, https:\/\/www.liceulprometeuprotalent.md\/wp-content\/uploads\/2023\/10\/viber_image_2023-10-08_20-08-15-462-600x277.jpg 600w, https:\/\/www.liceulprometeuprotalent.md\/wp-content\/uploads\/2023\/10\/viber_image_2023-10-08_20-08-15-462-768x355.jpg 768w, https:\/\/www.liceulprometeuprotalent.md\/wp-content\/uploads\/2023\/10\/viber_image_2023-10-08_20-08-15-462-800x370.jpg 800w, https:\/\/www.liceulprometeuprotalent.md\/wp-content\/uploads\/2023\/10\/viber_image_2023-10-08_20-08-15-462-1024x473.jpg 1024w, https:\/\/www.liceulprometeuprotalent.md\/wp-content\/uploads\/2023\/10\/viber_image_2023-10-08_20-08-15-462-1200x554.jpg 1200w, https:\/\/www.liceulprometeuprotalent.md\/wp-content\/uploads\/2023\/10\/viber_image_2023-10-08_20-08-15-462-1536x709.jpg 1536w, https:\/\/www.liceulprometeuprotalent.md\/wp-content\/uploads\/2023\/10\/viber_image_2023-10-08_20-08-15-462.jpg 1600w\" sizes=\"(max-width: 800px) 100vw, 800px\" \/><\/p>\n<p><img decoding=\"async\" class=\"alignnone wp-image-7096 size-fusion-800 aligncenter\" src=\"https:\/\/www.liceulprometeuprotalent.md\/wp-content\/uploads\/2023\/10\/viber_image_2023-10-08_20-08-38-617-800x1067.jpg\" alt=\"\" width=\"800\" height=\"1067\" srcset=\"https:\/\/www.liceulprometeuprotalent.md\/wp-content\/uploads\/2023\/10\/viber_image_2023-10-08_20-08-38-617-200x267.jpg 200w, https:\/\/www.liceulprometeuprotalent.md\/wp-content\/uploads\/2023\/10\/viber_image_2023-10-08_20-08-38-617-225x300.jpg 225w, https:\/\/www.liceulprometeuprotalent.md\/wp-content\/uploads\/2023\/10\/viber_image_2023-10-08_20-08-38-617-400x533.jpg 400w, https:\/\/www.liceulprometeuprotalent.md\/wp-content\/uploads\/2023\/10\/viber_image_2023-10-08_20-08-38-617-600x800.jpg 600w, https:\/\/www.liceulprometeuprotalent.md\/wp-content\/uploads\/2023\/10\/viber_image_2023-10-08_20-08-38-617-768x1024.jpg 768w, https:\/\/www.liceulprometeuprotalent.md\/wp-content\/uploads\/2023\/10\/viber_image_2023-10-08_20-08-38-617-800x1067.jpg 800w, https:\/\/www.liceulprometeuprotalent.md\/wp-content\/uploads\/2023\/10\/viber_image_2023-10-08_20-08-38-617-1152x1536.jpg 1152w, https:\/\/www.liceulprometeuprotalent.md\/wp-content\/uploads\/2023\/10\/viber_image_2023-10-08_20-08-38-617.jpg 1200w\" sizes=\"(max-width: 800px) 100vw, 800px\" \/><\/p>\n","protected":false},"excerpt":{"rendered":"<p>Evenimentul special \u201eEnergizare prin vitaminizare\u201d, care are loc \u00een fiecare toamn\u0103 la Liceul de Creativitate \u0219i Inventic\u0103 \u201ePrometeu-Protalent\u201d, tinde s\u0103 devin\u0103 o tradi\u021bie \u201es\u0103n\u0103toas\u0103\u201d. Ca \u0219i anul trecut, la pauza mare, \u00een ziua de 29 septembrie 2023, Consiliul elevilor a invitat colegii din Liceu la o gustare delicioas\u0103 de fructe \u0219i legume proaspete cu numele [&hellip;]<\/p>\n","protected":false},"author":1,"featured_media":7097,"comment_status":"open","ping_status":"open","sticky":false,"template":"","format":"standard","meta":{"_price":"","_stock":"","_tribe_ticket_header":"","_tribe_default_ticket_provider":"","_tribe_ticket_capacity":"0","_ticket_start_date":"","_ticket_end_date":"","_tribe_ticket_show_description":"","_tribe_ticket_show_not_going":false,"_tribe_ticket_use_global_stock":"","_tribe_ticket_global_stock_level":"","_global_stock_mode":"","_global_stock_cap":"","_tribe_rsvp_for_event":"","_tribe_ticket_going_count":"","_tribe_ticket_not_going_count":"","_tribe_tickets_list":"[]","_tribe_ticket_has_attendee_info_fields":false,"footnotes":""},"categories":[89,90,80,1],"tags":[],"class_list":["post-7095","post","type-post","status-publish","format-standard","has-post-thumbnail","hentry","category-blog","category-caleidoscopul-activitatilor-extrascolare","category-toate-categoriile","category-uncategorized"],"_links":{"self":[{"href":"https:\/\/www.liceulprometeuprotalent.md\/index.php?rest_route=\/wp\/v2\/posts\/7095","targetHints":{"allow":["GET"]}}],"collection":[{"href":"https:\/\/www.liceulprometeuprotalent.md\/index.php?rest_route=\/wp\/v2\/posts"}],"about":[{"href":"https:\/\/www.liceulprometeuprotalent.md\/index.php?rest_route=\/wp\/v2\/types\/post"}],"author":[{"embeddable":true,"href":"https:\/\/www.liceulprometeuprotalent.md\/index.php?rest_route=\/wp\/v2\/users\/1"}],"replies":[{"embeddable":true,"href":"https:\/\/www.liceulprometeuprotalent.md\/index.php?rest_route=%2Fwp%2Fv2%2Fcomments&post=7095"}],"version-history":[{"count":4,"href":"https:\/\/www.liceulprometeuprotalent.md\/index.php?rest_route=\/wp\/v2\/posts\/7095\/revisions"}],"predecessor-version":[{"id":7103,"href":"https:\/\/www.liceulprometeuprotalent.md\/index.php?rest_route=\/wp\/v2\/posts\/7095\/revisions\/7103"}],"wp:featuredmedia":[{"embeddable":true,"href":"https:\/\/www.liceulprometeuprotalent.md\/index.php?rest_route=\/wp\/v2\/media\/7097"}],"wp:attachment":[{"href":"https:\/\/www.liceulprometeuprotalent.md\/index.php?rest_route=%2Fwp%2Fv2%2Fmedia&parent=7095"}],"wp:term":[{"taxonomy":"category","embeddable":true,"href":"https:\/\/www.liceulprometeuprotalent.md\/index.php?rest_route=%2Fwp%2Fv2%2Fcategories&post=7095"},{"taxonomy":"post_tag","embeddable":true,"href":"https:\/\/www.liceulprometeuprotalent.md\/index.php?rest_route=%2Fwp%2Fv2%2Ftags&post=7095"}],"curies":[{"name":"wp","href":"https:\/\/api.w.org\/{rel}","templated":true}]}}