{"id":7123,"date":"2023-10-25T14:16:12","date_gmt":"2023-10-25T14:16:12","guid":{"rendered":"https:\/\/www.liceulprometeuprotalent.md\/?p=7123"},"modified":"2023-10-25T14:16:12","modified_gmt":"2023-10-25T14:16:12","slug":"in-febra-cautarii-de-sine","status":"publish","type":"post","link":"https:\/\/www.liceulprometeuprotalent.md\/?p=7123","title":{"rendered":"\u00cen febra c\u0103ut\u0103rii de sine"},"content":{"rendered":"<p><span style=\"font-size: 14pt;\">Elevii claselor a IX-a \u0219i a XII-a de la Liceul de Creativitate \u0219i Inventic\u0103 \u201ePrometeu-Protalent\u201d au efectuat vizite de informare la diverse institu\u021bii educa\u021bionale din Chi\u0219in\u0103u.<\/span><\/p>\n<p><span style=\"font-size: 14pt;\">Astfel, vineri, 20 octombrie 2023, elevii clasei a IX-a au vizitat Centrul Educa\u021bional America House, unde au descoperit \u00a0activit\u0103\u021bile \u0219i oportunit\u0103\u021bile pe care le ofer\u0103. Ei au aflat c\u0103 pot participa la diverse programe interactive, culturale \u0219i educative, dar\u00a0\u0219i activit\u0103\u021bi de voluntariat. De asemenea, elevii au fost informa\u021bi despre istoria, cultura \u0219i valorile din SUA \u0219i despre studiile \u00een aceast\u0103 \u021bar\u0103.<\/span><\/p>\n<p><span style=\"font-size: 14pt;\">Mar\u021bi, 24 octombrie 2023, elevii clasei a XII-a au vizitat ULIM (Universitatea Liber\u0103 Interna\u021bional\u0103 din Moldova) \u0219i \u201eLinguata &#8211; \u0218coli de Limbi Str\u0103ine\u201d. \u00cen cadrul vizitei, ei s-au familiarizat cu ofertele institu\u021biilor de \u00eenv\u0103\u021b\u0103m\u00e2nt superior din Republica Moldova \u0219i din str\u0103in\u0103tate, iar la \u201eLinguata\u201d s-au informat \u00een privin\u021ba examenelor Cambridge \u0219i IELTS, pe care urmeaz\u0103 s\u0103 le sus\u021bin\u0103. \u00cen plus, la \u201eLinguata\u201d, elevii au exersat traducerea simultan\u0103, iar unii dintre ei au fost fascina\u021bi de farmecul limbii coreene, pe care au decis s-o studieze.<\/span><\/p>\n<p><span style=\"font-size: 14pt;\">Men\u021bion\u0103m c\u0103 aceste vizite deosebit de utile elevilor, afla\u021bi \u00een perioada orient\u0103rii profesionale, au fost ini\u021biate de doamna Natalia Dubencu, profesoar\u0103 de limb\u0103 englez\u0103, care i-a \u00eenso\u021bit \u0219i ghidat \u00een cunoa\u0219terea ofertelor \u0219i oportunit\u0103\u021bilor de care pot beneficia pentru realizarea visurilor lor.<\/span><\/p>\n<p><span style=\"font-size: 14pt;\">Mul\u021bumim, stimat\u0103 doamn\u0103 profesoar\u0103 Natalia Dubencu.<\/span><\/p>\n<p style=\"text-align: center;\"><span style=\"font-size: 14pt;\">\u00a0\u00a0 <img decoding=\"async\" class=\"alignnone wp-image-7124 size-fusion-400\" src=\"https:\/\/www.liceulprometeuprotalent.md\/wp-content\/uploads\/2023\/10\/viber_image_2023-10-24_21-34-35-079-400x301.jpg\" alt=\"\" width=\"400\" height=\"301\" srcset=\"https:\/\/www.liceulprometeuprotalent.md\/wp-content\/uploads\/2023\/10\/viber_image_2023-10-24_21-34-35-079-200x151.jpg 200w, https:\/\/www.liceulprometeuprotalent.md\/wp-content\/uploads\/2023\/10\/viber_image_2023-10-24_21-34-35-079-300x226.jpg 300w, https:\/\/www.liceulprometeuprotalent.md\/wp-content\/uploads\/2023\/10\/viber_image_2023-10-24_21-34-35-079-400x301.jpg 400w, https:\/\/www.liceulprometeuprotalent.md\/wp-content\/uploads\/2023\/10\/viber_image_2023-10-24_21-34-35-079-600x452.jpg 600w, https:\/\/www.liceulprometeuprotalent.md\/wp-content\/uploads\/2023\/10\/viber_image_2023-10-24_21-34-35-079-768x578.jpg 768w, https:\/\/www.liceulprometeuprotalent.md\/wp-content\/uploads\/2023\/10\/viber_image_2023-10-24_21-34-35-079-800x603.jpg 800w, https:\/\/www.liceulprometeuprotalent.md\/wp-content\/uploads\/2023\/10\/viber_image_2023-10-24_21-34-35-079-1024x771.jpg 1024w, https:\/\/www.liceulprometeuprotalent.md\/wp-content\/uploads\/2023\/10\/viber_image_2023-10-24_21-34-35-079-1200x904.jpg 1200w, https:\/\/www.liceulprometeuprotalent.md\/wp-content\/uploads\/2023\/10\/viber_image_2023-10-24_21-34-35-079-1536x1157.jpg 1536w, https:\/\/www.liceulprometeuprotalent.md\/wp-content\/uploads\/2023\/10\/viber_image_2023-10-24_21-34-35-079.jpg 1600w\" sizes=\"(max-width: 400px) 100vw, 400px\" \/> \u00a0 <img decoding=\"async\" class=\"alignnone wp-image-7125 size-fusion-400\" src=\"https:\/\/www.liceulprometeuprotalent.md\/wp-content\/uploads\/2023\/10\/viber_image_2023-10-24_21-18-43-158-400x301.jpg\" alt=\"\" width=\"400\" height=\"301\" srcset=\"https:\/\/www.liceulprometeuprotalent.md\/wp-content\/uploads\/2023\/10\/viber_image_2023-10-24_21-18-43-158-200x151.jpg 200w, https:\/\/www.liceulprometeuprotalent.md\/wp-content\/uploads\/2023\/10\/viber_image_2023-10-24_21-18-43-158-300x226.jpg 300w, https:\/\/www.liceulprometeuprotalent.md\/wp-content\/uploads\/2023\/10\/viber_image_2023-10-24_21-18-43-158-400x301.jpg 400w, https:\/\/www.liceulprometeuprotalent.md\/wp-content\/uploads\/2023\/10\/viber_image_2023-10-24_21-18-43-158-600x452.jpg 600w, https:\/\/www.liceulprometeuprotalent.md\/wp-content\/uploads\/2023\/10\/viber_image_2023-10-24_21-18-43-158-768x578.jpg 768w, https:\/\/www.liceulprometeuprotalent.md\/wp-content\/uploads\/2023\/10\/viber_image_2023-10-24_21-18-43-158-800x603.jpg 800w, https:\/\/www.liceulprometeuprotalent.md\/wp-content\/uploads\/2023\/10\/viber_image_2023-10-24_21-18-43-158-1024x771.jpg 1024w, https:\/\/www.liceulprometeuprotalent.md\/wp-content\/uploads\/2023\/10\/viber_image_2023-10-24_21-18-43-158-1200x904.jpg 1200w, https:\/\/www.liceulprometeuprotalent.md\/wp-content\/uploads\/2023\/10\/viber_image_2023-10-24_21-18-43-158-1536x1157.jpg 1536w, https:\/\/www.liceulprometeuprotalent.md\/wp-content\/uploads\/2023\/10\/viber_image_2023-10-24_21-18-43-158.jpg 1600w\" sizes=\"(max-width: 400px) 100vw, 400px\" \/> <img decoding=\"async\" class=\"alignnone wp-image-7126 size-fusion-400\" src=\"https:\/\/www.liceulprometeuprotalent.md\/wp-content\/uploads\/2023\/10\/viber_image_2023-10-24_21-34-35-517-400x301.jpg\" alt=\"\" width=\"400\" height=\"301\" srcset=\"https:\/\/www.liceulprometeuprotalent.md\/wp-content\/uploads\/2023\/10\/viber_image_2023-10-24_21-34-35-517-200x151.jpg 200w, https:\/\/www.liceulprometeuprotalent.md\/wp-content\/uploads\/2023\/10\/viber_image_2023-10-24_21-34-35-517-300x226.jpg 300w, https:\/\/www.liceulprometeuprotalent.md\/wp-content\/uploads\/2023\/10\/viber_image_2023-10-24_21-34-35-517-400x301.jpg 400w, https:\/\/www.liceulprometeuprotalent.md\/wp-content\/uploads\/2023\/10\/viber_image_2023-10-24_21-34-35-517-600x452.jpg 600w, https:\/\/www.liceulprometeuprotalent.md\/wp-content\/uploads\/2023\/10\/viber_image_2023-10-24_21-34-35-517-768x578.jpg 768w, https:\/\/www.liceulprometeuprotalent.md\/wp-content\/uploads\/2023\/10\/viber_image_2023-10-24_21-34-35-517-800x603.jpg 800w, https:\/\/www.liceulprometeuprotalent.md\/wp-content\/uploads\/2023\/10\/viber_image_2023-10-24_21-34-35-517-1024x771.jpg 1024w, https:\/\/www.liceulprometeuprotalent.md\/wp-content\/uploads\/2023\/10\/viber_image_2023-10-24_21-34-35-517-1200x904.jpg 1200w, https:\/\/www.liceulprometeuprotalent.md\/wp-content\/uploads\/2023\/10\/viber_image_2023-10-24_21-34-35-517-1536x1157.jpg 1536w, https:\/\/www.liceulprometeuprotalent.md\/wp-content\/uploads\/2023\/10\/viber_image_2023-10-24_21-34-35-517.jpg 1600w\" sizes=\"(max-width: 400px) 100vw, 400px\" \/> \u00a0 <img decoding=\"async\" class=\"alignnone wp-image-7127 size-fusion-400\" src=\"https:\/\/www.liceulprometeuprotalent.md\/wp-content\/uploads\/2023\/10\/viber_image_2023-10-24_21-34-35-290-400x301.jpg\" alt=\"\" width=\"400\" height=\"301\" srcset=\"https:\/\/www.liceulprometeuprotalent.md\/wp-content\/uploads\/2023\/10\/viber_image_2023-10-24_21-34-35-290-200x151.jpg 200w, https:\/\/www.liceulprometeuprotalent.md\/wp-content\/uploads\/2023\/10\/viber_image_2023-10-24_21-34-35-290-300x226.jpg 300w, https:\/\/www.liceulprometeuprotalent.md\/wp-content\/uploads\/2023\/10\/viber_image_2023-10-24_21-34-35-290-400x301.jpg 400w, https:\/\/www.liceulprometeuprotalent.md\/wp-content\/uploads\/2023\/10\/viber_image_2023-10-24_21-34-35-290-600x452.jpg 600w, https:\/\/www.liceulprometeuprotalent.md\/wp-content\/uploads\/2023\/10\/viber_image_2023-10-24_21-34-35-290-768x578.jpg 768w, https:\/\/www.liceulprometeuprotalent.md\/wp-content\/uploads\/2023\/10\/viber_image_2023-10-24_21-34-35-290-800x603.jpg 800w, https:\/\/www.liceulprometeuprotalent.md\/wp-content\/uploads\/2023\/10\/viber_image_2023-10-24_21-34-35-290-1024x771.jpg 1024w, https:\/\/www.liceulprometeuprotalent.md\/wp-content\/uploads\/2023\/10\/viber_image_2023-10-24_21-34-35-290-1200x904.jpg 1200w, https:\/\/www.liceulprometeuprotalent.md\/wp-content\/uploads\/2023\/10\/viber_image_2023-10-24_21-34-35-290-1536x1157.jpg 1536w, https:\/\/www.liceulprometeuprotalent.md\/wp-content\/uploads\/2023\/10\/viber_image_2023-10-24_21-34-35-290.jpg 1600w\" sizes=\"(max-width: 400px) 100vw, 400px\" \/><\/span><\/p>\n","protected":false},"excerpt":{"rendered":"<p>Elevii claselor a IX-a \u0219i a XII-a de la Liceul de Creativitate \u0219i Inventic\u0103 \u201ePrometeu-Protalent\u201d au efectuat vizite de informare la diverse institu\u021bii educa\u021bionale din Chi\u0219in\u0103u. Astfel, vineri, 20 octombrie 2023, elevii clasei a IX-a au vizitat Centrul Educa\u021bional America House, unde au descoperit \u00a0activit\u0103\u021bile \u0219i oportunit\u0103\u021bile pe care le ofer\u0103. Ei au aflat c\u0103 [&hellip;]<\/p>\n","protected":false},"author":1,"featured_media":7127,"comment_status":"open","ping_status":"open","sticky":false,"template":"","format":"standard","meta":{"_price":"","_stock":"","_tribe_ticket_header":"","_tribe_default_ticket_provider":"","_tribe_ticket_capacity":"0","_ticket_start_date":"","_ticket_end_date":"","_tribe_ticket_show_description":"","_tribe_ticket_show_not_going":false,"_tribe_ticket_use_global_stock":"","_tribe_ticket_global_stock_level":"","_global_stock_mode":"","_global_stock_cap":"","_tribe_rsvp_for_event":"","_tribe_ticket_going_count":"","_tribe_ticket_not_going_count":"","_tribe_tickets_list":"[]","_tribe_ticket_has_attendee_info_fields":false,"footnotes":""},"categories":[89,90,80,1],"tags":[],"class_list":["post-7123","post","type-post","status-publish","format-standard","has-post-thumbnail","hentry","category-blog","category-caleidoscopul-activitatilor-extrascolare","category-toate-categoriile","category-uncategorized"],"_links":{"self":[{"href":"https:\/\/www.liceulprometeuprotalent.md\/index.php?rest_route=\/wp\/v2\/posts\/7123","targetHints":{"allow":["GET"]}}],"collection":[{"href":"https:\/\/www.liceulprometeuprotalent.md\/index.php?rest_route=\/wp\/v2\/posts"}],"about":[{"href":"https:\/\/www.liceulprometeuprotalent.md\/index.php?rest_route=\/wp\/v2\/types\/post"}],"author":[{"embeddable":true,"href":"https:\/\/www.liceulprometeuprotalent.md\/index.php?rest_route=\/wp\/v2\/users\/1"}],"replies":[{"embeddable":true,"href":"https:\/\/www.liceulprometeuprotalent.md\/index.php?rest_route=%2Fwp%2Fv2%2Fcomments&post=7123"}],"version-history":[{"count":1,"href":"https:\/\/www.liceulprometeuprotalent.md\/index.php?rest_route=\/wp\/v2\/posts\/7123\/revisions"}],"predecessor-version":[{"id":7128,"href":"https:\/\/www.liceulprometeuprotalent.md\/index.php?rest_route=\/wp\/v2\/posts\/7123\/revisions\/7128"}],"wp:featuredmedia":[{"embeddable":true,"href":"https:\/\/www.liceulprometeuprotalent.md\/index.php?rest_route=\/wp\/v2\/media\/7127"}],"wp:attachment":[{"href":"https:\/\/www.liceulprometeuprotalent.md\/index.php?rest_route=%2Fwp%2Fv2%2Fmedia&parent=7123"}],"wp:term":[{"taxonomy":"category","embeddable":true,"href":"https:\/\/www.liceulprometeuprotalent.md\/index.php?rest_route=%2Fwp%2Fv2%2Fcategories&post=7123"},{"taxonomy":"post_tag","embeddable":true,"href":"https:\/\/www.liceulprometeuprotalent.md\/index.php?rest_route=%2Fwp%2Fv2%2Ftags&post=7123"}],"curies":[{"name":"wp","href":"https:\/\/api.w.org\/{rel}","templated":true}]}}