{"id":7129,"date":"2023-10-26T11:09:59","date_gmt":"2023-10-26T11:09:59","guid":{"rendered":"https:\/\/www.liceulprometeuprotalent.md\/?p=7129"},"modified":"2023-10-27T09:12:15","modified_gmt":"2023-10-27T09:12:15","slug":"incursiune-fascinanta-in-istoria-si-geografia-romaniei","status":"publish","type":"post","link":"https:\/\/www.liceulprometeuprotalent.md\/?p=7129","title":{"rendered":"Incursiune fascinant\u0103 \u00een istoria \u0219i geografia Rom\u00e2niei"},"content":{"rendered":"<p><span style=\"font-size: 14pt;\">Elevii claselor a III-a \u201eB\u201d \u0219i a III-a \u201eC\u201d ale Liceului de Creativitate \u0219i Inventic\u0103 \u201ePrometeu-Protalent\u201d, \u00eenso\u021bi\u021bi de \u00eenv\u0103\u021b\u0103toarele lor, doamnele Dorina Andrei \u0219i Natalia Veste, au avut frumosul prilej s\u0103 efectueze o palpitant\u0103 excursie de trei zile (20-22 octombrie, 2023) \u00een Rom\u00e2nia. Ei au urmat traseul Chi\u0219in\u0103u &#8211; Mirce\u0219ti &#8211; T\u00e2rgu Neam\u021b &#8211; Suceava &#8211; Boto\u0219ani &#8211; Chi\u0219in\u0103u, av\u00e2nd rarisima ocazie s\u0103 viziteze Casa-Muzeu \u201eVasile Alecsandri\u201d, m\u0103n\u0103stirile Agapia \u0219i V\u0103ratic, Cetatea Suceava, Muzeul de Istorie (Sala Tronului) \u0219i Planetariul din Suceava, Casa-Muzeu \u201eMihai Eminescu\u201d \u0219i lacul de la Ipote\u0219ti, Palatul lui Alexandru Ioan Cuza de la Ruginoasa, edificii \u00eenc\u0103rcate de istorie \u0219i cultur\u0103 rom\u00e2neasc\u0103. Locurile deosebit de pitore\u0219ti, pictate \u00een culorile toamnei, vremea cald\u0103 \u0219i frumoas\u0103, au transformat cele trei zile de excursie \u00een inestimabile lec\u021bii de istorie \u0219i geografie, care vor r\u0103m\u00e2ne pentru totdeauna \u00een amintirea micilor c\u0103l\u0103tori.<br \/>\n<\/span><span style=\"font-size: 14pt;\">Mul\u021bumiri alese pentru efort \u0219i grij\u0103 fa\u021b\u0103 de copii adres\u0103m doamnelor diriginte Dorina Andrei \u0219i Natalia Veste, inclusiv doamnei Eugenia Negru, profesoar\u0103 de istorie, care prin rolul de ghid al excursiei, a l\u0103rgit substan\u021bial orizontul de cunoa\u0219tere a istoriei \u0219i culturii neamului rom\u00e2nesc.<br \/>\n<\/span><span style=\"font-size: 14pt;\">G\u00e2nduri bune \u00eendrept\u0103m \u0219i \u00eenspre p\u0103rin\u021bii \u0219i bunicii elevilor, care prin prezen\u021ba lor, au ad\u0103ugat siguran\u021b\u0103 \u0219i farmec excursiei.<\/span><\/p>\n<p style=\"text-align: center;\">\u00a0<img decoding=\"async\" class=\"alignnone wp-image-7130 size-fusion-400\" src=\"https:\/\/www.liceulprometeuprotalent.md\/wp-content\/uploads\/2023\/10\/viber_image_2023-10-26_07-51-18-107-400x300.jpg\" alt=\"\" width=\"400\" height=\"300\" srcset=\"https:\/\/www.liceulprometeuprotalent.md\/wp-content\/uploads\/2023\/10\/viber_image_2023-10-26_07-51-18-107-200x150.jpg 200w, https:\/\/www.liceulprometeuprotalent.md\/wp-content\/uploads\/2023\/10\/viber_image_2023-10-26_07-51-18-107-300x225.jpg 300w, https:\/\/www.liceulprometeuprotalent.md\/wp-content\/uploads\/2023\/10\/viber_image_2023-10-26_07-51-18-107-400x300.jpg 400w, https:\/\/www.liceulprometeuprotalent.md\/wp-content\/uploads\/2023\/10\/viber_image_2023-10-26_07-51-18-107-600x450.jpg 600w, https:\/\/www.liceulprometeuprotalent.md\/wp-content\/uploads\/2023\/10\/viber_image_2023-10-26_07-51-18-107-768x576.jpg 768w, https:\/\/www.liceulprometeuprotalent.md\/wp-content\/uploads\/2023\/10\/viber_image_2023-10-26_07-51-18-107-800x600.jpg 800w, https:\/\/www.liceulprometeuprotalent.md\/wp-content\/uploads\/2023\/10\/viber_image_2023-10-26_07-51-18-107-1024x768.jpg 1024w, https:\/\/www.liceulprometeuprotalent.md\/wp-content\/uploads\/2023\/10\/viber_image_2023-10-26_07-51-18-107-1200x900.jpg 1200w, https:\/\/www.liceulprometeuprotalent.md\/wp-content\/uploads\/2023\/10\/viber_image_2023-10-26_07-51-18-107-1536x1152.jpg 1536w, https:\/\/www.liceulprometeuprotalent.md\/wp-content\/uploads\/2023\/10\/viber_image_2023-10-26_07-51-18-107.jpg 1600w\" sizes=\"(max-width: 400px) 100vw, 400px\" \/>\u00a0 \u00a0<img decoding=\"async\" class=\"alignnone wp-image-7132 size-fusion-400\" src=\"https:\/\/www.liceulprometeuprotalent.md\/wp-content\/uploads\/2023\/10\/viber_image_2023-10-21_20-14-32-875-400x300.jpg\" alt=\"\" width=\"400\" height=\"300\" srcset=\"https:\/\/www.liceulprometeuprotalent.md\/wp-content\/uploads\/2023\/10\/viber_image_2023-10-21_20-14-32-875-200x150.jpg 200w, https:\/\/www.liceulprometeuprotalent.md\/wp-content\/uploads\/2023\/10\/viber_image_2023-10-21_20-14-32-875-300x225.jpg 300w, https:\/\/www.liceulprometeuprotalent.md\/wp-content\/uploads\/2023\/10\/viber_image_2023-10-21_20-14-32-875-400x300.jpg 400w, https:\/\/www.liceulprometeuprotalent.md\/wp-content\/uploads\/2023\/10\/viber_image_2023-10-21_20-14-32-875-600x450.jpg 600w, https:\/\/www.liceulprometeuprotalent.md\/wp-content\/uploads\/2023\/10\/viber_image_2023-10-21_20-14-32-875-768x576.jpg 768w, https:\/\/www.liceulprometeuprotalent.md\/wp-content\/uploads\/2023\/10\/viber_image_2023-10-21_20-14-32-875-800x600.jpg 800w, https:\/\/www.liceulprometeuprotalent.md\/wp-content\/uploads\/2023\/10\/viber_image_2023-10-21_20-14-32-875-1024x768.jpg 1024w, https:\/\/www.liceulprometeuprotalent.md\/wp-content\/uploads\/2023\/10\/viber_image_2023-10-21_20-14-32-875-1200x900.jpg 1200w, https:\/\/www.liceulprometeuprotalent.md\/wp-content\/uploads\/2023\/10\/viber_image_2023-10-21_20-14-32-875-1536x1152.jpg 1536w, https:\/\/www.liceulprometeuprotalent.md\/wp-content\/uploads\/2023\/10\/viber_image_2023-10-21_20-14-32-875.jpg 1600w\" sizes=\"(max-width: 400px) 100vw, 400px\" \/>\u00a0\u00a0<img decoding=\"async\" class=\"alignnone wp-image-7133 size-fusion-400\" src=\"https:\/\/www.liceulprometeuprotalent.md\/wp-content\/uploads\/2023\/10\/viber_image_2023-10-21_20-14-23-067-400x300.jpg\" alt=\"\" width=\"400\" height=\"300\" srcset=\"https:\/\/www.liceulprometeuprotalent.md\/wp-content\/uploads\/2023\/10\/viber_image_2023-10-21_20-14-23-067-200x150.jpg 200w, https:\/\/www.liceulprometeuprotalent.md\/wp-content\/uploads\/2023\/10\/viber_image_2023-10-21_20-14-23-067-300x225.jpg 300w, https:\/\/www.liceulprometeuprotalent.md\/wp-content\/uploads\/2023\/10\/viber_image_2023-10-21_20-14-23-067-400x300.jpg 400w, https:\/\/www.liceulprometeuprotalent.md\/wp-content\/uploads\/2023\/10\/viber_image_2023-10-21_20-14-23-067-600x450.jpg 600w, https:\/\/www.liceulprometeuprotalent.md\/wp-content\/uploads\/2023\/10\/viber_image_2023-10-21_20-14-23-067-768x576.jpg 768w, https:\/\/www.liceulprometeuprotalent.md\/wp-content\/uploads\/2023\/10\/viber_image_2023-10-21_20-14-23-067-800x600.jpg 800w, https:\/\/www.liceulprometeuprotalent.md\/wp-content\/uploads\/2023\/10\/viber_image_2023-10-21_20-14-23-067-1024x768.jpg 1024w, https:\/\/www.liceulprometeuprotalent.md\/wp-content\/uploads\/2023\/10\/viber_image_2023-10-21_20-14-23-067-1200x900.jpg 1200w, https:\/\/www.liceulprometeuprotalent.md\/wp-content\/uploads\/2023\/10\/viber_image_2023-10-21_20-14-23-067-1536x1152.jpg 1536w, https:\/\/www.liceulprometeuprotalent.md\/wp-content\/uploads\/2023\/10\/viber_image_2023-10-21_20-14-23-067.jpg 1600w\" sizes=\"(max-width: 400px) 100vw, 400px\" \/> \u00a0<img decoding=\"async\" class=\"alignnone wp-image-7134 size-fusion-400\" src=\"https:\/\/www.liceulprometeuprotalent.md\/wp-content\/uploads\/2023\/10\/viber_image_2023-10-21_20-12-50-683-400x300.jpg\" alt=\"\" width=\"400\" height=\"300\" srcset=\"https:\/\/www.liceulprometeuprotalent.md\/wp-content\/uploads\/2023\/10\/viber_image_2023-10-21_20-12-50-683-200x150.jpg 200w, https:\/\/www.liceulprometeuprotalent.md\/wp-content\/uploads\/2023\/10\/viber_image_2023-10-21_20-12-50-683-300x225.jpg 300w, https:\/\/www.liceulprometeuprotalent.md\/wp-content\/uploads\/2023\/10\/viber_image_2023-10-21_20-12-50-683-400x300.jpg 400w, https:\/\/www.liceulprometeuprotalent.md\/wp-content\/uploads\/2023\/10\/viber_image_2023-10-21_20-12-50-683-600x450.jpg 600w, https:\/\/www.liceulprometeuprotalent.md\/wp-content\/uploads\/2023\/10\/viber_image_2023-10-21_20-12-50-683-768x576.jpg 768w, https:\/\/www.liceulprometeuprotalent.md\/wp-content\/uploads\/2023\/10\/viber_image_2023-10-21_20-12-50-683-800x600.jpg 800w, https:\/\/www.liceulprometeuprotalent.md\/wp-content\/uploads\/2023\/10\/viber_image_2023-10-21_20-12-50-683-1024x768.jpg 1024w, https:\/\/www.liceulprometeuprotalent.md\/wp-content\/uploads\/2023\/10\/viber_image_2023-10-21_20-12-50-683-1200x900.jpg 1200w, https:\/\/www.liceulprometeuprotalent.md\/wp-content\/uploads\/2023\/10\/viber_image_2023-10-21_20-12-50-683-1536x1152.jpg 1536w, https:\/\/www.liceulprometeuprotalent.md\/wp-content\/uploads\/2023\/10\/viber_image_2023-10-21_20-12-50-683.jpg 1600w\" sizes=\"(max-width: 400px) 100vw, 400px\" \/><img decoding=\"async\" class=\"alignnone wp-image-7135 size-fusion-400\" src=\"https:\/\/www.liceulprometeuprotalent.md\/wp-content\/uploads\/2023\/10\/viber_image_2023-10-21_11-20-38-249-400x300.jpg\" alt=\"\" width=\"400\" height=\"300\" srcset=\"https:\/\/www.liceulprometeuprotalent.md\/wp-content\/uploads\/2023\/10\/viber_image_2023-10-21_11-20-38-249-200x150.jpg 200w, https:\/\/www.liceulprometeuprotalent.md\/wp-content\/uploads\/2023\/10\/viber_image_2023-10-21_11-20-38-249-300x225.jpg 300w, https:\/\/www.liceulprometeuprotalent.md\/wp-content\/uploads\/2023\/10\/viber_image_2023-10-21_11-20-38-249-400x300.jpg 400w, https:\/\/www.liceulprometeuprotalent.md\/wp-content\/uploads\/2023\/10\/viber_image_2023-10-21_11-20-38-249-600x450.jpg 600w, https:\/\/www.liceulprometeuprotalent.md\/wp-content\/uploads\/2023\/10\/viber_image_2023-10-21_11-20-38-249-768x576.jpg 768w, https:\/\/www.liceulprometeuprotalent.md\/wp-content\/uploads\/2023\/10\/viber_image_2023-10-21_11-20-38-249-800x600.jpg 800w, https:\/\/www.liceulprometeuprotalent.md\/wp-content\/uploads\/2023\/10\/viber_image_2023-10-21_11-20-38-249-1024x768.jpg 1024w, https:\/\/www.liceulprometeuprotalent.md\/wp-content\/uploads\/2023\/10\/viber_image_2023-10-21_11-20-38-249-1200x900.jpg 1200w, https:\/\/www.liceulprometeuprotalent.md\/wp-content\/uploads\/2023\/10\/viber_image_2023-10-21_11-20-38-249-1536x1152.jpg 1536w, https:\/\/www.liceulprometeuprotalent.md\/wp-content\/uploads\/2023\/10\/viber_image_2023-10-21_11-20-38-249.jpg 1600w\" sizes=\"(max-width: 400px) 100vw, 400px\" \/><\/p>\n","protected":false},"excerpt":{"rendered":"<p>Elevii claselor a III-a \u201eB\u201d \u0219i a III-a \u201eC\u201d ale Liceului de Creativitate \u0219i Inventic\u0103 \u201ePrometeu-Protalent\u201d, \u00eenso\u021bi\u021bi de \u00eenv\u0103\u021b\u0103toarele lor, doamnele Dorina Andrei \u0219i Natalia Veste, au avut frumosul prilej s\u0103 efectueze o palpitant\u0103 excursie de trei zile (20-22 octombrie, 2023) \u00een Rom\u00e2nia. Ei au urmat traseul Chi\u0219in\u0103u &#8211; Mirce\u0219ti &#8211; T\u00e2rgu Neam\u021b &#8211; Suceava [&hellip;]<\/p>\n","protected":false},"author":1,"featured_media":7135,"comment_status":"open","ping_status":"open","sticky":false,"template":"","format":"standard","meta":{"_price":"","_stock":"","_tribe_ticket_header":"","_tribe_default_ticket_provider":"","_tribe_ticket_capacity":"0","_ticket_start_date":"","_ticket_end_date":"","_tribe_ticket_show_description":"","_tribe_ticket_show_not_going":false,"_tribe_ticket_use_global_stock":"","_tribe_ticket_global_stock_level":"","_global_stock_mode":"","_global_stock_cap":"","_tribe_rsvp_for_event":"","_tribe_ticket_going_count":"","_tribe_ticket_not_going_count":"","_tribe_tickets_list":"[]","_tribe_ticket_has_attendee_info_fields":false,"footnotes":""},"categories":[89,90,80,1],"tags":[],"class_list":["post-7129","post","type-post","status-publish","format-standard","has-post-thumbnail","hentry","category-blog","category-caleidoscopul-activitatilor-extrascolare","category-toate-categoriile","category-uncategorized"],"_links":{"self":[{"href":"https:\/\/www.liceulprometeuprotalent.md\/index.php?rest_route=\/wp\/v2\/posts\/7129","targetHints":{"allow":["GET"]}}],"collection":[{"href":"https:\/\/www.liceulprometeuprotalent.md\/index.php?rest_route=\/wp\/v2\/posts"}],"about":[{"href":"https:\/\/www.liceulprometeuprotalent.md\/index.php?rest_route=\/wp\/v2\/types\/post"}],"author":[{"embeddable":true,"href":"https:\/\/www.liceulprometeuprotalent.md\/index.php?rest_route=\/wp\/v2\/users\/1"}],"replies":[{"embeddable":true,"href":"https:\/\/www.liceulprometeuprotalent.md\/index.php?rest_route=%2Fwp%2Fv2%2Fcomments&post=7129"}],"version-history":[{"count":2,"href":"https:\/\/www.liceulprometeuprotalent.md\/index.php?rest_route=\/wp\/v2\/posts\/7129\/revisions"}],"predecessor-version":[{"id":7137,"href":"https:\/\/www.liceulprometeuprotalent.md\/index.php?rest_route=\/wp\/v2\/posts\/7129\/revisions\/7137"}],"wp:featuredmedia":[{"embeddable":true,"href":"https:\/\/www.liceulprometeuprotalent.md\/index.php?rest_route=\/wp\/v2\/media\/7135"}],"wp:attachment":[{"href":"https:\/\/www.liceulprometeuprotalent.md\/index.php?rest_route=%2Fwp%2Fv2%2Fmedia&parent=7129"}],"wp:term":[{"taxonomy":"category","embeddable":true,"href":"https:\/\/www.liceulprometeuprotalent.md\/index.php?rest_route=%2Fwp%2Fv2%2Fcategories&post=7129"},{"taxonomy":"post_tag","embeddable":true,"href":"https:\/\/www.liceulprometeuprotalent.md\/index.php?rest_route=%2Fwp%2Fv2%2Ftags&post=7129"}],"curies":[{"name":"wp","href":"https:\/\/api.w.org\/{rel}","templated":true}]}}