{"id":7146,"date":"2023-10-27T09:46:31","date_gmt":"2023-10-27T09:46:31","guid":{"rendered":"https:\/\/www.liceulprometeuprotalent.md\/?p=7146"},"modified":"2023-10-27T09:46:31","modified_gmt":"2023-10-27T09:46:31","slug":"cultura-securitatii-o-tema-pe-ordinea-zilei","status":"publish","type":"post","link":"https:\/\/www.liceulprometeuprotalent.md\/?p=7146","title":{"rendered":"Cultura securit\u0103\u021bii &#8211; o tem\u0103 pe ordinea zilei"},"content":{"rendered":"<p><span style=\"font-size: 14pt;\">\u00cen cadrul Campaniei \u201eS\u0103pt\u0103m\u00e2na prevenirii traficului de persoane\u201d, lansat\u0103 \u00een contextul marc\u0103rii la 18 octombrie a Zilei Europene de lupt\u0103 \u00eempotriva traficului de fiin\u021be umane, desf\u0103\u0219urat\u0103 \u00een perioada 18-25 octombrie 2023, la Liceul de Creativitate \u0219i Inventic\u0103 \u201ePrometeu-Protalent\u201d a avut loc o suit\u0103 de manifest\u0103ri, ce au avut drept scop sensibilizarea \u0219i informarea elevilor despre traficul de fiin\u021be umane, despre riscurile \u0219i consecin\u021bele acestui fenomen, fiind un pas important \u00een prevenirea \u0219i combaterea lui.<\/span><\/p>\n<p><span style=\"font-size: 14pt;\">Cu acest prilej, elevii claselor a X-a \u0219i a XI-a au ascultat o prelegere la tem\u0103, sus\u021binut\u0103 de doamna Alexandra Ciorici, ofi\u021ber superior de investiga\u021bii din cadrul Centrului pentru combaterea traficului de persoane al INI al IGP al MAI (24 octombrie 2023), care le-a oferit informa\u021bii utile despre fenomen, inclusiv cum s\u0103 identifice riscurile \u0219i cum s\u0103 se protejeze. Elevii au intervenit cu diverse \u00eentreb\u0103ri, dovedind implicare \u0219i ini\u021biere \u00een tem\u0103, fapt apreciat foarte \u00eenalt de doamna expert\u0103.<\/span><\/p>\n<p><span style=\"font-size: 14pt;\">\u00cen contextul aceleia\u0219i campanii, elevii clasei a VIII-a \u201eA\u201d, dirigint\u0103 doamna Violeta Popovici-Bujor, profesoar\u0103 de matematic\u0103, au realizat o serie de postere pe tema traficului de persoane, care au fost afi\u0219ate pe holurile Liceului. Expozi\u021bia a atras aten\u021bia colegilor, care au evaluat creativitatea \u0219i competen\u021ba autorilor la cel mai \u00eenalt nivel.<\/span><\/p>\n<p><span style=\"font-size: 14pt;\">Deosebit de ingenio\u0219i \u0219i axa\u021bi \u00een tem\u0103 s-au dovedit a fi \u0219i elevii clasei a IX-a, dirigint\u0103 doamna Fevronia Maler, profesoar\u0103 de limba francez\u0103, care au realizat \u00een Programul PowerPoint c\u00e2teva materiale cu caracter informativ foarte reu\u0219ite. Autorii lor sunt: Bor\u0219 Loredana, Chi\u0219c\u0103 Nicolae, Racovcen Cristina, Rusica Bogdan, Rusu Gabriel \u0219i Visan Amelia.<\/span><\/p>\n<p><span style=\"font-size: 14pt;\">Un flashmob inedit au organizat \u0219i elevii clasei a VIII-a \u201eC\u201d, diriginte doamna Maria Iarmenco, profesoar\u0103 de matematic\u0103, prin care au dorit s\u0103-\u0219i aten\u021bioneze colegii asupra pericolelor traficului de fiin\u021be umane.<\/span><\/p>\n<p><span style=\"font-size: 14pt;\">\u00cen activit\u0103\u021bile dedicate Campaniei s-au \u00eencadrat \u0219i elevii claselor primare, care au elaborat mai multe lucr\u0103ri la tema: \u201eFamilia, oaza siguran\u021bei\u201d, pun\u00e2nd accent pe importan\u021ba familiei \u0219i rolul ei \u00een cultivarea culturii de securitate a fiec\u0103rui copil.<\/span><\/p>\n<p><span style=\"font-size: 14pt;\">Ata\u0219at\u0103 respectivei Campanii a fost \u0219i \u00eent\u00e2lnirea claselor liceale cu ofi\u021berii Centrului Antiterorist al SIS (26 octombrie 2023), care le-au vorbit despre una dintre provoc\u0103rile secolului XXI &#8211; terorismul.<\/span><\/p>\n<p><span style=\"font-size: 14pt;\">Liceenii au fost informa\u021bi despre acest fenomen \u0219i despre manifest\u0103rile actuale ale terorismului interna\u021bional, despre amenin\u021b\u0103rile pe care le provoac\u0103 \u0219i principalele reguli de siguran\u021b\u0103 \u00een cazul unor incidente de securitate. De asemenea, au fost puse \u00een discu\u021bie pericolele \u0219i diversele riscuri la adresa securit\u0103\u021bii personale, inclusiv importan\u021ba responsabiliz\u0103rii \u0219i implic\u0103rii tinerilor \u00een via\u021ba societ\u0103\u021bii pentru a fi promotorii culturii de securitate, elevii fiind aprecia\u021bi pentru interesul manifestat \u0219i pentru receptivitate.<\/span><\/p>\n<p><span style=\"font-size: 14pt;\">Adres\u0103m mul\u021bumiri cordiale tuturor cadrelor didactice pentru implicare \u00een organizarea \u0219i sus\u021binerea acestor activit\u0103\u021bi \u0219i, \u00eendeosebi, doamnei Angela Lungu, profesoar\u0103 de limba \u0219i literatura rom\u00e2n\u0103, director adjunct pentru educa\u021bie (treptele gimnazial\u0103 \u0219i liceal\u0103) \u0219i doamnei Cristina Brunchi, \u00eenv\u0103\u021b\u0103toare, director adjunct pentru educa\u021bie, treapta primar\u0103.\u00a0 \u00a0\u00a0\u00a0\u00a0\u00a0\u00a0\u00a0\u00a0\u00a0\u00a0\u00a0\u00a0<\/span><\/p>\n<p style=\"text-align: center;\"><img decoding=\"async\" class=\"alignnone wp-image-7147 size-fusion-400\" src=\"https:\/\/www.liceulprometeuprotalent.md\/wp-content\/uploads\/2023\/10\/395511587_315655067872779_4766256618022970950_n-400x186.jpg\" alt=\"\" width=\"400\" height=\"186\" srcset=\"https:\/\/www.liceulprometeuprotalent.md\/wp-content\/uploads\/2023\/10\/395511587_315655067872779_4766256618022970950_n-200x93.jpg 200w, https:\/\/www.liceulprometeuprotalent.md\/wp-content\/uploads\/2023\/10\/395511587_315655067872779_4766256618022970950_n-300x139.jpg 300w, https:\/\/www.liceulprometeuprotalent.md\/wp-content\/uploads\/2023\/10\/395511587_315655067872779_4766256618022970950_n-400x186.jpg 400w, https:\/\/www.liceulprometeuprotalent.md\/wp-content\/uploads\/2023\/10\/395511587_315655067872779_4766256618022970950_n-600x279.jpg 600w, https:\/\/www.liceulprometeuprotalent.md\/wp-content\/uploads\/2023\/10\/395511587_315655067872779_4766256618022970950_n-768x356.jpg 768w, https:\/\/www.liceulprometeuprotalent.md\/wp-content\/uploads\/2023\/10\/395511587_315655067872779_4766256618022970950_n-800x371.jpg 800w, https:\/\/www.liceulprometeuprotalent.md\/wp-content\/uploads\/2023\/10\/395511587_315655067872779_4766256618022970950_n-1024x475.jpg 1024w, https:\/\/www.liceulprometeuprotalent.md\/wp-content\/uploads\/2023\/10\/395511587_315655067872779_4766256618022970950_n-1200x557.jpg 1200w, https:\/\/www.liceulprometeuprotalent.md\/wp-content\/uploads\/2023\/10\/395511587_315655067872779_4766256618022970950_n.jpg 1284w\" sizes=\"(max-width: 400px) 100vw, 400px\" \/> <img decoding=\"async\" class=\"alignnone wp-image-7148 size-fusion-400\" src=\"https:\/\/www.liceulprometeuprotalent.md\/wp-content\/uploads\/2023\/10\/393854578_855600692903299_2400118509433757834_n-400x258.jpg\" alt=\"\" width=\"400\" height=\"258\" srcset=\"https:\/\/www.liceulprometeuprotalent.md\/wp-content\/uploads\/2023\/10\/393854578_855600692903299_2400118509433757834_n-200x129.jpg 200w, https:\/\/www.liceulprometeuprotalent.md\/wp-content\/uploads\/2023\/10\/393854578_855600692903299_2400118509433757834_n-300x193.jpg 300w, https:\/\/www.liceulprometeuprotalent.md\/wp-content\/uploads\/2023\/10\/393854578_855600692903299_2400118509433757834_n-400x258.jpg 400w, https:\/\/www.liceulprometeuprotalent.md\/wp-content\/uploads\/2023\/10\/393854578_855600692903299_2400118509433757834_n-460x295.jpg 460w, https:\/\/www.liceulprometeuprotalent.md\/wp-content\/uploads\/2023\/10\/393854578_855600692903299_2400118509433757834_n-600x387.jpg 600w, https:\/\/www.liceulprometeuprotalent.md\/wp-content\/uploads\/2023\/10\/393854578_855600692903299_2400118509433757834_n-768x495.jpg 768w, https:\/\/www.liceulprometeuprotalent.md\/wp-content\/uploads\/2023\/10\/393854578_855600692903299_2400118509433757834_n-800x516.jpg 800w, https:\/\/www.liceulprometeuprotalent.md\/wp-content\/uploads\/2023\/10\/393854578_855600692903299_2400118509433757834_n-1024x660.jpg 1024w, https:\/\/www.liceulprometeuprotalent.md\/wp-content\/uploads\/2023\/10\/393854578_855600692903299_2400118509433757834_n-1200x774.jpg 1200w, https:\/\/www.liceulprometeuprotalent.md\/wp-content\/uploads\/2023\/10\/393854578_855600692903299_2400118509433757834_n.jpg 1284w\" sizes=\"(max-width: 400px) 100vw, 400px\" \/> <img decoding=\"async\" class=\"alignnone wp-image-7149 size-fusion-400\" src=\"https:\/\/www.liceulprometeuprotalent.md\/wp-content\/uploads\/2023\/10\/IMG_4664-400x300.jpg\" alt=\"\" width=\"400\" height=\"300\" srcset=\"https:\/\/www.liceulprometeuprotalent.md\/wp-content\/uploads\/2023\/10\/IMG_4664-200x150.jpg 200w, https:\/\/www.liceulprometeuprotalent.md\/wp-content\/uploads\/2023\/10\/IMG_4664-300x225.jpg 300w, https:\/\/www.liceulprometeuprotalent.md\/wp-content\/uploads\/2023\/10\/IMG_4664-400x300.jpg 400w, https:\/\/www.liceulprometeuprotalent.md\/wp-content\/uploads\/2023\/10\/IMG_4664-600x450.jpg 600w, https:\/\/www.liceulprometeuprotalent.md\/wp-content\/uploads\/2023\/10\/IMG_4664-768x576.jpg 768w, https:\/\/www.liceulprometeuprotalent.md\/wp-content\/uploads\/2023\/10\/IMG_4664-800x600.jpg 800w, https:\/\/www.liceulprometeuprotalent.md\/wp-content\/uploads\/2023\/10\/IMG_4664-1024x768.jpg 1024w, https:\/\/www.liceulprometeuprotalent.md\/wp-content\/uploads\/2023\/10\/IMG_4664-1200x900.jpg 1200w, https:\/\/www.liceulprometeuprotalent.md\/wp-content\/uploads\/2023\/10\/IMG_4664-1536x1152.jpg 1536w\" sizes=\"(max-width: 400px) 100vw, 400px\" \/> <img decoding=\"async\" class=\"alignnone wp-image-7150 size-fusion-400\" src=\"https:\/\/www.liceulprometeuprotalent.md\/wp-content\/uploads\/2023\/10\/IMG_4661-400x300.jpg\" alt=\"\" width=\"400\" height=\"300\" srcset=\"https:\/\/www.liceulprometeuprotalent.md\/wp-content\/uploads\/2023\/10\/IMG_4661-200x150.jpg 200w, https:\/\/www.liceulprometeuprotalent.md\/wp-content\/uploads\/2023\/10\/IMG_4661-300x225.jpg 300w, https:\/\/www.liceulprometeuprotalent.md\/wp-content\/uploads\/2023\/10\/IMG_4661-400x300.jpg 400w, https:\/\/www.liceulprometeuprotalent.md\/wp-content\/uploads\/2023\/10\/IMG_4661-600x450.jpg 600w, https:\/\/www.liceulprometeuprotalent.md\/wp-content\/uploads\/2023\/10\/IMG_4661-768x576.jpg 768w, https:\/\/www.liceulprometeuprotalent.md\/wp-content\/uploads\/2023\/10\/IMG_4661-800x600.jpg 800w, https:\/\/www.liceulprometeuprotalent.md\/wp-content\/uploads\/2023\/10\/IMG_4661-1024x768.jpg 1024w, https:\/\/www.liceulprometeuprotalent.md\/wp-content\/uploads\/2023\/10\/IMG_4661-1200x900.jpg 1200w, https:\/\/www.liceulprometeuprotalent.md\/wp-content\/uploads\/2023\/10\/IMG_4661-1536x1152.jpg 1536w\" sizes=\"(max-width: 400px) 100vw, 400px\" \/> <img decoding=\"async\" class=\"alignnone wp-image-7151 size-fusion-400\" src=\"https:\/\/www.liceulprometeuprotalent.md\/wp-content\/uploads\/2023\/10\/IMG_4640-400x300.jpg\" alt=\"\" width=\"400\" height=\"300\" srcset=\"https:\/\/www.liceulprometeuprotalent.md\/wp-content\/uploads\/2023\/10\/IMG_4640-200x150.jpg 200w, https:\/\/www.liceulprometeuprotalent.md\/wp-content\/uploads\/2023\/10\/IMG_4640-300x225.jpg 300w, https:\/\/www.liceulprometeuprotalent.md\/wp-content\/uploads\/2023\/10\/IMG_4640-400x300.jpg 400w, https:\/\/www.liceulprometeuprotalent.md\/wp-content\/uploads\/2023\/10\/IMG_4640-600x450.jpg 600w, https:\/\/www.liceulprometeuprotalent.md\/wp-content\/uploads\/2023\/10\/IMG_4640-768x576.jpg 768w, https:\/\/www.liceulprometeuprotalent.md\/wp-content\/uploads\/2023\/10\/IMG_4640-800x600.jpg 800w, https:\/\/www.liceulprometeuprotalent.md\/wp-content\/uploads\/2023\/10\/IMG_4640-1024x768.jpg 1024w, https:\/\/www.liceulprometeuprotalent.md\/wp-content\/uploads\/2023\/10\/IMG_4640-1200x900.jpg 1200w, https:\/\/www.liceulprometeuprotalent.md\/wp-content\/uploads\/2023\/10\/IMG_4640-1536x1152.jpg 1536w\" sizes=\"(max-width: 400px) 100vw, 400px\" \/><\/p>\n","protected":false},"excerpt":{"rendered":"<p>\u00cen cadrul Campaniei \u201eS\u0103pt\u0103m\u00e2na prevenirii traficului de persoane\u201d, lansat\u0103 \u00een contextul marc\u0103rii la 18 octombrie a Zilei Europene de lupt\u0103 \u00eempotriva traficului de fiin\u021be umane, desf\u0103\u0219urat\u0103 \u00een perioada 18-25 octombrie 2023, la Liceul de Creativitate \u0219i Inventic\u0103 \u201ePrometeu-Protalent\u201d a avut loc o suit\u0103 de manifest\u0103ri, ce au avut drept scop sensibilizarea \u0219i informarea elevilor despre [&hellip;]<\/p>\n","protected":false},"author":1,"featured_media":7148,"comment_status":"open","ping_status":"open","sticky":false,"template":"","format":"standard","meta":{"_price":"","_stock":"","_tribe_ticket_header":"","_tribe_default_ticket_provider":"","_tribe_ticket_capacity":"0","_ticket_start_date":"","_ticket_end_date":"","_tribe_ticket_show_description":"","_tribe_ticket_show_not_going":false,"_tribe_ticket_use_global_stock":"","_tribe_ticket_global_stock_level":"","_global_stock_mode":"","_global_stock_cap":"","_tribe_rsvp_for_event":"","_tribe_ticket_going_count":"","_tribe_ticket_not_going_count":"","_tribe_tickets_list":"[]","_tribe_ticket_has_attendee_info_fields":false,"footnotes":""},"categories":[89,90,80,1],"tags":[],"class_list":["post-7146","post","type-post","status-publish","format-standard","has-post-thumbnail","hentry","category-blog","category-caleidoscopul-activitatilor-extrascolare","category-toate-categoriile","category-uncategorized"],"_links":{"self":[{"href":"https:\/\/www.liceulprometeuprotalent.md\/index.php?rest_route=\/wp\/v2\/posts\/7146","targetHints":{"allow":["GET"]}}],"collection":[{"href":"https:\/\/www.liceulprometeuprotalent.md\/index.php?rest_route=\/wp\/v2\/posts"}],"about":[{"href":"https:\/\/www.liceulprometeuprotalent.md\/index.php?rest_route=\/wp\/v2\/types\/post"}],"author":[{"embeddable":true,"href":"https:\/\/www.liceulprometeuprotalent.md\/index.php?rest_route=\/wp\/v2\/users\/1"}],"replies":[{"embeddable":true,"href":"https:\/\/www.liceulprometeuprotalent.md\/index.php?rest_route=%2Fwp%2Fv2%2Fcomments&post=7146"}],"version-history":[{"count":1,"href":"https:\/\/www.liceulprometeuprotalent.md\/index.php?rest_route=\/wp\/v2\/posts\/7146\/revisions"}],"predecessor-version":[{"id":7152,"href":"https:\/\/www.liceulprometeuprotalent.md\/index.php?rest_route=\/wp\/v2\/posts\/7146\/revisions\/7152"}],"wp:featuredmedia":[{"embeddable":true,"href":"https:\/\/www.liceulprometeuprotalent.md\/index.php?rest_route=\/wp\/v2\/media\/7148"}],"wp:attachment":[{"href":"https:\/\/www.liceulprometeuprotalent.md\/index.php?rest_route=%2Fwp%2Fv2%2Fmedia&parent=7146"}],"wp:term":[{"taxonomy":"category","embeddable":true,"href":"https:\/\/www.liceulprometeuprotalent.md\/index.php?rest_route=%2Fwp%2Fv2%2Fcategories&post=7146"},{"taxonomy":"post_tag","embeddable":true,"href":"https:\/\/www.liceulprometeuprotalent.md\/index.php?rest_route=%2Fwp%2Fv2%2Ftags&post=7146"}],"curies":[{"name":"wp","href":"https:\/\/api.w.org\/{rel}","templated":true}]}}