{"id":7159,"date":"2023-10-30T09:21:20","date_gmt":"2023-10-30T09:21:20","guid":{"rendered":"https:\/\/www.liceulprometeuprotalent.md\/?p=7159"},"modified":"2023-10-30T09:21:20","modified_gmt":"2023-10-30T09:21:20","slug":"turnamentele-de-toamna-2023","status":"publish","type":"post","link":"https:\/\/www.liceulprometeuprotalent.md\/?p=7159","title":{"rendered":",,Turnamentele de Toamn\u0103\u201d &#8211; 2023"},"content":{"rendered":"<p><span style=\"font-size: 14pt;\">La 28 octombrie 2023, elevii Liceului de Creativitate \u0219i Inventic\u0103 \u201ePrometeu-Protalent\u201d, \u0219i-au demonstrat, \u00een competi\u021bie cu colegi de genera\u021bie din diverse institu\u021bii de \u00eenv\u0103\u021b\u0103m\u00e2nt, aptitudinile la cea mai fascinant\u0103 disciplin\u0103 &#8211; matematica, ob\u021bin\u00e2nd rezultate deosebit de \u00eembucur\u0103toare.\u00a0<\/span><\/p>\n<p><span style=\"font-size: 14pt;\">Concursul de matematic\u0103, ajuns la cea de-a XXX-a edi\u021bie, a fost organizat de A.O. \u201eICAR\u201d, care \u0219i-a asumat responsabilitatea s\u0103 creeze un mediu favorabil pentru dezvoltarea armonioas\u0103 a copiilor cu interes \u0219i aptitudini pentru matematic\u0103, a condi\u021biilor optime de identificare, formare \u0219i dezvoltare a lor, inclusiv promovarea performan\u021belor ob\u021binute.<\/span><\/p>\n<p><span style=\"font-size: 14pt;\">Felicit\u0103ri, dragi elevi! Perseveren\u021b\u0103, dragoste de carte \u0219i succese \u00een continuare!<\/span><\/p>\n<p><span style=\"font-size: 14pt;\">Felicit\u0103ri, stimate cadre didactice! Mul\u021bumim pentru generozitatea cu care ne oferi\u021bi bucurii!<\/span><\/p>\n<p><span style=\"font-size: 14pt;\">Iat\u0103 numele \u00eenving\u0103torilor:<\/span><\/p>\n<p><span style=\"font-size: 14pt;\"><strong>Clasa a II-a<\/strong><\/span><\/p>\n<p><span style=\"font-size: 14pt;\"><strong>Locul I<\/strong><\/span><\/p>\n<p><span style=\"font-size: 14pt;\">R\u0103u Mihai, LCI \u201ePrometeu-Protalent\u201d<\/span><\/p>\n<p><span style=\"font-size: 14pt;\">U\u0219urelu David, LCI \u201ePrometeu-Protalent\u201d<\/span><\/p>\n<p><span style=\"font-size: 14pt;\">Suhan R\u0103zvan, LCI \u201ePrometeu-Protalent\u201d<\/span><\/p>\n<p><span style=\"font-size: 14pt;\">Spian Matei, LCI \u201ePrometeu-Protalent\u201d<\/span><\/p>\n<p><span style=\"font-size: 14pt;\">Negura Cristian, LCI \u201ePrometeu-Protalent\u201d<\/span><\/p>\n<p><span style=\"font-size: 14pt;\"><strong>Locul II<\/strong><\/span><\/p>\n<p><span style=\"font-size: 14pt;\">Movila Eva, LCI \u201ePrometeu-Protalent\u201d<\/span><\/p>\n<p><span style=\"font-size: 14pt;\">Guri\u021banu David, LCI \u201ePrometeu-Protalent\u201d<\/span><\/p>\n<p><span style=\"font-size: 14pt;\">S\u0103r\u0103tur\u0103 Adela, LCI \u201ePrometeu-Protalent\u201d<\/span><\/p>\n<p><span style=\"font-size: 14pt;\"><strong>Locul III<\/strong><\/span><\/p>\n<p><span style=\"font-size: 14pt;\">Stoian David, LCI \u201ePrometeu-Protalent\u201d<\/span><\/p>\n<p><span style=\"font-size: 14pt;\">Stratan Mark, LCI \u201ePrometeu-Protalent\u201d<\/span><\/p>\n<p><span style=\"font-size: 14pt;\">Ababii Leonard, LCI \u201ePrometeu-Protalent\u201d<\/span><\/p>\n<p><span style=\"font-size: 14pt;\">Lapteacru Mia, LCI \u201ePrometeu-Protalent\u201d<\/span><\/p>\n<p><span style=\"font-size: 14pt;\"><strong>Men\u021biune<\/strong><\/span><\/p>\n<p><span style=\"font-size: 14pt;\">Iachimov Ion, LCI \u201ePrometeu-Protalent\u201d<\/span><\/p>\n<p><span style=\"font-size: 14pt;\">Furtun\u0103 Vlad, LCI \u201ePrometeu-Protalent\u201d<\/span><\/p>\n<p><span style=\"font-size: 14pt;\">Stratulat Ornella, LCI \u201ePrometeu-Protalent\u201d<\/span><\/p>\n<p><span style=\"font-size: 14pt;\">Motorniuc Eric, LCI \u201ePrometeu-Protalent\u201d<\/span><\/p>\n<p><span style=\"font-size: 14pt;\">Cotru\u021ba Robert, LCI \u201ePrometeu-Protalent\u201d<\/span><\/p>\n<p><span style=\"font-size: 14pt;\"><strong>Clasa a III-a<\/strong><\/span><\/p>\n<p><span style=\"font-size: 14pt;\"><strong>Locul I<\/strong><\/span><\/p>\n<p><span style=\"font-size: 14pt;\">Bostan Matei, LCI ,,Prometeu-Protalent\u201d<\/span><\/p>\n<p><span style=\"font-size: 14pt;\">Dabija Daniel, LCI ,,Prometeu-Protalent\u201d<\/span><\/p>\n<p><span style=\"font-size: 14pt;\">Munteanu Dorin, LCI ,,Prometeu-Protalent\u201d<\/span><\/p>\n<p><span style=\"font-size: 14pt;\">Munteanu R\u0103zvan, LCI ,,Prometeu-Protalent\u201d<\/span><\/p>\n<p><span style=\"font-size: 14pt;\">Nichiforova Margarita, LCI ,,Prometeu-Protalent\u201d<\/span><\/p>\n<p><span style=\"font-size: 14pt;\">\u021aurcanu Ilinca, LCI ,,Prometeu-Protalent\u201d<\/span><\/p>\n<p><span style=\"font-size: 14pt;\"><strong>Locul II<\/strong><\/span><\/p>\n<p><span style=\"font-size: 14pt;\">G\u00eerbu Paula, LCI ,,Prometeu-Protalent\u201d<\/span><\/p>\n<p><span style=\"font-size: 14pt;\">Nuc\u0103 Andreea, LCI ,,Prometeu-Protalent\u201d<\/span><\/p>\n<p><span style=\"font-size: 14pt;\">\u0218uiu Veronica, LCI ,,Prometeu-Protalent\u201d<\/span><\/p>\n<p><span style=\"font-size: 14pt;\">Sannoufi Adam, LCI ,,Prometeu-Protalent\u201d<\/span><\/p>\n<p><span style=\"font-size: 14pt;\">Palic Zahar, LCI ,,Prometeu-Protalent\u201d<\/span><\/p>\n<p><span style=\"font-size: 14pt;\">Medvi\u021bchi Adrian, LCI ,,Prometeu-Protalent\u201d<\/span><\/p>\n<p>&nbsp;<\/p>\n<p><span style=\"font-size: 14pt;\"><strong>Locul III<\/strong><\/span><\/p>\n<p><span style=\"font-size: 14pt;\">Panici Loredana, LCI ,,Prometeu-Protalent\u201d<\/span><\/p>\n<p><span style=\"font-size: 14pt;\">\u021aanga Roman, LCI ,,Prometeu-Protalent\u201d<\/span><\/p>\n<p><span style=\"font-size: 14pt;\">Rusnaciuc Drago\u0219, LCI ,,Prometeu-Protalent\u201d<\/span><\/p>\n<p><span style=\"font-size: 14pt;\">Cernea Sebastian, LCI ,,Prometeu-Protalent\u201d<\/span><\/p>\n<p><span style=\"font-size: 14pt;\">Tanasiev Vlad, LCI ,,Prometeu-Protalent\u201d<\/span><\/p>\n<p><span style=\"font-size: 14pt;\">Anton Daniel, LCI ,,Prometeu-Protalent\u201d<\/span><\/p>\n<p><span style=\"font-size: 14pt;\">Perciun Andreea, LCI ,,Prometeu-Protalent\u201d<\/span><\/p>\n<p><span style=\"font-size: 14pt;\">Stratan David, LCI ,,Prometeu-Protalent\u201d<\/span><\/p>\n<p><span style=\"font-size: 14pt;\">Munteanu Cr\u0103i\u021ba, LCI ,,Prometeu-Protalent\u201d<\/span><\/p>\n<p><span style=\"font-size: 14pt;\"><strong>Men\u021biune<\/strong><\/span><\/p>\n<ol>\n<li><span style=\"font-size: 14pt;\">Macovei Mia, LCI ,,Prometeu-Protalent\u201d<\/span><\/li>\n<li><span style=\"font-size: 14pt;\">Pribega Laura, LCI ,,Prometeu-Protalent\u201d<\/span><\/li>\n<li><span style=\"font-size: 14pt;\">Stratan Alexandru, LCI ,,Prometeu-Protalent\u201d<\/span><\/li>\n<\/ol>\n<p><span style=\"font-size: 14pt;\"><strong>Clasa a IV-a<\/strong><\/span><\/p>\n<p><span style=\"font-size: 14pt;\"><strong>Locul 2<\/strong><\/span><\/p>\n<p><span style=\"font-size: 14pt;\">Vulpe Nicolae, LCI \u201ePrometeu-Protalent\u201d<\/span><\/p>\n<p><span style=\"font-size: 14pt;\"><strong>Men\u021biune<\/strong><\/span><\/p>\n<p><span style=\"font-size: 14pt;\">Arabadji Margarita, LCI \u201ePrometeu-Protalent\u201d<\/span><\/p>\n<p><span style=\"font-size: 14pt;\">Macovei Tiberius, LCI \u201ePrometeu-Protalent\u201d<\/span><\/p>\n<p><span style=\"font-size: 14pt;\">Cazacu Beatrice, LCI \u201ePrometeu-Protalent\u201d<\/span><\/p>\n<p><span style=\"font-size: 14pt;\">Voitov R\u0103zvan, LCI \u201ePrometeu-Protalent\u201d<\/span><\/p>\n<p><span style=\"font-size: 14pt;\"><strong>Clasa a V-a<\/strong><\/span><\/p>\n<p><span style=\"font-size: 14pt;\"><strong>Locul I<\/strong><\/span><\/p>\n<p><span style=\"font-size: 14pt;\">Cernov Pavel, LCI ,,Prometeu-Protalent\u2019\u2019<\/span><\/p>\n<p><span style=\"font-size: 14pt;\">Bujor Lauren\u021biu, LCI ,,Prometeu-Protalent\u2019\u2019<\/span><\/p>\n<p><span style=\"font-size: 14pt;\">Vizir \u0218tefan, LCI ,,Prometeu-Protalent\u2019\u2019<\/span><\/p>\n<p><span style=\"font-size: 14pt;\"><strong>Locul III<\/strong><\/span><\/p>\n<p><span style=\"font-size: 14pt;\">Motorniuc Robert, LCI ,,Prometeu-Protalent\u2019\u2019<\/span><\/p>\n<p><span style=\"font-size: 14pt;\">G\u0103in\u0103 Marius, LCI ,,Prometeu-Protalent\u2019\u2019<\/span><\/p>\n<p><span style=\"font-size: 14pt;\"><strong>Men\u021biune<\/strong><\/span><\/p>\n<p><span style=\"font-size: 14pt;\">Glava\u021bchi Daria, LCI ,,Prometeu-Protalent\u2019\u2019<\/span><\/p>\n<p><span style=\"font-size: 14pt;\">Medvi\u021bchi Bianca, LCI,,Prometeu-Protalent\u2019\u2019<\/span><\/p>\n<p><span style=\"font-size: 14pt;\"><strong>Clasa a VI-a<\/strong><\/span><\/p>\n<p><span style=\"font-size: 14pt;\"><strong>Locul III<\/strong><\/span><\/p>\n<p><span style=\"font-size: 14pt;\">Pribega Drago\u0219, LCI ,,Prometeu-Protalent\u201d<\/span><\/p>\n<p><span style=\"font-size: 14pt;\"><strong>Men\u021biune <\/strong><\/span><\/p>\n<p><span style=\"font-size: 14pt;\">Malai Alexandru, LCI ,,Prometeu-Protalent\u201d<\/span><\/p>\n<p><span style=\"font-size: 14pt;\"><strong>Clasa a VII-A<\/strong><\/span><\/p>\n<p><span style=\"font-size: 14pt;\"><strong>Locul I<\/strong><\/span><\/p>\n<p><span style=\"font-size: 14pt;\">Untila Robert, LCI ,,Prometeu-Protalent\u201d<\/span><\/p>\n<p><span style=\"font-size: 14pt;\"><strong>Men\u021biune<\/strong><\/span><\/p>\n<p><span style=\"font-size: 14pt;\">Rusnaciuc Anisia, LCI ,,Prometeu-Protalent\u201d<\/span><\/p>\n<p><span style=\"font-size: 14pt;\"><strong>Clasa a VIII-a<\/strong><\/span><\/p>\n<p><span style=\"font-size: 14pt;\"><strong>Locul I<\/strong><\/span><\/p>\n<p><span style=\"font-size: 14pt;\">Iachimov Laura, LCI ,,Prometeu-Protalent\u201d<\/span><\/p>\n<p><span style=\"font-size: 14pt;\"><strong>Locul III<\/strong><\/span><\/p>\n<p><span style=\"font-size: 14pt;\">Popa Cristina, LCI ,,Prometeu-Protalent\u201d.<\/span><\/p>\n","protected":false},"excerpt":{"rendered":"<p>La 28 octombrie 2023, elevii Liceului de Creativitate \u0219i Inventic\u0103 \u201ePrometeu-Protalent\u201d, \u0219i-au demonstrat, \u00een competi\u021bie cu colegi de genera\u021bie din diverse institu\u021bii de \u00eenv\u0103\u021b\u0103m\u00e2nt, aptitudinile la cea mai fascinant\u0103 disciplin\u0103 &#8211; matematica, ob\u021bin\u00e2nd rezultate deosebit de \u00eembucur\u0103toare.\u00a0 Concursul de matematic\u0103, ajuns la cea de-a XXX-a edi\u021bie, a fost organizat de A.O. \u201eICAR\u201d, care \u0219i-a asumat [&hellip;]<\/p>\n","protected":false},"author":1,"featured_media":7160,"comment_status":"open","ping_status":"open","sticky":false,"template":"","format":"standard","meta":{"_price":"","_stock":"","_tribe_ticket_header":"","_tribe_default_ticket_provider":"","_tribe_ticket_capacity":"0","_ticket_start_date":"","_ticket_end_date":"","_tribe_ticket_show_description":"","_tribe_ticket_show_not_going":false,"_tribe_ticket_use_global_stock":"","_tribe_ticket_global_stock_level":"","_global_stock_mode":"","_global_stock_cap":"","_tribe_rsvp_for_event":"","_tribe_ticket_going_count":"","_tribe_ticket_not_going_count":"","_tribe_tickets_list":"[]","_tribe_ticket_has_attendee_info_fields":false,"footnotes":""},"categories":[89,90,86,80,1],"tags":[],"class_list":["post-7159","post","type-post","status-publish","format-standard","has-post-thumbnail","hentry","category-blog","category-caleidoscopul-activitatilor-extrascolare","category-concursuri","category-toate-categoriile","category-uncategorized"],"_links":{"self":[{"href":"https:\/\/www.liceulprometeuprotalent.md\/index.php?rest_route=\/wp\/v2\/posts\/7159","targetHints":{"allow":["GET"]}}],"collection":[{"href":"https:\/\/www.liceulprometeuprotalent.md\/index.php?rest_route=\/wp\/v2\/posts"}],"about":[{"href":"https:\/\/www.liceulprometeuprotalent.md\/index.php?rest_route=\/wp\/v2\/types\/post"}],"author":[{"embeddable":true,"href":"https:\/\/www.liceulprometeuprotalent.md\/index.php?rest_route=\/wp\/v2\/users\/1"}],"replies":[{"embeddable":true,"href":"https:\/\/www.liceulprometeuprotalent.md\/index.php?rest_route=%2Fwp%2Fv2%2Fcomments&post=7159"}],"version-history":[{"count":1,"href":"https:\/\/www.liceulprometeuprotalent.md\/index.php?rest_route=\/wp\/v2\/posts\/7159\/revisions"}],"predecessor-version":[{"id":7161,"href":"https:\/\/www.liceulprometeuprotalent.md\/index.php?rest_route=\/wp\/v2\/posts\/7159\/revisions\/7161"}],"wp:featuredmedia":[{"embeddable":true,"href":"https:\/\/www.liceulprometeuprotalent.md\/index.php?rest_route=\/wp\/v2\/media\/7160"}],"wp:attachment":[{"href":"https:\/\/www.liceulprometeuprotalent.md\/index.php?rest_route=%2Fwp%2Fv2%2Fmedia&parent=7159"}],"wp:term":[{"taxonomy":"category","embeddable":true,"href":"https:\/\/www.liceulprometeuprotalent.md\/index.php?rest_route=%2Fwp%2Fv2%2Fcategories&post=7159"},{"taxonomy":"post_tag","embeddable":true,"href":"https:\/\/www.liceulprometeuprotalent.md\/index.php?rest_route=%2Fwp%2Fv2%2Ftags&post=7159"}],"curies":[{"name":"wp","href":"https:\/\/api.w.org\/{rel}","templated":true}]}}