{"id":7185,"date":"2023-11-14T09:49:53","date_gmt":"2023-11-14T09:49:53","guid":{"rendered":"https:\/\/www.liceulprometeuprotalent.md\/?p=7185"},"modified":"2023-11-14T09:49:53","modified_gmt":"2023-11-14T09:49:53","slug":"bucurii-sportive","status":"publish","type":"post","link":"https:\/\/www.liceulprometeuprotalent.md\/?p=7185","title":{"rendered":"Bucurii sportive"},"content":{"rendered":"<p><span style=\"font-size: 14pt;\">Elevii claselor primare ale Liceului de Creativitate \u0219i Inventic\u0103 \u201ePrometeu-Protalent\u201d au participat s\u00e2mb\u0103t\u0103, 11 noiembrie 2023, la Campionatul Municipiului Chi\u0219in\u0103u la rugby-tag, devenind de\u021bin\u0103tori ai locurilor de frunte, dup\u0103 cum urmeaz\u0103:<\/span><\/p>\n<p><span style=\"font-size: 14pt;\">clasele I-a \u0219i a II-a\u00a0&#8211; locul I;<\/span><\/p>\n<p><span style=\"font-size: 14pt;\">clasa a III-a &#8211; locul I;<\/span><\/p>\n<p><span style=\"font-size: 14pt;\">clasa a IV-a &#8211; locul II.<\/span><\/p>\n<p><span style=\"font-size: 14pt;\">\u00cenving\u0103torii au fost aprecia\u021bi cu diplome \u0219i premii \u00een cadrul unei ceremonii festive, care a avut loc pe terenul sportiv al Universit\u0103\u021bii Tehnice din Chi\u0219in\u0103u.<\/span><\/p>\n<p><span style=\"font-size: 14pt;\">Men\u021bion\u0103m c\u0103 succesele deosebit de valoroase ale elevilor no\u0219tri (la competi\u021bie au participat peste 200 de elevi de la institu\u021biile de \u00eenv\u0103\u021b\u0103m\u00e2nt din capital\u0103 \u0219i din republic\u0103) au fost ob\u021binute gra\u021bie antrenamentelor eficiente efectuate de dl Vadim \u021aurcan, profesor de educa\u021bie fizic\u0103, care reu\u0219e\u0219te s\u0103-i motiveze \u0219i s\u0103-i sprijine pe discipoli at\u00e2t pentru participare la competi\u021bii, c\u00e2t \u0219i pentru \u00eensu\u0219irea modului s\u0103n\u0103tos de via\u021b\u0103.<\/span><\/p>\n<p><span style=\"font-size: 14pt;\">Bravo, dragi elevi!<br \/>\n<\/span><span style=\"font-size: 14pt;\">Mul\u021bumim, dle profesor, Vadim \u021aurcan!<br \/>\n<\/span><span style=\"font-size: 14pt;\">Nota bene: Campionatul Municipiului Chi\u0219in\u0103u la rugby-tag a fost organizat de DGETS \u00een comun cu Asocia\u021bia de Rugby din Municipiul Chi\u0219in\u0103u \u0219i Federa\u021bia Sportiv\u0103 Na\u021bional\u0103 de Rugby din Republica Moldova. Scopul campionatului: \u00a0verificarea nivelului de preg\u0103tire \u0219i perfec\u021bionare a m\u0103iestriei micilor sportivi, inclusiv selec\u021bionarea celor mai buni dintre ei pentru participare la competi\u021bii na\u021bionale \u0219i interna\u021bionale.<\/span><\/p>\n<p><span style=\"font-size: 14pt;\">Urm\u0103torul eveniment de acest fel urmeaz\u0103 a fi organizat \u00een preajma S\u0103rb\u0103torilor de Iarn\u0103 \u0219i va purta titlul \u201eCupa lui Mo\u0219 Cr\u0103ciun.\u201d<\/span><\/p>\n<p><img decoding=\"async\" class=\"alignnone wp-image-7186 size-fusion-400\" src=\"https:\/\/www.liceulprometeuprotalent.md\/wp-content\/uploads\/2023\/11\/viber_image_2023-11-13_12-37-37-181-400x709.jpg\" alt=\"\" width=\"400\" height=\"709\" srcset=\"https:\/\/www.liceulprometeuprotalent.md\/wp-content\/uploads\/2023\/11\/viber_image_2023-11-13_12-37-37-181-169x300.jpg 169w, https:\/\/www.liceulprometeuprotalent.md\/wp-content\/uploads\/2023\/11\/viber_image_2023-11-13_12-37-37-181-200x355.jpg 200w, https:\/\/www.liceulprometeuprotalent.md\/wp-content\/uploads\/2023\/11\/viber_image_2023-11-13_12-37-37-181-400x709.jpg 400w, https:\/\/www.liceulprometeuprotalent.md\/wp-content\/uploads\/2023\/11\/viber_image_2023-11-13_12-37-37-181-578x1024.jpg 578w, https:\/\/www.liceulprometeuprotalent.md\/wp-content\/uploads\/2023\/11\/viber_image_2023-11-13_12-37-37-181-600x1064.jpg 600w, https:\/\/www.liceulprometeuprotalent.md\/wp-content\/uploads\/2023\/11\/viber_image_2023-11-13_12-37-37-181-768x1361.jpg 768w, https:\/\/www.liceulprometeuprotalent.md\/wp-content\/uploads\/2023\/11\/viber_image_2023-11-13_12-37-37-181-800x1418.jpg 800w, https:\/\/www.liceulprometeuprotalent.md\/wp-content\/uploads\/2023\/11\/viber_image_2023-11-13_12-37-37-181-866x1536.jpg 866w, https:\/\/www.liceulprometeuprotalent.md\/wp-content\/uploads\/2023\/11\/viber_image_2023-11-13_12-37-37-181.jpg 902w\" sizes=\"(max-width: 400px) 100vw, 400px\" \/> <img decoding=\"async\" class=\"alignnone wp-image-7187 size-fusion-400\" src=\"https:\/\/www.liceulprometeuprotalent.md\/wp-content\/uploads\/2023\/11\/viber_image_2023-11-13_12-37-00-347-400x533.jpg\" alt=\"\" width=\"400\" height=\"533\" srcset=\"https:\/\/www.liceulprometeuprotalent.md\/wp-content\/uploads\/2023\/11\/viber_image_2023-11-13_12-37-00-347-200x267.jpg 200w, https:\/\/www.liceulprometeuprotalent.md\/wp-content\/uploads\/2023\/11\/viber_image_2023-11-13_12-37-00-347-225x300.jpg 225w, https:\/\/www.liceulprometeuprotalent.md\/wp-content\/uploads\/2023\/11\/viber_image_2023-11-13_12-37-00-347-400x533.jpg 400w, https:\/\/www.liceulprometeuprotalent.md\/wp-content\/uploads\/2023\/11\/viber_image_2023-11-13_12-37-00-347-600x800.jpg 600w, https:\/\/www.liceulprometeuprotalent.md\/wp-content\/uploads\/2023\/11\/viber_image_2023-11-13_12-37-00-347-768x1024.jpg 768w, https:\/\/www.liceulprometeuprotalent.md\/wp-content\/uploads\/2023\/11\/viber_image_2023-11-13_12-37-00-347-800x1067.jpg 800w, https:\/\/www.liceulprometeuprotalent.md\/wp-content\/uploads\/2023\/11\/viber_image_2023-11-13_12-37-00-347-1152x1536.jpg 1152w, https:\/\/www.liceulprometeuprotalent.md\/wp-content\/uploads\/2023\/11\/viber_image_2023-11-13_12-37-00-347.jpg 1200w\" sizes=\"(max-width: 400px) 100vw, 400px\" \/> <img decoding=\"async\" class=\"alignnone wp-image-7188 size-fusion-400\" src=\"https:\/\/www.liceulprometeuprotalent.md\/wp-content\/uploads\/2023\/11\/viber_image_2023-11-13_12-36-13-655-400x533.jpg\" alt=\"\" width=\"400\" height=\"533\" srcset=\"https:\/\/www.liceulprometeuprotalent.md\/wp-content\/uploads\/2023\/11\/viber_image_2023-11-13_12-36-13-655-200x267.jpg 200w, https:\/\/www.liceulprometeuprotalent.md\/wp-content\/uploads\/2023\/11\/viber_image_2023-11-13_12-36-13-655-225x300.jpg 225w, https:\/\/www.liceulprometeuprotalent.md\/wp-content\/uploads\/2023\/11\/viber_image_2023-11-13_12-36-13-655-400x533.jpg 400w, https:\/\/www.liceulprometeuprotalent.md\/wp-content\/uploads\/2023\/11\/viber_image_2023-11-13_12-36-13-655-600x800.jpg 600w, https:\/\/www.liceulprometeuprotalent.md\/wp-content\/uploads\/2023\/11\/viber_image_2023-11-13_12-36-13-655-768x1024.jpg 768w, https:\/\/www.liceulprometeuprotalent.md\/wp-content\/uploads\/2023\/11\/viber_image_2023-11-13_12-36-13-655-800x1067.jpg 800w, https:\/\/www.liceulprometeuprotalent.md\/wp-content\/uploads\/2023\/11\/viber_image_2023-11-13_12-36-13-655-1152x1536.jpg 1152w, https:\/\/www.liceulprometeuprotalent.md\/wp-content\/uploads\/2023\/11\/viber_image_2023-11-13_12-36-13-655.jpg 1200w\" sizes=\"(max-width: 400px) 100vw, 400px\" \/> <img decoding=\"async\" class=\"alignnone wp-image-7189 size-fusion-400\" src=\"https:\/\/www.liceulprometeuprotalent.md\/wp-content\/uploads\/2023\/11\/399794602_690971286514004_764900924800236946_n-400x299.jpg\" alt=\"\" width=\"400\" height=\"299\" srcset=\"https:\/\/www.liceulprometeuprotalent.md\/wp-content\/uploads\/2023\/11\/399794602_690971286514004_764900924800236946_n-200x150.jpg 200w, https:\/\/www.liceulprometeuprotalent.md\/wp-content\/uploads\/2023\/11\/399794602_690971286514004_764900924800236946_n-300x225.jpg 300w, https:\/\/www.liceulprometeuprotalent.md\/wp-content\/uploads\/2023\/11\/399794602_690971286514004_764900924800236946_n-400x299.jpg 400w, https:\/\/www.liceulprometeuprotalent.md\/wp-content\/uploads\/2023\/11\/399794602_690971286514004_764900924800236946_n-600x449.jpg 600w, https:\/\/www.liceulprometeuprotalent.md\/wp-content\/uploads\/2023\/11\/399794602_690971286514004_764900924800236946_n-768x575.jpg 768w, https:\/\/www.liceulprometeuprotalent.md\/wp-content\/uploads\/2023\/11\/399794602_690971286514004_764900924800236946_n-800x599.jpg 800w, https:\/\/www.liceulprometeuprotalent.md\/wp-content\/uploads\/2023\/11\/399794602_690971286514004_764900924800236946_n-1024x767.jpg 1024w, https:\/\/www.liceulprometeuprotalent.md\/wp-content\/uploads\/2023\/11\/399794602_690971286514004_764900924800236946_n.jpg 1170w\" sizes=\"(max-width: 400px) 100vw, 400px\" \/><\/p>\n","protected":false},"excerpt":{"rendered":"<p>Elevii claselor primare ale Liceului de Creativitate \u0219i Inventic\u0103 \u201ePrometeu-Protalent\u201d au participat s\u00e2mb\u0103t\u0103, 11 noiembrie 2023, la Campionatul Municipiului Chi\u0219in\u0103u la rugby-tag, devenind de\u021bin\u0103tori ai locurilor de frunte, dup\u0103 cum urmeaz\u0103: clasele I-a \u0219i a II-a\u00a0&#8211; locul I; clasa a III-a &#8211; locul I; clasa a IV-a &#8211; locul II. \u00cenving\u0103torii au fost aprecia\u021bi cu [&hellip;]<\/p>\n","protected":false},"author":1,"featured_media":7189,"comment_status":"open","ping_status":"open","sticky":false,"template":"","format":"standard","meta":{"_price":"","_stock":"","_tribe_ticket_header":"","_tribe_default_ticket_provider":"","_tribe_ticket_capacity":"0","_ticket_start_date":"","_ticket_end_date":"","_tribe_ticket_show_description":"","_tribe_ticket_show_not_going":false,"_tribe_ticket_use_global_stock":"","_tribe_ticket_global_stock_level":"","_global_stock_mode":"","_global_stock_cap":"","_tribe_rsvp_for_event":"","_tribe_ticket_going_count":"","_tribe_ticket_not_going_count":"","_tribe_tickets_list":"[]","_tribe_ticket_has_attendee_info_fields":false,"footnotes":""},"categories":[89,90,80,1],"tags":[],"class_list":["post-7185","post","type-post","status-publish","format-standard","has-post-thumbnail","hentry","category-blog","category-caleidoscopul-activitatilor-extrascolare","category-toate-categoriile","category-uncategorized"],"_links":{"self":[{"href":"https:\/\/www.liceulprometeuprotalent.md\/index.php?rest_route=\/wp\/v2\/posts\/7185","targetHints":{"allow":["GET"]}}],"collection":[{"href":"https:\/\/www.liceulprometeuprotalent.md\/index.php?rest_route=\/wp\/v2\/posts"}],"about":[{"href":"https:\/\/www.liceulprometeuprotalent.md\/index.php?rest_route=\/wp\/v2\/types\/post"}],"author":[{"embeddable":true,"href":"https:\/\/www.liceulprometeuprotalent.md\/index.php?rest_route=\/wp\/v2\/users\/1"}],"replies":[{"embeddable":true,"href":"https:\/\/www.liceulprometeuprotalent.md\/index.php?rest_route=%2Fwp%2Fv2%2Fcomments&post=7185"}],"version-history":[{"count":1,"href":"https:\/\/www.liceulprometeuprotalent.md\/index.php?rest_route=\/wp\/v2\/posts\/7185\/revisions"}],"predecessor-version":[{"id":7190,"href":"https:\/\/www.liceulprometeuprotalent.md\/index.php?rest_route=\/wp\/v2\/posts\/7185\/revisions\/7190"}],"wp:featuredmedia":[{"embeddable":true,"href":"https:\/\/www.liceulprometeuprotalent.md\/index.php?rest_route=\/wp\/v2\/media\/7189"}],"wp:attachment":[{"href":"https:\/\/www.liceulprometeuprotalent.md\/index.php?rest_route=%2Fwp%2Fv2%2Fmedia&parent=7185"}],"wp:term":[{"taxonomy":"category","embeddable":true,"href":"https:\/\/www.liceulprometeuprotalent.md\/index.php?rest_route=%2Fwp%2Fv2%2Fcategories&post=7185"},{"taxonomy":"post_tag","embeddable":true,"href":"https:\/\/www.liceulprometeuprotalent.md\/index.php?rest_route=%2Fwp%2Fv2%2Ftags&post=7185"}],"curies":[{"name":"wp","href":"https:\/\/api.w.org\/{rel}","templated":true}]}}