{"id":7191,"date":"2023-11-17T07:03:25","date_gmt":"2023-11-17T07:03:25","guid":{"rendered":"https:\/\/www.liceulprometeuprotalent.md\/?p=7191"},"modified":"2023-11-17T07:03:25","modified_gmt":"2023-11-17T07:03:25","slug":"tendinte-si-provocari-actuale-in-predarea-limbilor-straine","status":"publish","type":"post","link":"https:\/\/www.liceulprometeuprotalent.md\/?p=7191","title":{"rendered":"Tendin\u021be \u0219i provoc\u0103ri actuale \u00een predarea limbilor str\u0103ine"},"content":{"rendered":"<p><span style=\"font-size: 14pt;\">\u00cen perioada 8-12 noiembrie 2023, doamna Larisa Silvestru, directoarea Liceului de Creativitate \u0219i Inventic\u0103 \u201ePrometeu-Protalent\u201d, \u00eempreun\u0103 cu profesorii de limb\u0103 englez\u0103, doamna Natalia Dubencu, doamna Olga Ciorici \u0219i domnul Vasile Chiper, au participat la Workshop-urile primei edi\u021bii a Conferin\u021bei Interna\u021bionale \u201eInterconnected Learning and Teaching in the Post-Pandemic Era- Tendin\u021be \u0219i provoc\u0103ri \u00een predarea limbilor str\u0103ine (ILT)\u201d, desf\u0103\u0219urat\u0103 \u00een ora\u0219ul Ia\u0219i, Rom\u00e2nia.<\/span><\/p>\n<p><span style=\"font-size: 14pt;\">Pe l\u00e2ng\u0103 prelegerile academice, gazdele Conferin\u021bei au facilitat organizarea a 27 de ateliere, sus\u021binute de formatori \u0219i profesori de limbi str\u0103ine, \u00een diferite limbi (englez\u0103, german\u0103, francez\u0103, norvegian\u0103 \u0219i rus\u0103), ce s-au constituit \u00een activit\u0103\u021bi de real folos didactic pentru fiecare participant.<\/span><\/p>\n<p><span style=\"font-size: 14pt;\">\u201eAm revenit de la aceast\u0103 Conferin\u021b\u0103, m\u0103rturise\u0219te doamna Natalia Dubencu, cu idei inovative, pe care le vom \u00eemp\u0103rt\u0103\u0219i colegilor de la catedra de limbi str\u0103ine \u0219i le vom implementa la orele de limb\u0103 englez\u0103. Pentru mine, au prezentat interes major temele &#8211; Predarea \u0219i \u00eenv\u0103\u021barea \u00een realitatea virtual\u0103 \u0219i Media 360\u00b0. Prima tem\u0103 const\u0103 \u00een elaborarea personajelor digitale la orele de limbi str\u0103ine &#8211; o nara\u021biune spus\u0103 de emo\u021bii \u0219i polite\u021be, iar a doua &#8211; Media 360\u00b0 &#8211; \u00eenseamn\u0103 un tur virtual \u00een orice loc din lume, spre exemplu &#8211; Casa Alb\u0103, Big Ben, lumea subacvatic\u0103 etc. Elevii pot vizita virtual tot ce-\u0219i doresc,dar se va valorifica \u0219i\u00a0 dezvoltarea vocabularului de c\u0103tre profesor. A fost foarte interesant \u0219i progresiv.\u201d<\/span><\/p>\n<p><span style=\"font-size: 14pt;\">Exprim\u0103m mul\u021bumiri cordiale organizatorilor Conferin\u021bei pentru oportunitatea de a participa la lucr\u0103rile acestui inedit for \u0219tiin\u021bific, care contribuie la adaptarea competen\u021belor profesionale la noile provoc\u0103ri \u0219i schimb\u0103ri \u00een sistemul de \u00eenv\u0103\u021b\u0103m\u00e2nt.<\/span><\/p>\n<p style=\"text-align: center;\"><img decoding=\"async\" class=\"alignnone wp-image-7192 size-fusion-400\" src=\"https:\/\/www.liceulprometeuprotalent.md\/wp-content\/uploads\/2023\/11\/viber_image_2023-11-14_21-23-30-700-400x533.jpg\" alt=\"\" width=\"400\" height=\"533\" srcset=\"https:\/\/www.liceulprometeuprotalent.md\/wp-content\/uploads\/2023\/11\/viber_image_2023-11-14_21-23-30-700-200x267.jpg 200w, https:\/\/www.liceulprometeuprotalent.md\/wp-content\/uploads\/2023\/11\/viber_image_2023-11-14_21-23-30-700-225x300.jpg 225w, https:\/\/www.liceulprometeuprotalent.md\/wp-content\/uploads\/2023\/11\/viber_image_2023-11-14_21-23-30-700-400x533.jpg 400w, https:\/\/www.liceulprometeuprotalent.md\/wp-content\/uploads\/2023\/11\/viber_image_2023-11-14_21-23-30-700-600x800.jpg 600w, https:\/\/www.liceulprometeuprotalent.md\/wp-content\/uploads\/2023\/11\/viber_image_2023-11-14_21-23-30-700-768x1024.jpg 768w, https:\/\/www.liceulprometeuprotalent.md\/wp-content\/uploads\/2023\/11\/viber_image_2023-11-14_21-23-30-700-800x1067.jpg 800w, https:\/\/www.liceulprometeuprotalent.md\/wp-content\/uploads\/2023\/11\/viber_image_2023-11-14_21-23-30-700-1152x1536.jpg 1152w, https:\/\/www.liceulprometeuprotalent.md\/wp-content\/uploads\/2023\/11\/viber_image_2023-11-14_21-23-30-700.jpg 1200w\" sizes=\"(max-width: 400px) 100vw, 400px\" \/> <img decoding=\"async\" class=\"alignnone wp-image-7194 size-fusion-400\" src=\"https:\/\/www.liceulprometeuprotalent.md\/wp-content\/uploads\/2023\/11\/viber_image_2023-11-14_21-23-30-565-400x531.jpg\" alt=\"\" width=\"400\" height=\"531\" srcset=\"https:\/\/www.liceulprometeuprotalent.md\/wp-content\/uploads\/2023\/11\/viber_image_2023-11-14_21-23-30-565-200x266.jpg 200w, https:\/\/www.liceulprometeuprotalent.md\/wp-content\/uploads\/2023\/11\/viber_image_2023-11-14_21-23-30-565-226x300.jpg 226w, https:\/\/www.liceulprometeuprotalent.md\/wp-content\/uploads\/2023\/11\/viber_image_2023-11-14_21-23-30-565-400x531.jpg 400w, https:\/\/www.liceulprometeuprotalent.md\/wp-content\/uploads\/2023\/11\/viber_image_2023-11-14_21-23-30-565-600x797.jpg 600w, https:\/\/www.liceulprometeuprotalent.md\/wp-content\/uploads\/2023\/11\/viber_image_2023-11-14_21-23-30-565-768x1020.jpg 768w, https:\/\/www.liceulprometeuprotalent.md\/wp-content\/uploads\/2023\/11\/viber_image_2023-11-14_21-23-30-565-771x1024.jpg 771w, https:\/\/www.liceulprometeuprotalent.md\/wp-content\/uploads\/2023\/11\/viber_image_2023-11-14_21-23-30-565-800x1062.jpg 800w, https:\/\/www.liceulprometeuprotalent.md\/wp-content\/uploads\/2023\/11\/viber_image_2023-11-14_21-23-30-565-1157x1536.jpg 1157w, https:\/\/www.liceulprometeuprotalent.md\/wp-content\/uploads\/2023\/11\/viber_image_2023-11-14_21-23-30-565-1200x1593.jpg 1200w, https:\/\/www.liceulprometeuprotalent.md\/wp-content\/uploads\/2023\/11\/viber_image_2023-11-14_21-23-30-565.jpg 1205w\" sizes=\"(max-width: 400px) 100vw, 400px\" \/> <img decoding=\"async\" class=\"alignnone wp-image-7193 size-fusion-800\" src=\"https:\/\/www.liceulprometeuprotalent.md\/wp-content\/uploads\/2023\/11\/viber_image_2023-11-14_21-23-30-901-800x603.jpg\" alt=\"\" width=\"800\" height=\"603\" srcset=\"https:\/\/www.liceulprometeuprotalent.md\/wp-content\/uploads\/2023\/11\/viber_image_2023-11-14_21-23-30-901-200x151.jpg 200w, https:\/\/www.liceulprometeuprotalent.md\/wp-content\/uploads\/2023\/11\/viber_image_2023-11-14_21-23-30-901-300x226.jpg 300w, https:\/\/www.liceulprometeuprotalent.md\/wp-content\/uploads\/2023\/11\/viber_image_2023-11-14_21-23-30-901-400x301.jpg 400w, https:\/\/www.liceulprometeuprotalent.md\/wp-content\/uploads\/2023\/11\/viber_image_2023-11-14_21-23-30-901-600x452.jpg 600w, https:\/\/www.liceulprometeuprotalent.md\/wp-content\/uploads\/2023\/11\/viber_image_2023-11-14_21-23-30-901-768x578.jpg 768w, https:\/\/www.liceulprometeuprotalent.md\/wp-content\/uploads\/2023\/11\/viber_image_2023-11-14_21-23-30-901-800x603.jpg 800w, https:\/\/www.liceulprometeuprotalent.md\/wp-content\/uploads\/2023\/11\/viber_image_2023-11-14_21-23-30-901-1024x771.jpg 1024w, https:\/\/www.liceulprometeuprotalent.md\/wp-content\/uploads\/2023\/11\/viber_image_2023-11-14_21-23-30-901-1200x904.jpg 1200w, https:\/\/www.liceulprometeuprotalent.md\/wp-content\/uploads\/2023\/11\/viber_image_2023-11-14_21-23-30-901-1536x1157.jpg 1536w, https:\/\/www.liceulprometeuprotalent.md\/wp-content\/uploads\/2023\/11\/viber_image_2023-11-14_21-23-30-901.jpg 1600w\" sizes=\"(max-width: 800px) 100vw, 800px\" \/><\/p>\n","protected":false},"excerpt":{"rendered":"<p>\u00cen perioada 8-12 noiembrie 2023, doamna Larisa Silvestru, directoarea Liceului de Creativitate \u0219i Inventic\u0103 \u201ePrometeu-Protalent\u201d, \u00eempreun\u0103 cu profesorii de limb\u0103 englez\u0103, doamna Natalia Dubencu, doamna Olga Ciorici \u0219i domnul Vasile Chiper, au participat la Workshop-urile primei edi\u021bii a Conferin\u021bei Interna\u021bionale \u201eInterconnected Learning and Teaching in the Post-Pandemic Era- Tendin\u021be \u0219i provoc\u0103ri \u00een predarea limbilor str\u0103ine [&hellip;]<\/p>\n","protected":false},"author":1,"featured_media":7195,"comment_status":"open","ping_status":"open","sticky":false,"template":"","format":"standard","meta":{"_price":"","_stock":"","_tribe_ticket_header":"","_tribe_default_ticket_provider":"","_tribe_ticket_capacity":"0","_ticket_start_date":"","_ticket_end_date":"","_tribe_ticket_show_description":"","_tribe_ticket_show_not_going":false,"_tribe_ticket_use_global_stock":"","_tribe_ticket_global_stock_level":"","_global_stock_mode":"","_global_stock_cap":"","_tribe_rsvp_for_event":"","_tribe_ticket_going_count":"","_tribe_ticket_not_going_count":"","_tribe_tickets_list":"[]","_tribe_ticket_has_attendee_info_fields":false,"footnotes":""},"categories":[89,80,1],"tags":[],"class_list":["post-7191","post","type-post","status-publish","format-standard","has-post-thumbnail","hentry","category-blog","category-toate-categoriile","category-uncategorized"],"_links":{"self":[{"href":"https:\/\/www.liceulprometeuprotalent.md\/index.php?rest_route=\/wp\/v2\/posts\/7191","targetHints":{"allow":["GET"]}}],"collection":[{"href":"https:\/\/www.liceulprometeuprotalent.md\/index.php?rest_route=\/wp\/v2\/posts"}],"about":[{"href":"https:\/\/www.liceulprometeuprotalent.md\/index.php?rest_route=\/wp\/v2\/types\/post"}],"author":[{"embeddable":true,"href":"https:\/\/www.liceulprometeuprotalent.md\/index.php?rest_route=\/wp\/v2\/users\/1"}],"replies":[{"embeddable":true,"href":"https:\/\/www.liceulprometeuprotalent.md\/index.php?rest_route=%2Fwp%2Fv2%2Fcomments&post=7191"}],"version-history":[{"count":2,"href":"https:\/\/www.liceulprometeuprotalent.md\/index.php?rest_route=\/wp\/v2\/posts\/7191\/revisions"}],"predecessor-version":[{"id":7197,"href":"https:\/\/www.liceulprometeuprotalent.md\/index.php?rest_route=\/wp\/v2\/posts\/7191\/revisions\/7197"}],"wp:featuredmedia":[{"embeddable":true,"href":"https:\/\/www.liceulprometeuprotalent.md\/index.php?rest_route=\/wp\/v2\/media\/7195"}],"wp:attachment":[{"href":"https:\/\/www.liceulprometeuprotalent.md\/index.php?rest_route=%2Fwp%2Fv2%2Fmedia&parent=7191"}],"wp:term":[{"taxonomy":"category","embeddable":true,"href":"https:\/\/www.liceulprometeuprotalent.md\/index.php?rest_route=%2Fwp%2Fv2%2Fcategories&post=7191"},{"taxonomy":"post_tag","embeddable":true,"href":"https:\/\/www.liceulprometeuprotalent.md\/index.php?rest_route=%2Fwp%2Fv2%2Ftags&post=7191"}],"curies":[{"name":"wp","href":"https:\/\/api.w.org\/{rel}","templated":true}]}}