{"id":7201,"date":"2023-11-20T13:39:57","date_gmt":"2023-11-20T13:39:57","guid":{"rendered":"https:\/\/www.liceulprometeuprotalent.md\/?p=7201"},"modified":"2023-11-20T13:39:57","modified_gmt":"2023-11-20T13:39:57","slug":"o-excursie-de-poveste","status":"publish","type":"post","link":"https:\/\/www.liceulprometeuprotalent.md\/?p=7201","title":{"rendered":"O excursie de poveste"},"content":{"rendered":"<p>\u00cen zilele 17-19 noiembrie 2023, un grup de cadre didactice de la Liceul de Creativitate \u0219i Inventic\u0103 \u201ePrometeu-Protalent\u201d au efectuat o scurt\u0103 excursie \u00een \u201edulcea Bucovin\u0103\u201d, acolo unde, m\u0103n\u0103stirile vizitate &#8211; Dragomirna, P\u0103tr\u0103u\u021bi, Arbore, Putna, Sucevi\u021ba, Humor \u0219i Vorone\u021b, se \u00eembr\u0103cau instantaneu \u00een imaculate straie de iarn\u0103, albul imaculat al c\u0103rora fermecau privirile tuturor. Locurile de evlavioas\u0103 credin\u021b\u0103, ad\u00e2ncit\u0103 \u00een veacuri, peisajele de poveste, d\u0103ruite generos de mama Natur\u0103, intercalate cu veritabile lec\u021bii de istorie, sus\u021binute de doamna Eugenia Negru, profesoar\u0103 de istoria rom\u00e2nilor \u0219i universal\u0103 a Liceului, au reu\u0219it s\u0103 creeze colegelor amintiri de neuitat, dar \u0219i s\u0103 tr\u0103iasc\u0103 o profund\u0103 redresare spiritual\u0103.<\/p>\n<p style=\"text-align: center;\">\u00a0<img decoding=\"async\" class=\"alignnone wp-image-7203 size-fusion-400\" src=\"https:\/\/www.liceulprometeuprotalent.md\/wp-content\/uploads\/2023\/11\/IMG_5019-400x300.jpg\" alt=\"\" width=\"400\" height=\"300\" srcset=\"https:\/\/www.liceulprometeuprotalent.md\/wp-content\/uploads\/2023\/11\/IMG_5019-200x150.jpg 200w, https:\/\/www.liceulprometeuprotalent.md\/wp-content\/uploads\/2023\/11\/IMG_5019-300x225.jpg 300w, https:\/\/www.liceulprometeuprotalent.md\/wp-content\/uploads\/2023\/11\/IMG_5019-400x300.jpg 400w, https:\/\/www.liceulprometeuprotalent.md\/wp-content\/uploads\/2023\/11\/IMG_5019-600x450.jpg 600w, https:\/\/www.liceulprometeuprotalent.md\/wp-content\/uploads\/2023\/11\/IMG_5019-768x576.jpg 768w, https:\/\/www.liceulprometeuprotalent.md\/wp-content\/uploads\/2023\/11\/IMG_5019-800x600.jpg 800w, https:\/\/www.liceulprometeuprotalent.md\/wp-content\/uploads\/2023\/11\/IMG_5019-1024x768.jpg 1024w, https:\/\/www.liceulprometeuprotalent.md\/wp-content\/uploads\/2023\/11\/IMG_5019-1200x900.jpg 1200w, https:\/\/www.liceulprometeuprotalent.md\/wp-content\/uploads\/2023\/11\/IMG_5019-1536x1152.jpg 1536w\" sizes=\"(max-width: 400px) 100vw, 400px\" \/> <img decoding=\"async\" class=\"alignnone wp-image-7204 size-fusion-400\" src=\"https:\/\/www.liceulprometeuprotalent.md\/wp-content\/uploads\/2023\/11\/IMG_4980-400x300.jpg\" alt=\"\" width=\"400\" height=\"300\" srcset=\"https:\/\/www.liceulprometeuprotalent.md\/wp-content\/uploads\/2023\/11\/IMG_4980-200x150.jpg 200w, https:\/\/www.liceulprometeuprotalent.md\/wp-content\/uploads\/2023\/11\/IMG_4980-300x225.jpg 300w, https:\/\/www.liceulprometeuprotalent.md\/wp-content\/uploads\/2023\/11\/IMG_4980-400x300.jpg 400w, https:\/\/www.liceulprometeuprotalent.md\/wp-content\/uploads\/2023\/11\/IMG_4980-600x450.jpg 600w, https:\/\/www.liceulprometeuprotalent.md\/wp-content\/uploads\/2023\/11\/IMG_4980-768x576.jpg 768w, https:\/\/www.liceulprometeuprotalent.md\/wp-content\/uploads\/2023\/11\/IMG_4980-800x600.jpg 800w, https:\/\/www.liceulprometeuprotalent.md\/wp-content\/uploads\/2023\/11\/IMG_4980-1024x768.jpg 1024w, https:\/\/www.liceulprometeuprotalent.md\/wp-content\/uploads\/2023\/11\/IMG_4980-1200x900.jpg 1200w, https:\/\/www.liceulprometeuprotalent.md\/wp-content\/uploads\/2023\/11\/IMG_4980-1536x1152.jpg 1536w\" sizes=\"(max-width: 400px) 100vw, 400px\" \/><img decoding=\"async\" class=\"alignnone wp-image-7202 size-fusion-600\" src=\"https:\/\/www.liceulprometeuprotalent.md\/wp-content\/uploads\/2023\/11\/image_123650291-600x1212.jpg\" alt=\"\" width=\"600\" height=\"1212\" srcset=\"https:\/\/www.liceulprometeuprotalent.md\/wp-content\/uploads\/2023\/11\/image_123650291-149x300.jpg 149w, https:\/\/www.liceulprometeuprotalent.md\/wp-content\/uploads\/2023\/11\/image_123650291-200x404.jpg 200w, https:\/\/www.liceulprometeuprotalent.md\/wp-content\/uploads\/2023\/11\/image_123650291-400x808.jpg 400w, https:\/\/www.liceulprometeuprotalent.md\/wp-content\/uploads\/2023\/11\/image_123650291-507x1024.jpg 507w, https:\/\/www.liceulprometeuprotalent.md\/wp-content\/uploads\/2023\/11\/image_123650291-600x1212.jpg 600w, https:\/\/www.liceulprometeuprotalent.md\/wp-content\/uploads\/2023\/11\/image_123650291-760x1536.jpg 760w, https:\/\/www.liceulprometeuprotalent.md\/wp-content\/uploads\/2023\/11\/image_123650291-768x1552.jpg 768w, https:\/\/www.liceulprometeuprotalent.md\/wp-content\/uploads\/2023\/11\/image_123650291.jpg 792w\" sizes=\"(max-width: 600px) 100vw, 600px\" \/><\/p>\n","protected":false},"excerpt":{"rendered":"<p>\u00cen zilele 17-19 noiembrie 2023, un grup de cadre didactice de la Liceul de Creativitate \u0219i Inventic\u0103 \u201ePrometeu-Protalent\u201d au efectuat o scurt\u0103 excursie \u00een \u201edulcea Bucovin\u0103\u201d, acolo unde, m\u0103n\u0103stirile vizitate &#8211; Dragomirna, P\u0103tr\u0103u\u021bi, Arbore, Putna, Sucevi\u021ba, Humor \u0219i Vorone\u021b, se \u00eembr\u0103cau instantaneu \u00een imaculate straie de iarn\u0103, albul imaculat al c\u0103rora fermecau privirile tuturor. Locurile [&hellip;]<\/p>\n","protected":false},"author":1,"featured_media":7203,"comment_status":"open","ping_status":"open","sticky":false,"template":"","format":"standard","meta":{"_price":"","_stock":"","_tribe_ticket_header":"","_tribe_default_ticket_provider":"","_tribe_ticket_capacity":"0","_ticket_start_date":"","_ticket_end_date":"","_tribe_ticket_show_description":"","_tribe_ticket_show_not_going":false,"_tribe_ticket_use_global_stock":"","_tribe_ticket_global_stock_level":"","_global_stock_mode":"","_global_stock_cap":"","_tribe_rsvp_for_event":"","_tribe_ticket_going_count":"","_tribe_ticket_not_going_count":"","_tribe_tickets_list":"[]","_tribe_ticket_has_attendee_info_fields":false,"footnotes":""},"categories":[89,80,1],"tags":[],"class_list":["post-7201","post","type-post","status-publish","format-standard","has-post-thumbnail","hentry","category-blog","category-toate-categoriile","category-uncategorized"],"_links":{"self":[{"href":"https:\/\/www.liceulprometeuprotalent.md\/index.php?rest_route=\/wp\/v2\/posts\/7201","targetHints":{"allow":["GET"]}}],"collection":[{"href":"https:\/\/www.liceulprometeuprotalent.md\/index.php?rest_route=\/wp\/v2\/posts"}],"about":[{"href":"https:\/\/www.liceulprometeuprotalent.md\/index.php?rest_route=\/wp\/v2\/types\/post"}],"author":[{"embeddable":true,"href":"https:\/\/www.liceulprometeuprotalent.md\/index.php?rest_route=\/wp\/v2\/users\/1"}],"replies":[{"embeddable":true,"href":"https:\/\/www.liceulprometeuprotalent.md\/index.php?rest_route=%2Fwp%2Fv2%2Fcomments&post=7201"}],"version-history":[{"count":1,"href":"https:\/\/www.liceulprometeuprotalent.md\/index.php?rest_route=\/wp\/v2\/posts\/7201\/revisions"}],"predecessor-version":[{"id":7205,"href":"https:\/\/www.liceulprometeuprotalent.md\/index.php?rest_route=\/wp\/v2\/posts\/7201\/revisions\/7205"}],"wp:featuredmedia":[{"embeddable":true,"href":"https:\/\/www.liceulprometeuprotalent.md\/index.php?rest_route=\/wp\/v2\/media\/7203"}],"wp:attachment":[{"href":"https:\/\/www.liceulprometeuprotalent.md\/index.php?rest_route=%2Fwp%2Fv2%2Fmedia&parent=7201"}],"wp:term":[{"taxonomy":"category","embeddable":true,"href":"https:\/\/www.liceulprometeuprotalent.md\/index.php?rest_route=%2Fwp%2Fv2%2Fcategories&post=7201"},{"taxonomy":"post_tag","embeddable":true,"href":"https:\/\/www.liceulprometeuprotalent.md\/index.php?rest_route=%2Fwp%2Fv2%2Ftags&post=7201"}],"curies":[{"name":"wp","href":"https:\/\/api.w.org\/{rel}","templated":true}]}}