{"id":7226,"date":"2023-11-28T09:50:11","date_gmt":"2023-11-28T09:50:11","guid":{"rendered":"https:\/\/www.liceulprometeuprotalent.md\/?p=7226"},"modified":"2023-11-28T09:50:11","modified_gmt":"2023-11-28T09:50:11","slug":"sahul-sportul-nobil-ce-dezvolta-inteligenta","status":"publish","type":"post","link":"https:\/\/www.liceulprometeuprotalent.md\/?p=7226","title":{"rendered":"\u0218ahul &#8211; sportul nobil ce dezvolt\u0103 inteligen\u021ba"},"content":{"rendered":"<p><span style=\"font-size: 14pt;\">Sofia Grib din clasa a II-a \u201eE\u201d (\u00eenv\u0103\u021b\u0103toare \u0219i dirigint\u0103, doamna Eugenia Mariniuc), Leonard Cern\u0103u\u021banu din clasa a IV-a \u201eA\u201d (\u00eenv\u0103\u021b\u0103toare \u0219i dirigint\u0103, doamna Cristina Brunchi) \u0219i Radu Albu din clasa a IV-a \u201eE\u201d (\u00eenv\u0103\u021b\u0103toare \u0219i dirigint\u0103, doamna Aurica Groza) de la Liceul de Creativitate \u0219i Inventic\u0103 \u201ePrometeu-Protalent\u201d au ob\u021binut prestigiosul loc II la Competi\u021bia Na\u021bional\u0103 \u201e\u00cen lumea \u0219ahului\u201d, edi\u021bia a VII-a, care s-a desf\u0103\u0219urat pe data de 25 noiembrie 2023. Competi\u021bia a fost organizat\u0103 de Centrul Republican pentru Copii \u0219i Tineret ARTICO \u0219i a avut drept scop stimularea \u0219i popularizarea jocului de \u0219ah \u00een r\u00e2ndurile copiilor, inclusiv motivarea lor s\u0103 participe la astfel de activit\u0103\u021bi sportive. C\u00e2\u0219tig\u0103torii au fost aprecia\u021bi cu diplome \u0219i premii b\u0103ne\u0219ti, cupe \u0219i medalii, oferite de ARTICO.<br \/>\n<\/span><span style=\"font-size: 14pt;\">\u00cen cadrul competi\u021biei \u0219i-au dat concursul 22 de echipe (peste 60 de copii) din diverse localit\u0103\u021bi: mun. Chi\u0219in\u0103u, Basarabeasca, Ialoveni, H\u00e2nce\u0219ti, Cimi\u0219lia, Cantemir, Nisporeni, Criuleni, F\u0103le\u0219ti, Cricova \u0219i R\u00e2\u0219cani.<br \/>\n<\/span><span style=\"font-size: 14pt;\">Bravo, dragi elevi ai echipei de \u0219ah de la \u201ePrometeu-Protalent\u201d! Succesul vostru ne bucur\u0103 mult \u0219i ne face s\u0103 fim m\u00e2ndri de voi!<br \/>\n<\/span><span style=\"font-size: 14pt;\">Mul\u021bumim dlui Iulian Baltag, antrenor de \u0219ah, multiplu campion na\u021bional \u0219i maestru interna\u021bional, pentru devotamentul \u0219i profesionalismul aplicat la \u00eensu\u0219irea de c\u0103tre elevii no\u0219tri a acestui sport nobil ce dezvolt\u0103 inteligen\u021ba.<br \/>\n<\/span><span style=\"font-size: 14pt;\">Mul\u021bumim cadrelor didactice \u0219i p\u0103rin\u021bilor, care \u00eencurajeaz\u0103 \u0219i sus\u021bin practicarea acestui gen de sport de c\u0103tre copii.<\/span><\/p>\n<p style=\"text-align: center;\">\u00a0<img decoding=\"async\" class=\"alignnone wp-image-7228 size-fusion-400\" src=\"https:\/\/www.liceulprometeuprotalent.md\/wp-content\/uploads\/2023\/11\/viber_image_2023-11-27_19-15-57-559-400x300.jpg\" alt=\"\" width=\"400\" height=\"300\" srcset=\"https:\/\/www.liceulprometeuprotalent.md\/wp-content\/uploads\/2023\/11\/viber_image_2023-11-27_19-15-57-559-200x150.jpg 200w, https:\/\/www.liceulprometeuprotalent.md\/wp-content\/uploads\/2023\/11\/viber_image_2023-11-27_19-15-57-559-300x225.jpg 300w, https:\/\/www.liceulprometeuprotalent.md\/wp-content\/uploads\/2023\/11\/viber_image_2023-11-27_19-15-57-559-400x300.jpg 400w, https:\/\/www.liceulprometeuprotalent.md\/wp-content\/uploads\/2023\/11\/viber_image_2023-11-27_19-15-57-559-600x450.jpg 600w, https:\/\/www.liceulprometeuprotalent.md\/wp-content\/uploads\/2023\/11\/viber_image_2023-11-27_19-15-57-559-768x576.jpg 768w, https:\/\/www.liceulprometeuprotalent.md\/wp-content\/uploads\/2023\/11\/viber_image_2023-11-27_19-15-57-559-800x600.jpg 800w, https:\/\/www.liceulprometeuprotalent.md\/wp-content\/uploads\/2023\/11\/viber_image_2023-11-27_19-15-57-559-1024x768.jpg 1024w, https:\/\/www.liceulprometeuprotalent.md\/wp-content\/uploads\/2023\/11\/viber_image_2023-11-27_19-15-57-559-1200x900.jpg 1200w, https:\/\/www.liceulprometeuprotalent.md\/wp-content\/uploads\/2023\/11\/viber_image_2023-11-27_19-15-57-559-1536x1152.jpg 1536w, https:\/\/www.liceulprometeuprotalent.md\/wp-content\/uploads\/2023\/11\/viber_image_2023-11-27_19-15-57-559.jpg 1600w\" sizes=\"(max-width: 400px) 100vw, 400px\" \/> <img decoding=\"async\" class=\"alignnone wp-image-7229 size-fusion-400\" src=\"https:\/\/www.liceulprometeuprotalent.md\/wp-content\/uploads\/2023\/11\/viber_image_2023-11-27_19-15-57-363-400x300.jpg\" alt=\"\" width=\"400\" height=\"300\" srcset=\"https:\/\/www.liceulprometeuprotalent.md\/wp-content\/uploads\/2023\/11\/viber_image_2023-11-27_19-15-57-363-200x150.jpg 200w, https:\/\/www.liceulprometeuprotalent.md\/wp-content\/uploads\/2023\/11\/viber_image_2023-11-27_19-15-57-363-300x225.jpg 300w, https:\/\/www.liceulprometeuprotalent.md\/wp-content\/uploads\/2023\/11\/viber_image_2023-11-27_19-15-57-363-400x300.jpg 400w, https:\/\/www.liceulprometeuprotalent.md\/wp-content\/uploads\/2023\/11\/viber_image_2023-11-27_19-15-57-363-600x450.jpg 600w, https:\/\/www.liceulprometeuprotalent.md\/wp-content\/uploads\/2023\/11\/viber_image_2023-11-27_19-15-57-363-768x576.jpg 768w, https:\/\/www.liceulprometeuprotalent.md\/wp-content\/uploads\/2023\/11\/viber_image_2023-11-27_19-15-57-363-800x600.jpg 800w, https:\/\/www.liceulprometeuprotalent.md\/wp-content\/uploads\/2023\/11\/viber_image_2023-11-27_19-15-57-363-1024x768.jpg 1024w, https:\/\/www.liceulprometeuprotalent.md\/wp-content\/uploads\/2023\/11\/viber_image_2023-11-27_19-15-57-363-1200x900.jpg 1200w, https:\/\/www.liceulprometeuprotalent.md\/wp-content\/uploads\/2023\/11\/viber_image_2023-11-27_19-15-57-363-1536x1152.jpg 1536w, https:\/\/www.liceulprometeuprotalent.md\/wp-content\/uploads\/2023\/11\/viber_image_2023-11-27_19-15-57-363.jpg 1600w\" sizes=\"(max-width: 400px) 100vw, 400px\" \/><br \/>\n<img decoding=\"async\" class=\"alignnone wp-image-7227 size-fusion-800\" src=\"https:\/\/www.liceulprometeuprotalent.md\/wp-content\/uploads\/2023\/11\/viber_image_2023-11-27_19-15-58-108-800x1067.jpg\" alt=\"\" width=\"800\" height=\"1067\" srcset=\"https:\/\/www.liceulprometeuprotalent.md\/wp-content\/uploads\/2023\/11\/viber_image_2023-11-27_19-15-58-108-200x267.jpg 200w, https:\/\/www.liceulprometeuprotalent.md\/wp-content\/uploads\/2023\/11\/viber_image_2023-11-27_19-15-58-108-225x300.jpg 225w, https:\/\/www.liceulprometeuprotalent.md\/wp-content\/uploads\/2023\/11\/viber_image_2023-11-27_19-15-58-108-400x533.jpg 400w, https:\/\/www.liceulprometeuprotalent.md\/wp-content\/uploads\/2023\/11\/viber_image_2023-11-27_19-15-58-108-600x800.jpg 600w, https:\/\/www.liceulprometeuprotalent.md\/wp-content\/uploads\/2023\/11\/viber_image_2023-11-27_19-15-58-108-768x1024.jpg 768w, https:\/\/www.liceulprometeuprotalent.md\/wp-content\/uploads\/2023\/11\/viber_image_2023-11-27_19-15-58-108-800x1067.jpg 800w, https:\/\/www.liceulprometeuprotalent.md\/wp-content\/uploads\/2023\/11\/viber_image_2023-11-27_19-15-58-108-1152x1536.jpg 1152w, https:\/\/www.liceulprometeuprotalent.md\/wp-content\/uploads\/2023\/11\/viber_image_2023-11-27_19-15-58-108.jpg 1200w\" sizes=\"(max-width: 800px) 100vw, 800px\" \/><\/p>\n","protected":false},"excerpt":{"rendered":"<p>Sofia Grib din clasa a II-a \u201eE\u201d (\u00eenv\u0103\u021b\u0103toare \u0219i dirigint\u0103, doamna Eugenia Mariniuc), Leonard Cern\u0103u\u021banu din clasa a IV-a \u201eA\u201d (\u00eenv\u0103\u021b\u0103toare \u0219i dirigint\u0103, doamna Cristina Brunchi) \u0219i Radu Albu din clasa a IV-a \u201eE\u201d (\u00eenv\u0103\u021b\u0103toare \u0219i dirigint\u0103, doamna Aurica Groza) de la Liceul de Creativitate \u0219i Inventic\u0103 \u201ePrometeu-Protalent\u201d au ob\u021binut prestigiosul loc II la Competi\u021bia [&hellip;]<\/p>\n","protected":false},"author":1,"featured_media":7229,"comment_status":"open","ping_status":"open","sticky":false,"template":"","format":"standard","meta":{"_price":"","_stock":"","_tribe_ticket_header":"","_tribe_default_ticket_provider":"","_tribe_ticket_capacity":"0","_ticket_start_date":"","_ticket_end_date":"","_tribe_ticket_show_description":"","_tribe_ticket_show_not_going":false,"_tribe_ticket_use_global_stock":"","_tribe_ticket_global_stock_level":"","_global_stock_mode":"","_global_stock_cap":"","_tribe_rsvp_for_event":"","_tribe_ticket_going_count":"","_tribe_ticket_not_going_count":"","_tribe_tickets_list":"[]","_tribe_ticket_has_attendee_info_fields":false,"footnotes":""},"categories":[89,80,1],"tags":[],"class_list":["post-7226","post","type-post","status-publish","format-standard","has-post-thumbnail","hentry","category-blog","category-toate-categoriile","category-uncategorized"],"_links":{"self":[{"href":"https:\/\/www.liceulprometeuprotalent.md\/index.php?rest_route=\/wp\/v2\/posts\/7226","targetHints":{"allow":["GET"]}}],"collection":[{"href":"https:\/\/www.liceulprometeuprotalent.md\/index.php?rest_route=\/wp\/v2\/posts"}],"about":[{"href":"https:\/\/www.liceulprometeuprotalent.md\/index.php?rest_route=\/wp\/v2\/types\/post"}],"author":[{"embeddable":true,"href":"https:\/\/www.liceulprometeuprotalent.md\/index.php?rest_route=\/wp\/v2\/users\/1"}],"replies":[{"embeddable":true,"href":"https:\/\/www.liceulprometeuprotalent.md\/index.php?rest_route=%2Fwp%2Fv2%2Fcomments&post=7226"}],"version-history":[{"count":1,"href":"https:\/\/www.liceulprometeuprotalent.md\/index.php?rest_route=\/wp\/v2\/posts\/7226\/revisions"}],"predecessor-version":[{"id":7230,"href":"https:\/\/www.liceulprometeuprotalent.md\/index.php?rest_route=\/wp\/v2\/posts\/7226\/revisions\/7230"}],"wp:featuredmedia":[{"embeddable":true,"href":"https:\/\/www.liceulprometeuprotalent.md\/index.php?rest_route=\/wp\/v2\/media\/7229"}],"wp:attachment":[{"href":"https:\/\/www.liceulprometeuprotalent.md\/index.php?rest_route=%2Fwp%2Fv2%2Fmedia&parent=7226"}],"wp:term":[{"taxonomy":"category","embeddable":true,"href":"https:\/\/www.liceulprometeuprotalent.md\/index.php?rest_route=%2Fwp%2Fv2%2Fcategories&post=7226"},{"taxonomy":"post_tag","embeddable":true,"href":"https:\/\/www.liceulprometeuprotalent.md\/index.php?rest_route=%2Fwp%2Fv2%2Ftags&post=7226"}],"curies":[{"name":"wp","href":"https:\/\/api.w.org\/{rel}","templated":true}]}}