{"id":7231,"date":"2023-11-29T14:36:07","date_gmt":"2023-11-29T14:36:07","guid":{"rendered":"https:\/\/www.liceulprometeuprotalent.md\/?p=7231"},"modified":"2023-11-29T14:36:17","modified_gmt":"2023-11-29T14:36:17","slug":"entuziasmati-de-noi-experiente","status":"publish","type":"post","link":"https:\/\/www.liceulprometeuprotalent.md\/?p=7231","title":{"rendered":"Entuziasma\u021bi de noi experien\u021be"},"content":{"rendered":"<p><span style=\"font-size: 14pt;\">Elevii clasei a XII-a, profil uman, a Liceului de Creativitate \u0219i Inventic\u0103 \u201ePrometeu-Protalent\u201d, ghida\u021bi de doamna Natalia Dubencu, profesoar\u0103 de limba englez\u0103, au efectuat pe data de 28 noiembrie 2023 o vizit\u0103 de informare la postul de radio Europa Liber\u0103. Ei \u0219i-au dorit s\u0103 afle cum se realizeaz\u0103 un podcast, un nou tip de emisiuni pe teme concrete din diverse domenii.\u00a0<\/span><\/p>\n<p><span style=\"font-size: 14pt;\">\u201eIdea acestei vizite, a men\u021bionat dna Dubencu, a venit ca urmare a discu\u021biilor la Conferin\u021ba Interna\u021bional\u0103 \u201eInterconnected Learning and Teaching in the Post-Pandemic Era &#8211; Tendin\u021be \u0219i provoc\u0103ri \u00een predarea limbilor str\u0103ine (ILT)\u201d, desf\u0103\u0219urat\u0103 \u00een ora\u0219ul Ia\u0219i, Rom\u00e2nia, \u00een perioada 8-12 noiembrie 2023, la care am participat. La Conferin\u021b\u0103, exper\u021bii au vorbit despre diverse modalit\u0103\u021bi de utilizare a tehnologiilor, inclusiv despre podcasturi \u0219i cum pot fi folosite \u00een educa\u021bie. Astfel, am considerat oportun s\u0103 mergem cu elevii din clasa a XII-a la o \u00eent\u00e2lnire cu realizatorii de podcasturi de la postul de radio Europa Liber\u0103, fiindc\u0103 sunt dintre cei mai buni \u00een acest domeniu. Elevii au avut ocazia s\u0103 vad\u0103 pe viu cum se face un podcast, c\u00e2t timp, energie, resurse umane, tehnologie \u0219i inteligen\u021b\u0103 artificial\u0103 se investe\u0219te la realizarea unui produs de acest fel. A fost foarte interesant. S-a vorbit \u0219i despre ce fel de tipuri de podcasturi sunt, cum ar putea elevii s\u0103 \u00eenceap\u0103 realizarea unui podcast etc. Dup\u0103 aceast\u0103 vizit\u0103, planific\u0103m ca elevii din clasa a XII-a s\u0103 realizeze la final c\u00e2te un podcast de actualitate, pe teme de interes v\u00e2rstei adolescentine\u201d.<\/span><\/p>\n<p><span style=\"font-size: 14pt;\">\u00cent\u00e2lnirea, desf\u0103\u0219urat\u0103 \u00eentr-o atmosfer\u0103 prietenoas\u0103, a fost de real folos pentru elevi, inspir\u00e2ndu-i s\u0103-\u0219i aplice creativitatea \u0219i inventivitatea \u00een noi experien\u021be.<\/span><\/p>\n<p><span style=\"font-size: 14pt;\">Bravo, dragi elevi! Curiozitatea \u0219i receptivitatea voastr\u0103 ne bucur\u0103 foarte mult \u0219i ne ofer\u0103 certitudinea c\u0103 ve\u021bi reu\u0219i \u00een tot ce v\u0103 propune\u021bi s\u0103 realiza\u021bi.<\/span><\/p>\n<p><span style=\"font-size: 14pt;\">Exprim\u0103m mul\u021bumiri speciale doamnei Natalia Dubencu, care, prin efort \u0219i m\u0103iestrie pedagogic\u0103, \u0219tie s\u0103-\u0219i entuziasmeze discipolii spre noi experien\u021be \u0219i descoperiri. \u00a0<\/span><\/p>\n<p style=\"text-align: center;\"><img decoding=\"async\" class=\"alignnone wp-image-7232 size-fusion-400\" src=\"https:\/\/www.liceulprometeuprotalent.md\/wp-content\/uploads\/2023\/11\/406681508_7185638094780765_8712312058612253263_n-400x301.jpg\" alt=\"\" width=\"400\" height=\"301\" srcset=\"https:\/\/www.liceulprometeuprotalent.md\/wp-content\/uploads\/2023\/11\/406681508_7185638094780765_8712312058612253263_n-200x151.jpg 200w, https:\/\/www.liceulprometeuprotalent.md\/wp-content\/uploads\/2023\/11\/406681508_7185638094780765_8712312058612253263_n-300x226.jpg 300w, https:\/\/www.liceulprometeuprotalent.md\/wp-content\/uploads\/2023\/11\/406681508_7185638094780765_8712312058612253263_n-400x301.jpg 400w, https:\/\/www.liceulprometeuprotalent.md\/wp-content\/uploads\/2023\/11\/406681508_7185638094780765_8712312058612253263_n-600x452.jpg 600w, https:\/\/www.liceulprometeuprotalent.md\/wp-content\/uploads\/2023\/11\/406681508_7185638094780765_8712312058612253263_n-768x578.jpg 768w, https:\/\/www.liceulprometeuprotalent.md\/wp-content\/uploads\/2023\/11\/406681508_7185638094780765_8712312058612253263_n-800x602.jpg 800w, https:\/\/www.liceulprometeuprotalent.md\/wp-content\/uploads\/2023\/11\/406681508_7185638094780765_8712312058612253263_n-1024x771.jpg 1024w, https:\/\/www.liceulprometeuprotalent.md\/wp-content\/uploads\/2023\/11\/406681508_7185638094780765_8712312058612253263_n-1200x904.jpg 1200w, https:\/\/www.liceulprometeuprotalent.md\/wp-content\/uploads\/2023\/11\/406681508_7185638094780765_8712312058612253263_n-1536x1157.jpg 1536w\" sizes=\"(max-width: 400px) 100vw, 400px\" \/> <img decoding=\"async\" class=\"alignnone wp-image-7233 size-fusion-400\" src=\"https:\/\/www.liceulprometeuprotalent.md\/wp-content\/uploads\/2023\/11\/406676787_7185638254780749_1129168297289014478_n-400x301.jpg\" alt=\"\" width=\"400\" height=\"301\" srcset=\"https:\/\/www.liceulprometeuprotalent.md\/wp-content\/uploads\/2023\/11\/406676787_7185638254780749_1129168297289014478_n-200x151.jpg 200w, https:\/\/www.liceulprometeuprotalent.md\/wp-content\/uploads\/2023\/11\/406676787_7185638254780749_1129168297289014478_n-300x226.jpg 300w, https:\/\/www.liceulprometeuprotalent.md\/wp-content\/uploads\/2023\/11\/406676787_7185638254780749_1129168297289014478_n-400x301.jpg 400w, https:\/\/www.liceulprometeuprotalent.md\/wp-content\/uploads\/2023\/11\/406676787_7185638254780749_1129168297289014478_n-600x452.jpg 600w, https:\/\/www.liceulprometeuprotalent.md\/wp-content\/uploads\/2023\/11\/406676787_7185638254780749_1129168297289014478_n-768x578.jpg 768w, https:\/\/www.liceulprometeuprotalent.md\/wp-content\/uploads\/2023\/11\/406676787_7185638254780749_1129168297289014478_n-800x602.jpg 800w, https:\/\/www.liceulprometeuprotalent.md\/wp-content\/uploads\/2023\/11\/406676787_7185638254780749_1129168297289014478_n-1024x771.jpg 1024w, https:\/\/www.liceulprometeuprotalent.md\/wp-content\/uploads\/2023\/11\/406676787_7185638254780749_1129168297289014478_n-1200x904.jpg 1200w, https:\/\/www.liceulprometeuprotalent.md\/wp-content\/uploads\/2023\/11\/406676787_7185638254780749_1129168297289014478_n-1536x1157.jpg 1536w\" sizes=\"(max-width: 400px) 100vw, 400px\" \/> <img decoding=\"async\" class=\"alignnone wp-image-7234 size-fusion-800\" src=\"https:\/\/www.liceulprometeuprotalent.md\/wp-content\/uploads\/2023\/11\/406667819_7185638918114016_7580258804972355385_n-800x602.jpg\" alt=\"\" width=\"800\" height=\"602\" srcset=\"https:\/\/www.liceulprometeuprotalent.md\/wp-content\/uploads\/2023\/11\/406667819_7185638918114016_7580258804972355385_n-200x151.jpg 200w, https:\/\/www.liceulprometeuprotalent.md\/wp-content\/uploads\/2023\/11\/406667819_7185638918114016_7580258804972355385_n-300x226.jpg 300w, https:\/\/www.liceulprometeuprotalent.md\/wp-content\/uploads\/2023\/11\/406667819_7185638918114016_7580258804972355385_n-400x301.jpg 400w, https:\/\/www.liceulprometeuprotalent.md\/wp-content\/uploads\/2023\/11\/406667819_7185638918114016_7580258804972355385_n-600x452.jpg 600w, https:\/\/www.liceulprometeuprotalent.md\/wp-content\/uploads\/2023\/11\/406667819_7185638918114016_7580258804972355385_n-768x578.jpg 768w, https:\/\/www.liceulprometeuprotalent.md\/wp-content\/uploads\/2023\/11\/406667819_7185638918114016_7580258804972355385_n-800x602.jpg 800w, https:\/\/www.liceulprometeuprotalent.md\/wp-content\/uploads\/2023\/11\/406667819_7185638918114016_7580258804972355385_n-1024x771.jpg 1024w, https:\/\/www.liceulprometeuprotalent.md\/wp-content\/uploads\/2023\/11\/406667819_7185638918114016_7580258804972355385_n-1200x904.jpg 1200w, https:\/\/www.liceulprometeuprotalent.md\/wp-content\/uploads\/2023\/11\/406667819_7185638918114016_7580258804972355385_n-1536x1157.jpg 1536w\" sizes=\"(max-width: 800px) 100vw, 800px\" \/><\/p>\n","protected":false},"excerpt":{"rendered":"<p>Elevii clasei a XII-a, profil uman, a Liceului de Creativitate \u0219i Inventic\u0103 \u201ePrometeu-Protalent\u201d, ghida\u021bi de doamna Natalia Dubencu, profesoar\u0103 de limba englez\u0103, au efectuat pe data de 28 noiembrie 2023 o vizit\u0103 de informare la postul de radio Europa Liber\u0103. Ei \u0219i-au dorit s\u0103 afle cum se realizeaz\u0103 un podcast, un nou tip de emisiuni [&hellip;]<\/p>\n","protected":false},"author":1,"featured_media":7232,"comment_status":"open","ping_status":"open","sticky":false,"template":"","format":"standard","meta":{"_price":"","_stock":"","_tribe_ticket_header":"","_tribe_default_ticket_provider":"","_tribe_ticket_capacity":"0","_ticket_start_date":"","_ticket_end_date":"","_tribe_ticket_show_description":"","_tribe_ticket_show_not_going":false,"_tribe_ticket_use_global_stock":"","_tribe_ticket_global_stock_level":"","_global_stock_mode":"","_global_stock_cap":"","_tribe_rsvp_for_event":"","_tribe_ticket_going_count":"","_tribe_ticket_not_going_count":"","_tribe_tickets_list":"[]","_tribe_ticket_has_attendee_info_fields":false,"footnotes":""},"categories":[89,80,1],"tags":[],"class_list":["post-7231","post","type-post","status-publish","format-standard","has-post-thumbnail","hentry","category-blog","category-toate-categoriile","category-uncategorized"],"_links":{"self":[{"href":"https:\/\/www.liceulprometeuprotalent.md\/index.php?rest_route=\/wp\/v2\/posts\/7231","targetHints":{"allow":["GET"]}}],"collection":[{"href":"https:\/\/www.liceulprometeuprotalent.md\/index.php?rest_route=\/wp\/v2\/posts"}],"about":[{"href":"https:\/\/www.liceulprometeuprotalent.md\/index.php?rest_route=\/wp\/v2\/types\/post"}],"author":[{"embeddable":true,"href":"https:\/\/www.liceulprometeuprotalent.md\/index.php?rest_route=\/wp\/v2\/users\/1"}],"replies":[{"embeddable":true,"href":"https:\/\/www.liceulprometeuprotalent.md\/index.php?rest_route=%2Fwp%2Fv2%2Fcomments&post=7231"}],"version-history":[{"count":1,"href":"https:\/\/www.liceulprometeuprotalent.md\/index.php?rest_route=\/wp\/v2\/posts\/7231\/revisions"}],"predecessor-version":[{"id":7235,"href":"https:\/\/www.liceulprometeuprotalent.md\/index.php?rest_route=\/wp\/v2\/posts\/7231\/revisions\/7235"}],"wp:featuredmedia":[{"embeddable":true,"href":"https:\/\/www.liceulprometeuprotalent.md\/index.php?rest_route=\/wp\/v2\/media\/7232"}],"wp:attachment":[{"href":"https:\/\/www.liceulprometeuprotalent.md\/index.php?rest_route=%2Fwp%2Fv2%2Fmedia&parent=7231"}],"wp:term":[{"taxonomy":"category","embeddable":true,"href":"https:\/\/www.liceulprometeuprotalent.md\/index.php?rest_route=%2Fwp%2Fv2%2Fcategories&post=7231"},{"taxonomy":"post_tag","embeddable":true,"href":"https:\/\/www.liceulprometeuprotalent.md\/index.php?rest_route=%2Fwp%2Fv2%2Ftags&post=7231"}],"curies":[{"name":"wp","href":"https:\/\/api.w.org\/{rel}","templated":true}]}}