{"id":7237,"date":"2023-12-04T09:48:45","date_gmt":"2023-12-04T09:48:45","guid":{"rendered":"https:\/\/www.liceulprometeuprotalent.md\/?p=7237"},"modified":"2023-12-05T07:28:50","modified_gmt":"2023-12-05T07:28:50","slug":"omagiu-regal-pentru-doua-inimi-gemene","status":"publish","type":"post","link":"https:\/\/www.liceulprometeuprotalent.md\/?p=7237","title":{"rendered":"Omagiu regal pentru \u201eDou\u0103 inimi gemene\u201d"},"content":{"rendered":"<p><span style=\"font-size: 14pt;\">\u00cen ziua de 30 noiembrie 2023, la Liceul de Creativitate \u0219i Inventic\u0103 \u201ePrometeu-Protalent\u201d au fost omagiate, prin intermediul Festivalului \u201eDou\u0103 inimi gemene &#8211; Doina \u0219i Ion Aldea-Teodorivici\u201d, cele dou\u0103 voci inconfundabile ale neamului rom\u00e2nesc, care ne-au l\u0103sat o mo\u0219tenire cultural\u0103 de neegalat, iar numele lor, Doina \u0219i Ion, sunt percepute \u0219i peste timp drept simboluri ale Mi\u0219c\u0103rii de De\u0219teptare \u0219i Eliberare Na\u021bional\u0103. Modalitatea prin care au fost omagiate aceste nume legendare a fost, nici mai mult, nici mai pu\u021bin, interpretarea c\u00e2ntecelor din repertoriul lor, care au transformat, prin calitatea impecabil\u0103 a interpret\u0103rii, sala de festivit\u0103\u021bi \u00eentr-o veritabil\u0103 \u0219i profesionist\u0103 scen\u0103 de concert.<\/span><br \/>\n<span style=\"font-size: 14pt;\">Astfel, au evoluat \u00een fa\u021ba publicului numeros at\u00e2t elevii claselor a V-a &#8211; a XI-a, c\u00e2t \u0219i cadrele didactice, care \u0219i-au demonstrat pre\u021buirea \u0219i respectul pentru valorile, ce-au \u00een\u0103l\u021bat \u0219i au \u00eencurajat mul\u021bimile \u00een lupta lor pentru libertate \u0219i adev\u0103r. Titlurile pieselor interpretate vorbesc de la sine, amintindu-ne de vremurile \u00een care am \u00eencercat s\u0103 ne reg\u0103sim fiin\u021ba na\u021bional\u0103, emo\u021bion\u00e2ndu-ne profund \u0219i azi, la peste trei decenii, de la tragica lor dispari\u021bie. <\/span><br \/>\n<span style=\"font-size: 14pt;\">Merit\u0103 s\u0103 cunoa\u0219tem numele interpre\u021bilor \u0219i titlurile pieselor, care au f\u0103cut s\u0103 vibreze inimile celor prezen\u021bi, exprim\u00e2ndu-ne \u00een acest mod admira\u021bia \u0219i aprecierea pentru concertul regal, pe care l-au oferit cu deosebit\u0103 d\u0103ruire \u0219i sim\u021bire rom\u00e2neasc\u0103: \u201eDe-a v-a\u021bi ascunselea\u201d, \u201eTrei pitici\u201d &#8211; Cornelia Trofim, Ariana Carau\u0219, eleve \u00een clasa a V-a \u201eC\u201d \u0219i ansamblul \u201ePrometeu\u201d; \u201eGraiul neamului\u201d &#8211; Jasmine Ve\u0219ca, clasa a VIII-a \u201eB\u201d; \u201eEminescu\u201d &#8211; Alexia Smerea, clasa a XI-a \u201eA\u201d; \u201ePentru ea\u201d &#8211; Rare\u0219 Miron, clasa a VII-a \u201eC\u201d; \u201eCrede-m\u0103\u201d &#8211; Gabriel Li\u021bcan, clasa a VI-a \u201eC\u201d; \u201eSear\u0103 albastr\u0103\u201d &#8211; Maria Gherlac \u0219i Nicolae Chi\u0219c\u0103, clasa a IX-a; \u201eUn nume pe z\u0103pad\u0103\u201d &#8211; ansamblul cadrelor didactice \u201eCr\u0103i\u021bele\u201d; \u201eSerenad\u0103\u201d &#8211; Bianca Onic\u0103 \u0219i Nicolae Chi\u0219c\u0103, clasa a IX-a; \u201eHaide, vioar\u0103\u201d &#8211; Eva B\u00eerc\u0103, clasa a VII-a \u201eB\u201d; \u201eFocul din vatr\u0103\u201d &#8211; Gabriel Rodideal, clasa a VIII-a \u201eA\u201d; \u201eR\u0103sai\u201d &#8211; Eva B\u00eerc\u0103, clasa a VII-a \u201eB\u201d \u0219i Gabriel Li\u021bcan, clasa a VI-a \u201eC\u201d; \u201eCe noroc s\u0103 fii rom\u00e2n!\u201d &#8211; elevii-interpre\u021bi \u0219i Ansamblul \u201eCr\u0103i\u021bele\u201d; \u201eBucura\u021bi-V\u0103!\u201d &#8211; ansamblul vocal \u201ePrometeu\u201d.<\/span><br \/>\n<span style=\"font-size: 14pt;\">Concertul, care poate fi \u00eenscris cu prisosin\u021b\u0103 \u00een r\u00e2ndul celor profesioniste, a avut \u0219i prezentatori pe potriv\u0103. Numele lor sunt: Patricia Lupu, Teodor Zast\u00e2nceanu, Ciuntu Nicoleta \u0219i Drago\u0219 Dodi\u021b\u0103, elevii clasei a X-a \u201eB\u201d. <\/span><br \/>\n<span style=\"font-size: 14pt;\">Bravo, dragi elevi! Prin cinstirea valorilor na\u021bionale, a\u021bi demonstrat c\u0103 sunte\u021bi urma\u0219i demni ai \u00eenainta\u0219ilor no\u0219tri, care \u0219i-au dat via\u021ba \u00een lupta pentru redob\u00e2ndirea limbii rom\u00e2ne \u0219i a alfabetului latin, pentru libertate \u0219i adev\u0103r, de care beneficiem cu to\u021bii \u00een ziua de azi!<\/span><br \/>\n<span style=\"font-size: 14pt;\">Mul\u021bumim cadrelor didactice, \u00een special ansamblului \u201eCr\u0103i\u021bele\u201d, care, c\u00e2nt\u00e2nd \u00een unison cu elevii, au creat o frumoas\u0103 comuniune spiritual\u0103, ce are puterea s\u0103 fac\u0103 minuni.<\/span><br \/>\n<span style=\"font-size: 14pt;\">Mul\u021bumirile \u0219i aprecierile noastre se \u00eendreapt\u0103 c\u0103tre organizatorii \u0219i \u00eensufle\u021bitorii evenimentului: doamna Angela Lungu, profesoar\u0103 de limba \u0219i literatura rom\u00e2n\u0103, director adjunct pentru educa\u021bie, treapta gimnazial\u0103 \u0219i liceal\u0103, domnul Veaceslav Adam, profesor de educa\u021bie muzical\u0103, conduc\u0103tor artistic al ansamblului \u201ePrometeu\u201d, care a evoluat \u0219i \u00een calitate de solist \u00een cadrul concertului, inclusiv dirigin\u021bii claselor implicate \u00een admirabila manifestare de omagiere a celor care au fost stegarii de\u0219tept\u0103rii noastre na\u021bionale &#8211; Doina \u0219i Ion Aldea-Teodorovici.<\/span><\/p>\n","protected":false},"excerpt":{"rendered":"<p>\u00cen ziua de 30 noiembrie 2023, la Liceul de Creativitate \u0219i Inventic\u0103 \u201ePrometeu-Protalent\u201d au fost omagiate, prin intermediul Festivalului \u201eDou\u0103 inimi gemene &#8211; Doina \u0219i Ion Aldea-Teodorivici\u201d, cele dou\u0103 voci inconfundabile ale neamului rom\u00e2nesc, care ne-au l\u0103sat o mo\u0219tenire cultural\u0103 de neegalat, iar numele lor, Doina \u0219i Ion, sunt percepute \u0219i peste timp drept simboluri [&hellip;]<\/p>\n","protected":false},"author":1,"featured_media":7244,"comment_status":"open","ping_status":"open","sticky":false,"template":"","format":"standard","meta":{"_price":"","_stock":"","_tribe_ticket_header":"","_tribe_default_ticket_provider":"","_tribe_ticket_capacity":"0","_ticket_start_date":"","_ticket_end_date":"","_tribe_ticket_show_description":"","_tribe_ticket_show_not_going":false,"_tribe_ticket_use_global_stock":"","_tribe_ticket_global_stock_level":"","_global_stock_mode":"","_global_stock_cap":"","_tribe_rsvp_for_event":"","_tribe_ticket_going_count":"","_tribe_ticket_not_going_count":"","_tribe_tickets_list":"[]","_tribe_ticket_has_attendee_info_fields":false,"footnotes":""},"categories":[89,80,1],"tags":[],"class_list":["post-7237","post","type-post","status-publish","format-standard","has-post-thumbnail","hentry","category-blog","category-toate-categoriile","category-uncategorized"],"_links":{"self":[{"href":"https:\/\/www.liceulprometeuprotalent.md\/index.php?rest_route=\/wp\/v2\/posts\/7237","targetHints":{"allow":["GET"]}}],"collection":[{"href":"https:\/\/www.liceulprometeuprotalent.md\/index.php?rest_route=\/wp\/v2\/posts"}],"about":[{"href":"https:\/\/www.liceulprometeuprotalent.md\/index.php?rest_route=\/wp\/v2\/types\/post"}],"author":[{"embeddable":true,"href":"https:\/\/www.liceulprometeuprotalent.md\/index.php?rest_route=\/wp\/v2\/users\/1"}],"replies":[{"embeddable":true,"href":"https:\/\/www.liceulprometeuprotalent.md\/index.php?rest_route=%2Fwp%2Fv2%2Fcomments&post=7237"}],"version-history":[{"count":3,"href":"https:\/\/www.liceulprometeuprotalent.md\/index.php?rest_route=\/wp\/v2\/posts\/7237\/revisions"}],"predecessor-version":[{"id":7273,"href":"https:\/\/www.liceulprometeuprotalent.md\/index.php?rest_route=\/wp\/v2\/posts\/7237\/revisions\/7273"}],"wp:featuredmedia":[{"embeddable":true,"href":"https:\/\/www.liceulprometeuprotalent.md\/index.php?rest_route=\/wp\/v2\/media\/7244"}],"wp:attachment":[{"href":"https:\/\/www.liceulprometeuprotalent.md\/index.php?rest_route=%2Fwp%2Fv2%2Fmedia&parent=7237"}],"wp:term":[{"taxonomy":"category","embeddable":true,"href":"https:\/\/www.liceulprometeuprotalent.md\/index.php?rest_route=%2Fwp%2Fv2%2Fcategories&post=7237"},{"taxonomy":"post_tag","embeddable":true,"href":"https:\/\/www.liceulprometeuprotalent.md\/index.php?rest_route=%2Fwp%2Fv2%2Ftags&post=7237"}],"curies":[{"name":"wp","href":"https:\/\/api.w.org\/{rel}","templated":true}]}}