{"id":7247,"date":"2023-12-04T09:54:01","date_gmt":"2023-12-04T09:54:01","guid":{"rendered":"https:\/\/www.liceulprometeuprotalent.md\/?p=7247"},"modified":"2023-12-04T09:54:33","modified_gmt":"2023-12-04T09:54:33","slug":"prinsi-in-hora-unirii","status":"publish","type":"post","link":"https:\/\/www.liceulprometeuprotalent.md\/?p=7247","title":{"rendered":"Prin\u0219i \u00een Hora Unirii"},"content":{"rendered":"<p><span style=\"font-size: 14pt;\">Elevii Liceului de Creativitate \u0219i Inventic\u0103 \u201ePrometeu-Protalent\u201d au s\u0103rb\u0103torit, \u00een unison cu toat\u0103 rom\u00e2nitatea, Ziua Marii Uniri. La 1 decembrie 2023, ei au ie\u0219it la pauza mare \u00een curtea Liceului, unde au c\u00e2ntat c\u00e2ntece patriotice, au recitat poezii, amintind tuturor despre semnifica\u021bia acestei mari s\u0103rb\u0103tori, dup\u0103 care s-au prins, cu mic cu mare, \u00een Hora Unirii. \u00cen cadrul s\u0103rb\u0103torii s-au eviden\u021biat, mai cu seam\u0103, elevii claselor I, care, acompania\u021bi de doamna Ala Mereu\u021b\u0103 \u0219i domnul Valeriu Mereu\u021b\u0103, profesori de educa\u021bia muzical\u0103, au \u00eenc\u00e2ntat publicul prin minunata lor presta\u021bie.<\/span><\/p>\n<p><span style=\"font-size: 14pt;\">Evenimentul a avut loc la \u00eendemnul doamnei Eugenia Negru, profesoar\u0103 de istoria rom\u00e2nilor \u0219i universal\u0103, care, prin implicare \u0219i dedicare, a f\u0103cut posibil\u0103 o s\u0103rb\u0103toare memorabil\u0103.<\/span><\/p>\n<p><span style=\"font-size: 14pt;\">Men\u021bion\u0103m c\u0103 prin grija domnului Veaceslav Adam, profesor de educa\u021bia muzical\u0103, s\u0103rb\u0103torirea Zilei de 1 decembrie a continuat la fiecare pauz\u0103.<\/span><\/p>\n<p><span style=\"font-size: 14pt;\">Bravo, dragi elevi! A\u021bi fost superbi! Ne-a bucurat foarte mult tr\u0103irea voastr\u0103, sincer\u0103 \u0219i profund\u0103, a marelui eveniment din istoria rom\u00e2nilor.<\/span><\/p>\n<p><span style=\"font-size: 14pt;\">Mul\u021bumim tuturor cadrelor didactice implicate \u00een organizarea s\u0103rb\u0103torii de 1 decembrie.\u00a0 \u00a0\u00a0<\/span><\/p>\n<p style=\"text-align: center;\"><span style=\"font-size: 14pt;\"><img decoding=\"async\" class=\"alignnone wp-image-7248 size-fusion-400\" src=\"https:\/\/www.liceulprometeuprotalent.md\/wp-content\/uploads\/2023\/12\/IMG_5136-400x300.jpg\" alt=\"\" width=\"400\" height=\"300\" srcset=\"https:\/\/www.liceulprometeuprotalent.md\/wp-content\/uploads\/2023\/12\/IMG_5136-200x150.jpg 200w, https:\/\/www.liceulprometeuprotalent.md\/wp-content\/uploads\/2023\/12\/IMG_5136-300x225.jpg 300w, https:\/\/www.liceulprometeuprotalent.md\/wp-content\/uploads\/2023\/12\/IMG_5136-400x300.jpg 400w, https:\/\/www.liceulprometeuprotalent.md\/wp-content\/uploads\/2023\/12\/IMG_5136-600x450.jpg 600w, https:\/\/www.liceulprometeuprotalent.md\/wp-content\/uploads\/2023\/12\/IMG_5136-768x576.jpg 768w, https:\/\/www.liceulprometeuprotalent.md\/wp-content\/uploads\/2023\/12\/IMG_5136-800x600.jpg 800w, https:\/\/www.liceulprometeuprotalent.md\/wp-content\/uploads\/2023\/12\/IMG_5136-1024x768.jpg 1024w, https:\/\/www.liceulprometeuprotalent.md\/wp-content\/uploads\/2023\/12\/IMG_5136-1200x900.jpg 1200w, https:\/\/www.liceulprometeuprotalent.md\/wp-content\/uploads\/2023\/12\/IMG_5136-1536x1152.jpg 1536w\" sizes=\"(max-width: 400px) 100vw, 400px\" \/> <img decoding=\"async\" class=\"alignnone wp-image-7249 size-fusion-400\" src=\"https:\/\/www.liceulprometeuprotalent.md\/wp-content\/uploads\/2023\/12\/IMG_5120-400x300.jpg\" alt=\"\" width=\"400\" height=\"300\" srcset=\"https:\/\/www.liceulprometeuprotalent.md\/wp-content\/uploads\/2023\/12\/IMG_5120-200x150.jpg 200w, https:\/\/www.liceulprometeuprotalent.md\/wp-content\/uploads\/2023\/12\/IMG_5120-300x225.jpg 300w, https:\/\/www.liceulprometeuprotalent.md\/wp-content\/uploads\/2023\/12\/IMG_5120-400x300.jpg 400w, https:\/\/www.liceulprometeuprotalent.md\/wp-content\/uploads\/2023\/12\/IMG_5120-600x450.jpg 600w, https:\/\/www.liceulprometeuprotalent.md\/wp-content\/uploads\/2023\/12\/IMG_5120-768x576.jpg 768w, https:\/\/www.liceulprometeuprotalent.md\/wp-content\/uploads\/2023\/12\/IMG_5120-800x600.jpg 800w, https:\/\/www.liceulprometeuprotalent.md\/wp-content\/uploads\/2023\/12\/IMG_5120-1024x768.jpg 1024w, https:\/\/www.liceulprometeuprotalent.md\/wp-content\/uploads\/2023\/12\/IMG_5120-1200x900.jpg 1200w, https:\/\/www.liceulprometeuprotalent.md\/wp-content\/uploads\/2023\/12\/IMG_5120-1536x1152.jpg 1536w\" sizes=\"(max-width: 400px) 100vw, 400px\" \/><br \/>\n<img decoding=\"async\" class=\"alignnone wp-image-7250 size-fusion-400\" src=\"https:\/\/www.liceulprometeuprotalent.md\/wp-content\/uploads\/2023\/12\/IMG_5119-400x300.jpg\" alt=\"\" width=\"400\" height=\"300\" srcset=\"https:\/\/www.liceulprometeuprotalent.md\/wp-content\/uploads\/2023\/12\/IMG_5119-200x150.jpg 200w, https:\/\/www.liceulprometeuprotalent.md\/wp-content\/uploads\/2023\/12\/IMG_5119-300x225.jpg 300w, https:\/\/www.liceulprometeuprotalent.md\/wp-content\/uploads\/2023\/12\/IMG_5119-400x300.jpg 400w, https:\/\/www.liceulprometeuprotalent.md\/wp-content\/uploads\/2023\/12\/IMG_5119-600x450.jpg 600w, https:\/\/www.liceulprometeuprotalent.md\/wp-content\/uploads\/2023\/12\/IMG_5119-768x576.jpg 768w, https:\/\/www.liceulprometeuprotalent.md\/wp-content\/uploads\/2023\/12\/IMG_5119-800x600.jpg 800w, https:\/\/www.liceulprometeuprotalent.md\/wp-content\/uploads\/2023\/12\/IMG_5119-1024x768.jpg 1024w, https:\/\/www.liceulprometeuprotalent.md\/wp-content\/uploads\/2023\/12\/IMG_5119-1200x900.jpg 1200w, https:\/\/www.liceulprometeuprotalent.md\/wp-content\/uploads\/2023\/12\/IMG_5119-1536x1152.jpg 1536w\" sizes=\"(max-width: 400px) 100vw, 400px\" \/> <img decoding=\"async\" class=\"alignnone wp-image-7251 size-fusion-400\" src=\"https:\/\/www.liceulprometeuprotalent.md\/wp-content\/uploads\/2023\/12\/IMG_5116-400x300.jpg\" alt=\"\" width=\"400\" height=\"300\" srcset=\"https:\/\/www.liceulprometeuprotalent.md\/wp-content\/uploads\/2023\/12\/IMG_5116-200x150.jpg 200w, https:\/\/www.liceulprometeuprotalent.md\/wp-content\/uploads\/2023\/12\/IMG_5116-300x225.jpg 300w, https:\/\/www.liceulprometeuprotalent.md\/wp-content\/uploads\/2023\/12\/IMG_5116-400x300.jpg 400w, https:\/\/www.liceulprometeuprotalent.md\/wp-content\/uploads\/2023\/12\/IMG_5116-600x450.jpg 600w, https:\/\/www.liceulprometeuprotalent.md\/wp-content\/uploads\/2023\/12\/IMG_5116-768x576.jpg 768w, https:\/\/www.liceulprometeuprotalent.md\/wp-content\/uploads\/2023\/12\/IMG_5116-800x600.jpg 800w, https:\/\/www.liceulprometeuprotalent.md\/wp-content\/uploads\/2023\/12\/IMG_5116-1024x768.jpg 1024w, https:\/\/www.liceulprometeuprotalent.md\/wp-content\/uploads\/2023\/12\/IMG_5116-1200x900.jpg 1200w, https:\/\/www.liceulprometeuprotalent.md\/wp-content\/uploads\/2023\/12\/IMG_5116-1536x1152.jpg 1536w\" sizes=\"(max-width: 400px) 100vw, 400px\" \/>\u00a0\u00a0\u00a0<\/span><\/p>\n","protected":false},"excerpt":{"rendered":"<p>Elevii Liceului de Creativitate \u0219i Inventic\u0103 \u201ePrometeu-Protalent\u201d au s\u0103rb\u0103torit, \u00een unison cu toat\u0103 rom\u00e2nitatea, Ziua Marii Uniri. La 1 decembrie 2023, ei au ie\u0219it la pauza mare \u00een curtea Liceului, unde au c\u00e2ntat c\u00e2ntece patriotice, au recitat poezii, amintind tuturor despre semnifica\u021bia acestei mari s\u0103rb\u0103tori, dup\u0103 care s-au prins, cu mic cu mare, \u00een Hora [&hellip;]<\/p>\n","protected":false},"author":1,"featured_media":7248,"comment_status":"open","ping_status":"open","sticky":false,"template":"","format":"standard","meta":{"_price":"","_stock":"","_tribe_ticket_header":"","_tribe_default_ticket_provider":"","_tribe_ticket_capacity":"0","_ticket_start_date":"","_ticket_end_date":"","_tribe_ticket_show_description":"","_tribe_ticket_show_not_going":false,"_tribe_ticket_use_global_stock":"","_tribe_ticket_global_stock_level":"","_global_stock_mode":"","_global_stock_cap":"","_tribe_rsvp_for_event":"","_tribe_ticket_going_count":"","_tribe_ticket_not_going_count":"","_tribe_tickets_list":"[]","_tribe_ticket_has_attendee_info_fields":false,"footnotes":""},"categories":[89,80,1],"tags":[],"class_list":["post-7247","post","type-post","status-publish","format-standard","has-post-thumbnail","hentry","category-blog","category-toate-categoriile","category-uncategorized"],"_links":{"self":[{"href":"https:\/\/www.liceulprometeuprotalent.md\/index.php?rest_route=\/wp\/v2\/posts\/7247","targetHints":{"allow":["GET"]}}],"collection":[{"href":"https:\/\/www.liceulprometeuprotalent.md\/index.php?rest_route=\/wp\/v2\/posts"}],"about":[{"href":"https:\/\/www.liceulprometeuprotalent.md\/index.php?rest_route=\/wp\/v2\/types\/post"}],"author":[{"embeddable":true,"href":"https:\/\/www.liceulprometeuprotalent.md\/index.php?rest_route=\/wp\/v2\/users\/1"}],"replies":[{"embeddable":true,"href":"https:\/\/www.liceulprometeuprotalent.md\/index.php?rest_route=%2Fwp%2Fv2%2Fcomments&post=7247"}],"version-history":[{"count":3,"href":"https:\/\/www.liceulprometeuprotalent.md\/index.php?rest_route=\/wp\/v2\/posts\/7247\/revisions"}],"predecessor-version":[{"id":7254,"href":"https:\/\/www.liceulprometeuprotalent.md\/index.php?rest_route=\/wp\/v2\/posts\/7247\/revisions\/7254"}],"wp:featuredmedia":[{"embeddable":true,"href":"https:\/\/www.liceulprometeuprotalent.md\/index.php?rest_route=\/wp\/v2\/media\/7248"}],"wp:attachment":[{"href":"https:\/\/www.liceulprometeuprotalent.md\/index.php?rest_route=%2Fwp%2Fv2%2Fmedia&parent=7247"}],"wp:term":[{"taxonomy":"category","embeddable":true,"href":"https:\/\/www.liceulprometeuprotalent.md\/index.php?rest_route=%2Fwp%2Fv2%2Fcategories&post=7247"},{"taxonomy":"post_tag","embeddable":true,"href":"https:\/\/www.liceulprometeuprotalent.md\/index.php?rest_route=%2Fwp%2Fv2%2Ftags&post=7247"}],"curies":[{"name":"wp","href":"https:\/\/api.w.org\/{rel}","templated":true}]}}