{"id":7275,"date":"2023-12-06T08:56:28","date_gmt":"2023-12-06T08:56:28","guid":{"rendered":"https:\/\/www.liceulprometeuprotalent.md\/?p=7275"},"modified":"2023-12-06T08:56:56","modified_gmt":"2023-12-06T08:56:56","slug":"ziua-mondiala-a-solului-discutata-cu-interes-de-copii-in-republica-moldova","status":"publish","type":"post","link":"https:\/\/www.liceulprometeuprotalent.md\/?p=7275","title":{"rendered":"Ziua Mondial\u0103 a Solului discutat\u0103 cu interes de copii \u00een Republica Moldova"},"content":{"rendered":"<p><span style=\"font-size: 14pt;\"><strong><em>5 decembrie 2023, Chi\u0219in\u0103u<\/em><\/strong> &#8211; Organiza\u021bia Na\u021biunilor Unite pentru Alimenta\u021bie \u0219i Agricultur\u0103 (FAO) \u00een Republica Moldova a organizat o lec\u021bie interactiv\u0103 despre importan\u021ba \u0219i protec\u021bia solului pentru 70 de elevi din ciclul primar din Chi\u0219in\u0103u.<\/span><\/p>\n<p><span style=\"font-size: 14pt;\">Lec\u021bia, organizat\u0103 \u201ela liceul Prometeu-Protalent\u201d a vizat marcarea Zilei Mondiale a Solului, s\u0103rb\u0103torit\u0103 anual la 5 decembrie de ONU pentru a eviden\u021bia leg\u0103tura dintre s\u0103n\u0103tatea oamenilor \u0219i gestionarea durabil\u0103 a solului. Tema campaniei globale din acest an este \u201eSolul \u0219i Apa &#8211; o surs\u0103 de via\u021b\u0103!\u201d.<\/span><\/p>\n<p><span style=\"font-size: 14pt;\">\u00cen deschiderea evenimentului, Angela Dogotari &#8211; \u0219efa Direc\u021biei de Gestionare a Terenurilor din cadrul Ministerului Agriculturii \u0219i Industriei Alimentare a men\u021bionat c\u0103 \u201eEduca\u021bia tinerilor privind importan\u021ba solului este esen\u021bial\u0103 pentru asigurarea practicilor durabile de gestionare a terenurilor pentru genera\u021biile viitoare. Evenimente ca acesta ajut\u0103 la con\u0219tientizarea modului \u00een care ac\u021biunile noastre de ast\u0103zi pot proteja aceast\u0103 resurs\u0103 vital\u0103.&#8221; TBC<\/span><\/p>\n<p><span style=\"font-size: 14pt;\">\u00cen timpul lec\u021biei, elevii au desenat, au discutat despre sol, ap\u0103 \u0219i microorganisme \u0219i au \u00eemp\u0103rt\u0103\u0219it experien\u021bele de gr\u0103din\u0103rit sau plantare de copaci din gr\u0103dinile bunicilor. De asemenea, ei au primit \u0219i o <a href=\"http:\/\/54.229.242.119\/booklets\/1_Ref12.pdf\">bro\u0219ur\u0103 educativ\u0103 din partea FAO<\/a> care explic\u0103 importan\u021ba unui sol s\u0103n\u0103tos prin intermediul personajului Roly Poly.<\/span><\/p>\n<p><span style=\"font-size: 14pt;\">Directorul \u0219colii, Aurelian Silvestru, a men\u021bionat c\u0103: \u201eSuntem bucuro\u0219i c\u0103 elevii au avut o lec\u021bie at\u00e2t de interesant\u0103. Profesorii discut\u0103 despre sol la mai multe discipline, \u00eens\u0103 exper\u021bii fac subiectele complexe u\u0219or de \u00een\u021beles\u201d. TBC<\/span><\/p>\n<p><span style=\"font-size: 14pt;\">Activitatea face parte dintr-un proiect al FAO \u0219i Fondul Global pentru Mediu (GEF) de 1,6 milioane USD lansat \u00een 2020 pentru promovarea gestion\u0103rii durabile a terenurilor \u00een 32 de comunit\u0103\u021bi rurale. \u00cen cadrul acestuia, <a href=\"https:\/\/www.youtube.com\/watch?v=tBo191det8s\">FAO a organizat lec\u021bii publice despre sol \u00een \u0219colile din Chi\u0219in\u0103u \u0219i 32 de \u0219coli din raioanele Orhei \u0219i Rezina \u00eentre anii 2020-2023, ajung\u00e2nd la peste 700 de elevi.<\/a><\/span><\/p>\n<p><span style=\"font-size: 14pt;\">Coordonatorul proiectului, Mihail Ojog, a explicat c\u0103 prin aceste lec\u021bii \u0219i lucr\u00e2nd direct cu utilizatorii terenurilor, FAO promoveaz\u0103 practici agricole prietenoase solului, inclusiv \u00eemp\u0103durirea, \u0219i creeaz\u0103 platforme de \u00eenv\u0103\u021bare continu\u0103 prin intermediul \u0219colilor de fermieri. \u201eSper\u0103m astfel s\u0103 form\u0103m promotori activi ai administr\u0103rii sustenabile a terenurilor \u0219i s\u0103 cre\u0103m premise pentru practici durabile la nivel na\u021bional&#8221;, a \u00eencheiat Mihail Ojog. TBC<\/span><\/p>\n<p><span style=\"font-size: 14pt;\">Recunosc\u00e2nd rolul crucial al solului pentru securitatea alimentar\u0103 \u0219i av\u00e2nd \u00een vedere provoc\u0103rile enorme privind gestionarea durabil\u0103 \u0219i protec\u021bia solului, marcarea Zilei Mondiale a Solului a fost aprobat\u0103 \u00een unanimitate la Conferin\u021ba FAO din iunie 2013, iar la 20 decembrie 2013, cu prilejul celei de-a 68-a Adun\u0103ri Generale a ONU s-a decis s\u0103rb\u0103torirea acestei zile la 5 decembrie.<\/span><\/p>\n<p style=\"text-align: center;\"><img decoding=\"async\" class=\"alignnone wp-image-7276 size-fusion-400\" src=\"https:\/\/www.liceulprometeuprotalent.md\/wp-content\/uploads\/2023\/12\/370350043_376218331650440_7523944660512088757_n-400x300.jpg\" alt=\"\" width=\"400\" height=\"300\" srcset=\"https:\/\/www.liceulprometeuprotalent.md\/wp-content\/uploads\/2023\/12\/370350043_376218331650440_7523944660512088757_n-200x150.jpg 200w, https:\/\/www.liceulprometeuprotalent.md\/wp-content\/uploads\/2023\/12\/370350043_376218331650440_7523944660512088757_n-300x225.jpg 300w, https:\/\/www.liceulprometeuprotalent.md\/wp-content\/uploads\/2023\/12\/370350043_376218331650440_7523944660512088757_n-400x300.jpg 400w, https:\/\/www.liceulprometeuprotalent.md\/wp-content\/uploads\/2023\/12\/370350043_376218331650440_7523944660512088757_n-600x450.jpg 600w, https:\/\/www.liceulprometeuprotalent.md\/wp-content\/uploads\/2023\/12\/370350043_376218331650440_7523944660512088757_n-768x576.jpg 768w, https:\/\/www.liceulprometeuprotalent.md\/wp-content\/uploads\/2023\/12\/370350043_376218331650440_7523944660512088757_n-800x600.jpg 800w, https:\/\/www.liceulprometeuprotalent.md\/wp-content\/uploads\/2023\/12\/370350043_376218331650440_7523944660512088757_n-1024x768.jpg 1024w, https:\/\/www.liceulprometeuprotalent.md\/wp-content\/uploads\/2023\/12\/370350043_376218331650440_7523944660512088757_n-1200x900.jpg 1200w, https:\/\/www.liceulprometeuprotalent.md\/wp-content\/uploads\/2023\/12\/370350043_376218331650440_7523944660512088757_n-1536x1152.jpg 1536w, https:\/\/www.liceulprometeuprotalent.md\/wp-content\/uploads\/2023\/12\/370350043_376218331650440_7523944660512088757_n.jpg 1600w\" sizes=\"(max-width: 400px) 100vw, 400px\" \/> <img decoding=\"async\" class=\"alignnone wp-image-7277 size-fusion-400\" src=\"https:\/\/www.liceulprometeuprotalent.md\/wp-content\/uploads\/2023\/12\/385520348_2227569457444618_2912738052181134034_n-400x300.jpg\" alt=\"\" width=\"400\" height=\"300\" srcset=\"https:\/\/www.liceulprometeuprotalent.md\/wp-content\/uploads\/2023\/12\/385520348_2227569457444618_2912738052181134034_n-200x150.jpg 200w, https:\/\/www.liceulprometeuprotalent.md\/wp-content\/uploads\/2023\/12\/385520348_2227569457444618_2912738052181134034_n-300x225.jpg 300w, https:\/\/www.liceulprometeuprotalent.md\/wp-content\/uploads\/2023\/12\/385520348_2227569457444618_2912738052181134034_n-400x300.jpg 400w, https:\/\/www.liceulprometeuprotalent.md\/wp-content\/uploads\/2023\/12\/385520348_2227569457444618_2912738052181134034_n-600x450.jpg 600w, https:\/\/www.liceulprometeuprotalent.md\/wp-content\/uploads\/2023\/12\/385520348_2227569457444618_2912738052181134034_n-768x576.jpg 768w, https:\/\/www.liceulprometeuprotalent.md\/wp-content\/uploads\/2023\/12\/385520348_2227569457444618_2912738052181134034_n-800x600.jpg 800w, https:\/\/www.liceulprometeuprotalent.md\/wp-content\/uploads\/2023\/12\/385520348_2227569457444618_2912738052181134034_n-1024x768.jpg 1024w, https:\/\/www.liceulprometeuprotalent.md\/wp-content\/uploads\/2023\/12\/385520348_2227569457444618_2912738052181134034_n-1200x900.jpg 1200w, https:\/\/www.liceulprometeuprotalent.md\/wp-content\/uploads\/2023\/12\/385520348_2227569457444618_2912738052181134034_n-1536x1152.jpg 1536w, https:\/\/www.liceulprometeuprotalent.md\/wp-content\/uploads\/2023\/12\/385520348_2227569457444618_2912738052181134034_n.jpg 1600w\" sizes=\"(max-width: 400px) 100vw, 400px\" \/><\/p>\n<p><img decoding=\"async\" class=\"alignnone wp-image-7278 size-fusion-800\" src=\"https:\/\/www.liceulprometeuprotalent.md\/wp-content\/uploads\/2023\/12\/385534311_262353456838085_4709514758892223108_n-800x600.jpg\" alt=\"\" width=\"800\" height=\"600\" srcset=\"https:\/\/www.liceulprometeuprotalent.md\/wp-content\/uploads\/2023\/12\/385534311_262353456838085_4709514758892223108_n-200x150.jpg 200w, https:\/\/www.liceulprometeuprotalent.md\/wp-content\/uploads\/2023\/12\/385534311_262353456838085_4709514758892223108_n-300x225.jpg 300w, https:\/\/www.liceulprometeuprotalent.md\/wp-content\/uploads\/2023\/12\/385534311_262353456838085_4709514758892223108_n-400x300.jpg 400w, https:\/\/www.liceulprometeuprotalent.md\/wp-content\/uploads\/2023\/12\/385534311_262353456838085_4709514758892223108_n-600x450.jpg 600w, https:\/\/www.liceulprometeuprotalent.md\/wp-content\/uploads\/2023\/12\/385534311_262353456838085_4709514758892223108_n-768x576.jpg 768w, https:\/\/www.liceulprometeuprotalent.md\/wp-content\/uploads\/2023\/12\/385534311_262353456838085_4709514758892223108_n-800x600.jpg 800w, https:\/\/www.liceulprometeuprotalent.md\/wp-content\/uploads\/2023\/12\/385534311_262353456838085_4709514758892223108_n-1024x768.jpg 1024w, https:\/\/www.liceulprometeuprotalent.md\/wp-content\/uploads\/2023\/12\/385534311_262353456838085_4709514758892223108_n-1200x900.jpg 1200w, https:\/\/www.liceulprometeuprotalent.md\/wp-content\/uploads\/2023\/12\/385534311_262353456838085_4709514758892223108_n-1536x1152.jpg 1536w, https:\/\/www.liceulprometeuprotalent.md\/wp-content\/uploads\/2023\/12\/385534311_262353456838085_4709514758892223108_n.jpg 1600w\" sizes=\"(max-width: 800px) 100vw, 800px\" \/><\/p>\n","protected":false},"excerpt":{"rendered":"<p>5 decembrie 2023, Chi\u0219in\u0103u &#8211; Organiza\u021bia Na\u021biunilor Unite pentru Alimenta\u021bie \u0219i Agricultur\u0103 (FAO) \u00een Republica Moldova a organizat o lec\u021bie interactiv\u0103 despre importan\u021ba \u0219i protec\u021bia solului pentru 70 de elevi din ciclul primar din Chi\u0219in\u0103u. Lec\u021bia, organizat\u0103 \u201ela liceul Prometeu-Protalent\u201d a vizat marcarea Zilei Mondiale a Solului, s\u0103rb\u0103torit\u0103 anual la 5 decembrie de ONU pentru [&hellip;]<\/p>\n","protected":false},"author":1,"featured_media":7276,"comment_status":"open","ping_status":"open","sticky":false,"template":"","format":"standard","meta":{"_price":"","_stock":"","_tribe_ticket_header":"","_tribe_default_ticket_provider":"","_tribe_ticket_capacity":"0","_ticket_start_date":"","_ticket_end_date":"","_tribe_ticket_show_description":"","_tribe_ticket_show_not_going":false,"_tribe_ticket_use_global_stock":"","_tribe_ticket_global_stock_level":"","_global_stock_mode":"","_global_stock_cap":"","_tribe_rsvp_for_event":"","_tribe_ticket_going_count":"","_tribe_ticket_not_going_count":"","_tribe_tickets_list":"[]","_tribe_ticket_has_attendee_info_fields":false,"footnotes":""},"categories":[89,80,1],"tags":[],"class_list":["post-7275","post","type-post","status-publish","format-standard","has-post-thumbnail","hentry","category-blog","category-toate-categoriile","category-uncategorized"],"_links":{"self":[{"href":"https:\/\/www.liceulprometeuprotalent.md\/index.php?rest_route=\/wp\/v2\/posts\/7275","targetHints":{"allow":["GET"]}}],"collection":[{"href":"https:\/\/www.liceulprometeuprotalent.md\/index.php?rest_route=\/wp\/v2\/posts"}],"about":[{"href":"https:\/\/www.liceulprometeuprotalent.md\/index.php?rest_route=\/wp\/v2\/types\/post"}],"author":[{"embeddable":true,"href":"https:\/\/www.liceulprometeuprotalent.md\/index.php?rest_route=\/wp\/v2\/users\/1"}],"replies":[{"embeddable":true,"href":"https:\/\/www.liceulprometeuprotalent.md\/index.php?rest_route=%2Fwp%2Fv2%2Fcomments&post=7275"}],"version-history":[{"count":2,"href":"https:\/\/www.liceulprometeuprotalent.md\/index.php?rest_route=\/wp\/v2\/posts\/7275\/revisions"}],"predecessor-version":[{"id":7280,"href":"https:\/\/www.liceulprometeuprotalent.md\/index.php?rest_route=\/wp\/v2\/posts\/7275\/revisions\/7280"}],"wp:featuredmedia":[{"embeddable":true,"href":"https:\/\/www.liceulprometeuprotalent.md\/index.php?rest_route=\/wp\/v2\/media\/7276"}],"wp:attachment":[{"href":"https:\/\/www.liceulprometeuprotalent.md\/index.php?rest_route=%2Fwp%2Fv2%2Fmedia&parent=7275"}],"wp:term":[{"taxonomy":"category","embeddable":true,"href":"https:\/\/www.liceulprometeuprotalent.md\/index.php?rest_route=%2Fwp%2Fv2%2Fcategories&post=7275"},{"taxonomy":"post_tag","embeddable":true,"href":"https:\/\/www.liceulprometeuprotalent.md\/index.php?rest_route=%2Fwp%2Fv2%2Ftags&post=7275"}],"curies":[{"name":"wp","href":"https:\/\/api.w.org\/{rel}","templated":true}]}}