{"id":7309,"date":"2023-12-18T07:02:52","date_gmt":"2023-12-18T07:02:52","guid":{"rendered":"https:\/\/www.liceulprometeuprotalent.md\/?p=7309"},"modified":"2023-12-18T07:02:52","modified_gmt":"2023-12-18T07:02:52","slug":"emil-rosca-dublu-capion-european","status":"publish","type":"post","link":"https:\/\/www.liceulprometeuprotalent.md\/?p=7309","title":{"rendered":"Emil Ro\u0219ca &#8211; dublu capion european"},"content":{"rendered":"<p><span style=\"font-size: 14pt;\">Emil Ro\u0219ca, elevul clasei a VIII-a \u201eB\u201d de la Liceul de Creativitate \u0219i Inventic\u0103 \u201ePrometeuProtalent\u201d, a devenit pentru a doua oar\u0103 campion european la karate. Colegul nostru a demonstrat o preg\u0103tire impecabil\u0103 \u00een cadrul competi\u021biei, fapt ce i-a asigurat prestigiosul loc I.<\/span><br \/>\n<span style=\"font-size: 14pt;\">Performan\u021bele extraordinare ale lui Emil se datoreaz\u0103 dragostei pentru acest sport, pe care \u00eel practic\u0103 de la v\u00e2rsta de 6 ani, cultiv\u00e2ndu-i calit\u0103\u021bi precum perseveren\u021ba, determinarea, autodisciplina, care-l ajut\u0103 s\u0103 ob\u021bin\u0103 rezultate excelente at\u00e2t \u00een activitatea sportiv\u0103, c\u00e2t \u0219i \u00een cea academic\u0103.<\/span><br \/>\n<span style=\"font-size: 14pt;\">Bravo Emil! E\u0219ti m\u00e2ndria Liceului nostru! \u00ce\u021bi dorim s\u0103-\u021bi \u00eembog\u0103\u021be\u0219ti mereu palmaresul<\/span><br \/>\n<span style=\"font-size: 14pt;\">impresionant de performan\u021be!<\/span><br \/>\n<span style=\"font-size: 14pt;\">Mul\u021bumiri \u0219i aprecieri antrenorilor \u0219i p\u0103rin\u021bilor care, prin motiva\u021bie \u0219i efort, sus\u021bin \u0219i dezvolt\u0103<\/span><br \/>\n<span style=\"font-size: 14pt;\">aspira\u021biile lui Emil.<\/span><\/p>\n<p><img decoding=\"async\" class=\"alignnone wp-image-7310 size-fusion-600 aligncenter\" src=\"https:\/\/www.liceulprometeuprotalent.md\/wp-content\/uploads\/2023\/12\/viber_image_2023-12-13_19-22-48-786-600x450.jpg\" alt=\"\" width=\"600\" height=\"450\" srcset=\"https:\/\/www.liceulprometeuprotalent.md\/wp-content\/uploads\/2023\/12\/viber_image_2023-12-13_19-22-48-786-200x150.jpg 200w, https:\/\/www.liceulprometeuprotalent.md\/wp-content\/uploads\/2023\/12\/viber_image_2023-12-13_19-22-48-786-300x225.jpg 300w, https:\/\/www.liceulprometeuprotalent.md\/wp-content\/uploads\/2023\/12\/viber_image_2023-12-13_19-22-48-786-400x300.jpg 400w, https:\/\/www.liceulprometeuprotalent.md\/wp-content\/uploads\/2023\/12\/viber_image_2023-12-13_19-22-48-786-600x450.jpg 600w, https:\/\/www.liceulprometeuprotalent.md\/wp-content\/uploads\/2023\/12\/viber_image_2023-12-13_19-22-48-786-768x576.jpg 768w, https:\/\/www.liceulprometeuprotalent.md\/wp-content\/uploads\/2023\/12\/viber_image_2023-12-13_19-22-48-786-800x600.jpg 800w, https:\/\/www.liceulprometeuprotalent.md\/wp-content\/uploads\/2023\/12\/viber_image_2023-12-13_19-22-48-786-1024x768.jpg 1024w, https:\/\/www.liceulprometeuprotalent.md\/wp-content\/uploads\/2023\/12\/viber_image_2023-12-13_19-22-48-786-1200x900.jpg 1200w, https:\/\/www.liceulprometeuprotalent.md\/wp-content\/uploads\/2023\/12\/viber_image_2023-12-13_19-22-48-786-1536x1152.jpg 1536w, https:\/\/www.liceulprometeuprotalent.md\/wp-content\/uploads\/2023\/12\/viber_image_2023-12-13_19-22-48-786.jpg 1600w\" sizes=\"(max-width: 600px) 100vw, 600px\" \/><\/p>\n","protected":false},"excerpt":{"rendered":"<p>Emil Ro\u0219ca, elevul clasei a VIII-a \u201eB\u201d de la Liceul de Creativitate \u0219i Inventic\u0103 \u201ePrometeuProtalent\u201d, a devenit pentru a doua oar\u0103 campion european la karate. Colegul nostru a demonstrat o preg\u0103tire impecabil\u0103 \u00een cadrul competi\u021biei, fapt ce i-a asigurat prestigiosul loc I. Performan\u021bele extraordinare ale lui Emil se datoreaz\u0103 dragostei pentru acest sport, pe care [&hellip;]<\/p>\n","protected":false},"author":1,"featured_media":7310,"comment_status":"open","ping_status":"open","sticky":false,"template":"","format":"standard","meta":{"_price":"","_stock":"","_tribe_ticket_header":"","_tribe_default_ticket_provider":"","_tribe_ticket_capacity":"0","_ticket_start_date":"","_ticket_end_date":"","_tribe_ticket_show_description":"","_tribe_ticket_show_not_going":false,"_tribe_ticket_use_global_stock":"","_tribe_ticket_global_stock_level":"","_global_stock_mode":"","_global_stock_cap":"","_tribe_rsvp_for_event":"","_tribe_ticket_going_count":"","_tribe_ticket_not_going_count":"","_tribe_tickets_list":"[]","_tribe_ticket_has_attendee_info_fields":false,"footnotes":""},"categories":[89,80,1],"tags":[],"class_list":["post-7309","post","type-post","status-publish","format-standard","has-post-thumbnail","hentry","category-blog","category-toate-categoriile","category-uncategorized"],"_links":{"self":[{"href":"https:\/\/www.liceulprometeuprotalent.md\/index.php?rest_route=\/wp\/v2\/posts\/7309","targetHints":{"allow":["GET"]}}],"collection":[{"href":"https:\/\/www.liceulprometeuprotalent.md\/index.php?rest_route=\/wp\/v2\/posts"}],"about":[{"href":"https:\/\/www.liceulprometeuprotalent.md\/index.php?rest_route=\/wp\/v2\/types\/post"}],"author":[{"embeddable":true,"href":"https:\/\/www.liceulprometeuprotalent.md\/index.php?rest_route=\/wp\/v2\/users\/1"}],"replies":[{"embeddable":true,"href":"https:\/\/www.liceulprometeuprotalent.md\/index.php?rest_route=%2Fwp%2Fv2%2Fcomments&post=7309"}],"version-history":[{"count":1,"href":"https:\/\/www.liceulprometeuprotalent.md\/index.php?rest_route=\/wp\/v2\/posts\/7309\/revisions"}],"predecessor-version":[{"id":7311,"href":"https:\/\/www.liceulprometeuprotalent.md\/index.php?rest_route=\/wp\/v2\/posts\/7309\/revisions\/7311"}],"wp:featuredmedia":[{"embeddable":true,"href":"https:\/\/www.liceulprometeuprotalent.md\/index.php?rest_route=\/wp\/v2\/media\/7310"}],"wp:attachment":[{"href":"https:\/\/www.liceulprometeuprotalent.md\/index.php?rest_route=%2Fwp%2Fv2%2Fmedia&parent=7309"}],"wp:term":[{"taxonomy":"category","embeddable":true,"href":"https:\/\/www.liceulprometeuprotalent.md\/index.php?rest_route=%2Fwp%2Fv2%2Fcategories&post=7309"},{"taxonomy":"post_tag","embeddable":true,"href":"https:\/\/www.liceulprometeuprotalent.md\/index.php?rest_route=%2Fwp%2Fv2%2Ftags&post=7309"}],"curies":[{"name":"wp","href":"https:\/\/api.w.org\/{rel}","templated":true}]}}