{"id":7315,"date":"2023-12-18T10:52:55","date_gmt":"2023-12-18T10:52:55","guid":{"rendered":"https:\/\/www.liceulprometeuprotalent.md\/?p=7315"},"modified":"2023-12-18T10:52:55","modified_gmt":"2023-12-18T10:52:55","slug":"zborul-dintre-ea-si-el","status":"publish","type":"post","link":"https:\/\/www.liceulprometeuprotalent.md\/?p=7315","title":{"rendered":"\u201eZborul dintre EA \u0219i EL\u201d"},"content":{"rendered":"<p><span style=\"font-size: 14pt;\">Lansarea noii c\u0103r\u021bi \u201eZborul dintre EA \u0219i EL\u201d, semnat\u0103 de scriitorul Aurelian Silvestru, directorul fondator al Liceului de Creativitate \u0219i Inventic\u0103 \u201ePrometeu-Protalent\u201d, a fost prilejul unei inspirate \u00eent\u00e2lniri a autorului cu elevii \u0219i cadrele didactice de la Liceu. Evenimentul a avut loc pe data de 15 decembrie 2023.<\/span><\/p>\n<p><span style=\"font-size: 14pt;\">Dialogul cu discipolii din clasele a VII-a &#8211; a XII-a &#8211; cititori zelo\u0219i ai c\u0103r\u021bii &#8211; a fost deosebit de incitant. Autorul &#8211; \u201eomul de dincolo de imposibil\u201d &#8211; a fost pus \u00een situa\u021bia s\u0103 r\u0103spund\u0103 unui \u0219ir de supozi\u021bii inteligente \u0219i percutante, generate de lectura volumului. Caracterul \u00eentreb\u0103rilor a \u021binut de no\u021biuni de \u00eenalt nivel intelectual \u0219i filosofic, precum: ce este harul f\u0103uriri; cum se nasc personajele; cum se profileaz\u0103 finalul-surpriz\u0103 al prozelor; cum poate fi schimbat omul; cum sunt tinerii de azi; ce \u0219anse are societatea de m\u00e2ine etc.<\/span><\/p>\n<p><span style=\"font-size: 14pt;\">Important de men\u021bionat c\u0103 \u00eentreb\u0103rile au fost prefa\u021bate de adev\u0103rate exegeze critice pe marginea prozelor incluse \u00een volum, care au surprins prin originalitate, viziune \u0219i interpretare.<\/span><\/p>\n<p><span style=\"font-size: 14pt;\">Protagoni\u0219tii manifest\u0103rii culturale &#8211; Postic\u0103 M\u0103d\u0103lina, clasa a XII-a, Mardare Daria, clasa a XII-a, Beniuc Cristian, clasa a X-a, Zast\u00eenceanu Theodor, clasa a X-a, Statii Sergiu, clasa a X-a, Nicoleta Ciuntu, clasa a X-a, Evelina Belicesco, clasa a X-a, Evelina Nosaci, clasa a X-a, Lupu Patricia, clasa a X-a, Foca Cristina, clasa a XI-a, Le\u0219co Cristian, clasa a XI-a, \u021a\u00eegulea Evelina, clasa a XI-a, Ivaniuc Daniel, clasa a XII-a, Miron Rare\u0219, clasa a VII-a, Munteanu Daria, clasa a VII-a, Ungureanu Daniela, clasa a VII-a, Guvir Ana-Maria, clasa a XII-a, Ionescu Ioana, clasa a XII-a, Culci\u021bchi Daria, clasa a XII-a, Cucu Corina, clasa a XII-a, Gu\u0219anu Cornelia, clasa a XII-a, Ionescu Maria, clasa a XII-a, Speianu Maria-Eliza, clasa a XII-a &#8211; au dovedit cu elocin\u021b\u0103 spirit de analiz\u0103 profund\u0103 \u0219i imagina\u021bie debordant\u0103, demonstr\u00e2nd aptitudini excelente de percepere \u0219i \u00een\u021belegere a prozelor din volumul \u201eZborul din EA \u0219i EL\u201d.<\/span><\/p>\n<p><span style=\"font-size: 14pt;\">Frumoase \u0219i emo\u021bionate au fost colindele, interpretate cu deosebit\u0103 tandre\u021be de \u021a\u0103ranu Romina din clasa X-a, care a apropiat, prin intermediul lor, magia S\u0103rb\u0103torilor de Cr\u0103ciun.<\/span><\/p>\n<p><span style=\"font-size: 14pt;\">Felicit\u0103ri, dragi liceeni! Presta\u021bia voastr\u0103 impecabil\u0103, arta de a vorbi frumos, emo\u021bionant \u0219i corect \u00een limba rom\u00e2n\u0103, s-a constituit \u00een cel mai autentic \u0219i pre\u021bios dar pentru dedicarea inestimabil\u0103 a cadrelor didactice de la Catedra de \u0218tiin\u021be Socioumanistice a Liceului: doamna Angela Lungu, \u00a0director adjunct pentru educa\u021bie, doamna Tatiana Melnic, \u0219efa Catedrei de \u0218tiin\u021be Socioumanistice, doamnele Nelea Croitoru, Dina Danilov, Natalia Rusica, Angela Miron, profesoare de limba \u0219i literatura rom\u00e2n\u0103.<\/span><\/p>\n<p><span style=\"font-size: 14pt;\">S\u0103 tr\u0103i\u021bi mul\u021bi ani ferici\u021bi, stimate doamne profesoare! Apreciem profesionalismul, dedica\u021bia, dragostea \u0219i \u00a0contribu\u021bia Dumneavoastr\u0103 nobil\u0103 la cre\u0219terea genera\u021biilor tinere cu o vast\u0103 cultur\u0103 general\u0103.<\/span><\/p>\n<p><span style=\"font-size: 14pt;\">Mul\u021bumiri cordiale adres\u0103m domnului Aurelian Silvestru, care prin c\u0103r\u021bile scrise de domnia sa, ofer\u0103 cititorilor prilejuri de punere \u00een valoare a calit\u0103\u021bilor umane perene \u0219i-i inspir\u0103 s\u0103 se manifeste creativ.<\/span><\/p>\n<p style=\"text-align: center;\"><img decoding=\"async\" class=\"alignnone wp-image-7316 size-fusion-400\" src=\"https:\/\/www.liceulprometeuprotalent.md\/wp-content\/uploads\/2023\/12\/IMG_5478-400x300.jpg\" alt=\"\" width=\"400\" height=\"300\" srcset=\"https:\/\/www.liceulprometeuprotalent.md\/wp-content\/uploads\/2023\/12\/IMG_5478-200x150.jpg 200w, https:\/\/www.liceulprometeuprotalent.md\/wp-content\/uploads\/2023\/12\/IMG_5478-300x225.jpg 300w, https:\/\/www.liceulprometeuprotalent.md\/wp-content\/uploads\/2023\/12\/IMG_5478-400x300.jpg 400w, https:\/\/www.liceulprometeuprotalent.md\/wp-content\/uploads\/2023\/12\/IMG_5478-600x450.jpg 600w, https:\/\/www.liceulprometeuprotalent.md\/wp-content\/uploads\/2023\/12\/IMG_5478-768x576.jpg 768w, https:\/\/www.liceulprometeuprotalent.md\/wp-content\/uploads\/2023\/12\/IMG_5478-800x600.jpg 800w, https:\/\/www.liceulprometeuprotalent.md\/wp-content\/uploads\/2023\/12\/IMG_5478-1024x768.jpg 1024w, https:\/\/www.liceulprometeuprotalent.md\/wp-content\/uploads\/2023\/12\/IMG_5478-1200x900.jpg 1200w, https:\/\/www.liceulprometeuprotalent.md\/wp-content\/uploads\/2023\/12\/IMG_5478-1536x1152.jpg 1536w\" sizes=\"(max-width: 400px) 100vw, 400px\" \/> <img decoding=\"async\" class=\"alignnone wp-image-7317 size-fusion-400\" src=\"https:\/\/www.liceulprometeuprotalent.md\/wp-content\/uploads\/2023\/12\/IMG_5469-400x300.jpg\" alt=\"\" width=\"400\" height=\"300\" srcset=\"https:\/\/www.liceulprometeuprotalent.md\/wp-content\/uploads\/2023\/12\/IMG_5469-200x150.jpg 200w, https:\/\/www.liceulprometeuprotalent.md\/wp-content\/uploads\/2023\/12\/IMG_5469-300x225.jpg 300w, https:\/\/www.liceulprometeuprotalent.md\/wp-content\/uploads\/2023\/12\/IMG_5469-400x300.jpg 400w, https:\/\/www.liceulprometeuprotalent.md\/wp-content\/uploads\/2023\/12\/IMG_5469-600x450.jpg 600w, https:\/\/www.liceulprometeuprotalent.md\/wp-content\/uploads\/2023\/12\/IMG_5469-768x576.jpg 768w, https:\/\/www.liceulprometeuprotalent.md\/wp-content\/uploads\/2023\/12\/IMG_5469-800x600.jpg 800w, https:\/\/www.liceulprometeuprotalent.md\/wp-content\/uploads\/2023\/12\/IMG_5469-1024x768.jpg 1024w, https:\/\/www.liceulprometeuprotalent.md\/wp-content\/uploads\/2023\/12\/IMG_5469-1200x900.jpg 1200w, https:\/\/www.liceulprometeuprotalent.md\/wp-content\/uploads\/2023\/12\/IMG_5469-1536x1152.jpg 1536w\" sizes=\"(max-width: 400px) 100vw, 400px\" \/> <img decoding=\"async\" class=\"alignnone wp-image-7318 size-fusion-400\" src=\"https:\/\/www.liceulprometeuprotalent.md\/wp-content\/uploads\/2023\/12\/IMG_5387-400x300.jpg\" alt=\"\" width=\"400\" height=\"300\" srcset=\"https:\/\/www.liceulprometeuprotalent.md\/wp-content\/uploads\/2023\/12\/IMG_5387-200x150.jpg 200w, https:\/\/www.liceulprometeuprotalent.md\/wp-content\/uploads\/2023\/12\/IMG_5387-300x225.jpg 300w, https:\/\/www.liceulprometeuprotalent.md\/wp-content\/uploads\/2023\/12\/IMG_5387-400x300.jpg 400w, https:\/\/www.liceulprometeuprotalent.md\/wp-content\/uploads\/2023\/12\/IMG_5387-600x450.jpg 600w, https:\/\/www.liceulprometeuprotalent.md\/wp-content\/uploads\/2023\/12\/IMG_5387-768x576.jpg 768w, https:\/\/www.liceulprometeuprotalent.md\/wp-content\/uploads\/2023\/12\/IMG_5387-800x600.jpg 800w, https:\/\/www.liceulprometeuprotalent.md\/wp-content\/uploads\/2023\/12\/IMG_5387-1024x768.jpg 1024w, https:\/\/www.liceulprometeuprotalent.md\/wp-content\/uploads\/2023\/12\/IMG_5387-1200x900.jpg 1200w, https:\/\/www.liceulprometeuprotalent.md\/wp-content\/uploads\/2023\/12\/IMG_5387-1536x1152.jpg 1536w\" sizes=\"(max-width: 400px) 100vw, 400px\" \/> <img decoding=\"async\" class=\"alignnone wp-image-7319 size-fusion-400\" src=\"https:\/\/www.liceulprometeuprotalent.md\/wp-content\/uploads\/2023\/12\/IMG_5384-400x300.jpg\" alt=\"\" width=\"400\" height=\"300\" srcset=\"https:\/\/www.liceulprometeuprotalent.md\/wp-content\/uploads\/2023\/12\/IMG_5384-200x150.jpg 200w, https:\/\/www.liceulprometeuprotalent.md\/wp-content\/uploads\/2023\/12\/IMG_5384-300x225.jpg 300w, https:\/\/www.liceulprometeuprotalent.md\/wp-content\/uploads\/2023\/12\/IMG_5384-400x300.jpg 400w, https:\/\/www.liceulprometeuprotalent.md\/wp-content\/uploads\/2023\/12\/IMG_5384-600x450.jpg 600w, https:\/\/www.liceulprometeuprotalent.md\/wp-content\/uploads\/2023\/12\/IMG_5384-768x576.jpg 768w, https:\/\/www.liceulprometeuprotalent.md\/wp-content\/uploads\/2023\/12\/IMG_5384-800x600.jpg 800w, https:\/\/www.liceulprometeuprotalent.md\/wp-content\/uploads\/2023\/12\/IMG_5384-1024x768.jpg 1024w, https:\/\/www.liceulprometeuprotalent.md\/wp-content\/uploads\/2023\/12\/IMG_5384-1200x900.jpg 1200w, https:\/\/www.liceulprometeuprotalent.md\/wp-content\/uploads\/2023\/12\/IMG_5384-1536x1152.jpg 1536w\" sizes=\"(max-width: 400px) 100vw, 400px\" \/> <img decoding=\"async\" class=\"alignnone wp-image-7320 size-fusion-800\" src=\"https:\/\/www.liceulprometeuprotalent.md\/wp-content\/uploads\/2023\/12\/IMG_5381-800x600.jpg\" alt=\"\" width=\"800\" height=\"600\" srcset=\"https:\/\/www.liceulprometeuprotalent.md\/wp-content\/uploads\/2023\/12\/IMG_5381-200x150.jpg 200w, https:\/\/www.liceulprometeuprotalent.md\/wp-content\/uploads\/2023\/12\/IMG_5381-300x225.jpg 300w, https:\/\/www.liceulprometeuprotalent.md\/wp-content\/uploads\/2023\/12\/IMG_5381-400x300.jpg 400w, https:\/\/www.liceulprometeuprotalent.md\/wp-content\/uploads\/2023\/12\/IMG_5381-600x450.jpg 600w, https:\/\/www.liceulprometeuprotalent.md\/wp-content\/uploads\/2023\/12\/IMG_5381-768x576.jpg 768w, https:\/\/www.liceulprometeuprotalent.md\/wp-content\/uploads\/2023\/12\/IMG_5381-800x600.jpg 800w, https:\/\/www.liceulprometeuprotalent.md\/wp-content\/uploads\/2023\/12\/IMG_5381-1024x768.jpg 1024w, https:\/\/www.liceulprometeuprotalent.md\/wp-content\/uploads\/2023\/12\/IMG_5381-1200x900.jpg 1200w, https:\/\/www.liceulprometeuprotalent.md\/wp-content\/uploads\/2023\/12\/IMG_5381-1536x1152.jpg 1536w\" sizes=\"(max-width: 800px) 100vw, 800px\" \/><\/p>\n","protected":false},"excerpt":{"rendered":"<p>Lansarea noii c\u0103r\u021bi \u201eZborul dintre EA \u0219i EL\u201d, semnat\u0103 de scriitorul Aurelian Silvestru, directorul fondator al Liceului de Creativitate \u0219i Inventic\u0103 \u201ePrometeu-Protalent\u201d, a fost prilejul unei inspirate \u00eent\u00e2lniri a autorului cu elevii \u0219i cadrele didactice de la Liceu. Evenimentul a avut loc pe data de 15 decembrie 2023. Dialogul cu discipolii din clasele a VII-a [&hellip;]<\/p>\n","protected":false},"author":1,"featured_media":7319,"comment_status":"open","ping_status":"open","sticky":false,"template":"","format":"standard","meta":{"_price":"","_stock":"","_tribe_ticket_header":"","_tribe_default_ticket_provider":"","_tribe_ticket_capacity":"0","_ticket_start_date":"","_ticket_end_date":"","_tribe_ticket_show_description":"","_tribe_ticket_show_not_going":false,"_tribe_ticket_use_global_stock":"","_tribe_ticket_global_stock_level":"","_global_stock_mode":"","_global_stock_cap":"","_tribe_rsvp_for_event":"","_tribe_ticket_going_count":"","_tribe_ticket_not_going_count":"","_tribe_tickets_list":"[]","_tribe_ticket_has_attendee_info_fields":false,"footnotes":""},"categories":[89,80,1],"tags":[],"class_list":["post-7315","post","type-post","status-publish","format-standard","has-post-thumbnail","hentry","category-blog","category-toate-categoriile","category-uncategorized"],"_links":{"self":[{"href":"https:\/\/www.liceulprometeuprotalent.md\/index.php?rest_route=\/wp\/v2\/posts\/7315","targetHints":{"allow":["GET"]}}],"collection":[{"href":"https:\/\/www.liceulprometeuprotalent.md\/index.php?rest_route=\/wp\/v2\/posts"}],"about":[{"href":"https:\/\/www.liceulprometeuprotalent.md\/index.php?rest_route=\/wp\/v2\/types\/post"}],"author":[{"embeddable":true,"href":"https:\/\/www.liceulprometeuprotalent.md\/index.php?rest_route=\/wp\/v2\/users\/1"}],"replies":[{"embeddable":true,"href":"https:\/\/www.liceulprometeuprotalent.md\/index.php?rest_route=%2Fwp%2Fv2%2Fcomments&post=7315"}],"version-history":[{"count":1,"href":"https:\/\/www.liceulprometeuprotalent.md\/index.php?rest_route=\/wp\/v2\/posts\/7315\/revisions"}],"predecessor-version":[{"id":7321,"href":"https:\/\/www.liceulprometeuprotalent.md\/index.php?rest_route=\/wp\/v2\/posts\/7315\/revisions\/7321"}],"wp:featuredmedia":[{"embeddable":true,"href":"https:\/\/www.liceulprometeuprotalent.md\/index.php?rest_route=\/wp\/v2\/media\/7319"}],"wp:attachment":[{"href":"https:\/\/www.liceulprometeuprotalent.md\/index.php?rest_route=%2Fwp%2Fv2%2Fmedia&parent=7315"}],"wp:term":[{"taxonomy":"category","embeddable":true,"href":"https:\/\/www.liceulprometeuprotalent.md\/index.php?rest_route=%2Fwp%2Fv2%2Fcategories&post=7315"},{"taxonomy":"post_tag","embeddable":true,"href":"https:\/\/www.liceulprometeuprotalent.md\/index.php?rest_route=%2Fwp%2Fv2%2Ftags&post=7315"}],"curies":[{"name":"wp","href":"https:\/\/api.w.org\/{rel}","templated":true}]}}