{"id":7325,"date":"2023-12-21T07:09:12","date_gmt":"2023-12-21T07:09:12","guid":{"rendered":"https:\/\/www.liceulprometeuprotalent.md\/?p=7325"},"modified":"2023-12-22T08:22:26","modified_gmt":"2023-12-22T08:22:26","slug":"invatand-matematica-inveti-sa-gandesti-grigore-moisil","status":"publish","type":"post","link":"https:\/\/www.liceulprometeuprotalent.md\/?p=7325","title":{"rendered":"\u201e\u00cenv\u0103\u0163\u00e2nd matematic\u0103, \u00eenve\u0163i s\u0103 g\u00e2nde\u015fti\u201d (Grigore Moisil)"},"content":{"rendered":"<p><span style=\"font-size: 14pt;\">Elevii claselor a V-a &#8211; a VIII-a ale Liceului de Creativitate \u0219i Inventic\u0103 \u201ePrometeu-Protalent\u201d au ob\u021binut rezultate frumoase la Concursul de matematic\u0103 \u201eTurnamentele de Cr\u0103ciun\u201d, edi\u021bia a XXX-a. Competi\u021bia, la care au participat elevi de la diverse institu\u021bii de \u00eenv\u0103\u021b\u0103m\u00e2nt din municipiul Chi\u0219in\u0103u, a avut loc pe data de 16 decembrie 2023 \u0219i a fost organizat\u0103 de AO ICAR.<\/span><\/p>\n<p><span style=\"font-size: 14pt;\">Rezultatele excelente, pe care le pute\u021bi vedea al\u0103turat, sunt rodul muncii asidue, at\u00e2t din partea elevilor, c\u00e2t \u0219i a profesorilor care-i ghideaz\u0103 \u00een miraculoasa lume a matematicii, \u0219tiin\u021ba care, precum afirma marele matematician rom\u00e2n, Grigore Moisil, te \u00eenva\u021b\u0103 s\u0103 g\u00e2nde\u0219ti.<\/span><\/p>\n<p><span style=\"font-size: 14pt;\">Bravo, dragi elevi! Ne bucur\u0103 mult interesul vostru pentru matematic\u0103, considerat\u0103 de savantul german Carl Friedrich Gauss, regina \u0219tiin\u021belor. V\u0103 dorim succese \u00een continuare!<\/span><\/p>\n<p><span style=\"font-size: 14pt;\">Mul\u021bumim pentru profesionalism, dedicare \u0219i perseveren\u021ba doamnelor profesoare de matematic\u0103 Violeta Popovici-Bujor, Maria Iarmenco, Olga Dru\u021b\u0103, Tamara Curtescu.<\/span><\/p>\n<p><span style=\"font-size: 14pt;\">Lista elevilor \u00eenving\u0103tori:<\/span><\/p>\n<p><span style=\"font-size: 14pt;\"><strong>Locul I<\/strong><\/span><\/p>\n<p><span style=\"font-size: 14pt;\">Munteanu Drago\u0219, clasa a V-a \u201eA\u201d, profesoar\u0103 Maria Iarmenco.<\/span><\/p>\n<p><span style=\"font-size: 14pt;\"><strong>Locul II<\/strong><\/span><\/p>\n<p><span style=\"font-size: 14pt;\">Suruceanu Cosmin-Andrei, clasa a V-a \u201eC\u201d, profesoar\u0103 Violeta Popovici -Bujor,<\/span><\/p>\n<p><span style=\"font-size: 14pt;\">Bujor Lauren\u021biu, clasa a V-a \u201eC\u201d, profesoar\u0103 Violeta Popovici -Bujor.<\/span><\/p>\n<p><span style=\"font-size: 14pt;\"><strong>Locul III<\/strong><\/span><\/p>\n<p><span style=\"font-size: 14pt;\">\u021aicu Anda, clasa a V-a \u201eB\u201d, profesoar\u0103 Maria Iarmenco,<\/span><\/p>\n<p><span style=\"font-size: 14pt;\">Andru\u0219cenco \u0218tefan, clasa a V-a \u201eC\u201d, profesoar\u0103 Violeta Popovici -Bujor,<\/span><\/p>\n<p><span style=\"font-size: 14pt;\">Vizir \u0218tefan, clasa a V-a \u201eB\u201d, profesoar\u0103 Maria Iarmenco,<\/span><\/p>\n<p><span style=\"font-size: 14pt;\">G\u0103in\u0103 Marius, clasa a V-a \u201eB\u201d, profesoar\u0103 Maria Iarmenco.<\/span><\/p>\n<p><span style=\"font-size: 14pt;\"><strong>Men\u021biune<\/strong><\/span><\/p>\n<p><span style=\"font-size: 14pt;\">Medvi\u021bchi Bianca, clasa a V-a \u201eB\u201d, profesoar\u0103 Iarmenco Maria,<\/span><\/p>\n<p><span style=\"font-size: 14pt;\">Cernov Pavel, clasa a V-a \u201eC\u201d, profesoar\u0103 Violeta Popovici Bujor.<\/span><\/p>\n<p><span style=\"font-size: 14pt;\"><strong>Clasa a VI-a<\/strong><\/span><\/p>\n<p><span style=\"font-size: 14pt;\"><strong>Locul III<\/strong><\/span><\/p>\n<p><span style=\"font-size: 14pt;\">Malai Alexandru, clasa a VI-a \u201eC\u201d, profesoar\u0103 Olga Dru\u021b\u0103,<\/span><\/p>\n<p><span style=\"font-size: 14pt;\">Pribega Drago\u0219, clasa a VI-a \u201eA\u201d, profesoar\u0103 Tamara Curtescu.<\/span><\/p>\n<p><span style=\"font-size: 14pt;\"><strong>Men\u021biune <\/strong><\/span><\/p>\n<p><span style=\"font-size: 14pt;\">Axenti Flavius, clasa a VI-a \u201eC\u201d, profesoar\u0103 Olga Dru\u021b\u0103.<\/span><\/p>\n<p><span style=\"font-size: 14pt;\"><strong>Clasa a VII-a<\/strong><\/span><\/p>\n<p><span style=\"font-size: 14pt;\"><strong>Locul II<\/strong><\/span><\/p>\n<p><span style=\"font-size: 14pt;\">Rizov Chiril, clasa a VII-a \u201eC\u201d, profesoar\u0103 Olga Dru\u021b\u0103,<\/span><\/p>\n<p><span style=\"font-size: 14pt;\">Untila Robert, clasa a VII-a \u201eB\u201d, profesoar\u0103 Olga Dru\u021b\u0103.<\/span><\/p>\n<p><span style=\"font-size: 14pt;\"><strong>Men\u021biune <\/strong><\/span><\/p>\n<p><span style=\"font-size: 14pt;\">Rusnaciuc Anisia, clasa a VII-a \u201eA\u201d, profesoar\u0103 Maria Iarmenco,<\/span><\/p>\n<p><span style=\"font-size: 14pt;\">Medvi\u021bchi R\u0103zvan, clasa a VII-a \u201eA\u201d, profesoar\u0103 Maria Iarmenco,<\/span><\/p>\n<p><span style=\"font-size: 14pt;\">Galben Darius, clasa a VII-a \u201eC\u201d, profesoar\u0103 Olga Dru\u021b\u0103,<\/span><\/p>\n<p><span style=\"font-size: 14pt;\">Gala\u021banu Alexandru, clasa a VII-a \u201eC\u201d, profesoar\u0103 Olga Dru\u021b\u0103.<\/span><\/p>\n<p><span style=\"font-size: 14pt;\"><strong>Clasa a VIII-a<\/strong><\/span><\/p>\n<p><span style=\"font-size: 14pt;\"><strong>Locul I <\/strong><\/span><\/p>\n<p><span style=\"font-size: 14pt;\">Iachimov Laura, clasa a VIII-a \u201eC\u201d, profesoar\u0103 Maria Iarmenco.<\/span><\/p>\n<p><span style=\"font-size: 14pt;\"><strong>Men\u021biune<\/strong><\/span><\/p>\n<p><span style=\"font-size: 14pt;\">S\u0103r\u0103tur\u0103 Lucian, clasa a VIII-a \u201eA\u201d, profesoar\u0103 Violeta Popovici -Bujor,<\/span><\/p>\n<p><span style=\"font-size: 14pt;\">Popa Cristina, clasa a VIII-a \u201eA\u201d, profesoar\u0103 Violeta Popovici -Bujor.<\/span><\/p>\n<p>&nbsp;<\/p>\n","protected":false},"excerpt":{"rendered":"<p>Elevii claselor a V-a &#8211; a VIII-a ale Liceului de Creativitate \u0219i Inventic\u0103 \u201ePrometeu-Protalent\u201d au ob\u021binut rezultate frumoase la Concursul de matematic\u0103 \u201eTurnamentele de Cr\u0103ciun\u201d, edi\u021bia a XXX-a. Competi\u021bia, la care au participat elevi de la diverse institu\u021bii de \u00eenv\u0103\u021b\u0103m\u00e2nt din municipiul Chi\u0219in\u0103u, a avut loc pe data de 16 decembrie 2023 \u0219i a fost [&hellip;]<\/p>\n","protected":false},"author":1,"featured_media":7326,"comment_status":"open","ping_status":"open","sticky":false,"template":"","format":"standard","meta":{"_price":"","_stock":"","_tribe_ticket_header":"","_tribe_default_ticket_provider":"","_tribe_ticket_capacity":"0","_ticket_start_date":"","_ticket_end_date":"","_tribe_ticket_show_description":"","_tribe_ticket_show_not_going":false,"_tribe_ticket_use_global_stock":"","_tribe_ticket_global_stock_level":"","_global_stock_mode":"","_global_stock_cap":"","_tribe_rsvp_for_event":"","_tribe_ticket_going_count":"","_tribe_ticket_not_going_count":"","_tribe_tickets_list":"[]","_tribe_ticket_has_attendee_info_fields":false,"footnotes":""},"categories":[89,80,1],"tags":[],"class_list":["post-7325","post","type-post","status-publish","format-standard","has-post-thumbnail","hentry","category-blog","category-toate-categoriile","category-uncategorized"],"_links":{"self":[{"href":"https:\/\/www.liceulprometeuprotalent.md\/index.php?rest_route=\/wp\/v2\/posts\/7325","targetHints":{"allow":["GET"]}}],"collection":[{"href":"https:\/\/www.liceulprometeuprotalent.md\/index.php?rest_route=\/wp\/v2\/posts"}],"about":[{"href":"https:\/\/www.liceulprometeuprotalent.md\/index.php?rest_route=\/wp\/v2\/types\/post"}],"author":[{"embeddable":true,"href":"https:\/\/www.liceulprometeuprotalent.md\/index.php?rest_route=\/wp\/v2\/users\/1"}],"replies":[{"embeddable":true,"href":"https:\/\/www.liceulprometeuprotalent.md\/index.php?rest_route=%2Fwp%2Fv2%2Fcomments&post=7325"}],"version-history":[{"count":2,"href":"https:\/\/www.liceulprometeuprotalent.md\/index.php?rest_route=\/wp\/v2\/posts\/7325\/revisions"}],"predecessor-version":[{"id":7328,"href":"https:\/\/www.liceulprometeuprotalent.md\/index.php?rest_route=\/wp\/v2\/posts\/7325\/revisions\/7328"}],"wp:featuredmedia":[{"embeddable":true,"href":"https:\/\/www.liceulprometeuprotalent.md\/index.php?rest_route=\/wp\/v2\/media\/7326"}],"wp:attachment":[{"href":"https:\/\/www.liceulprometeuprotalent.md\/index.php?rest_route=%2Fwp%2Fv2%2Fmedia&parent=7325"}],"wp:term":[{"taxonomy":"category","embeddable":true,"href":"https:\/\/www.liceulprometeuprotalent.md\/index.php?rest_route=%2Fwp%2Fv2%2Fcategories&post=7325"},{"taxonomy":"post_tag","embeddable":true,"href":"https:\/\/www.liceulprometeuprotalent.md\/index.php?rest_route=%2Fwp%2Fv2%2Ftags&post=7325"}],"curies":[{"name":"wp","href":"https:\/\/api.w.org\/{rel}","templated":true}]}}