{"id":7333,"date":"2023-12-22T11:40:23","date_gmt":"2023-12-22T11:40:23","guid":{"rendered":"https:\/\/www.liceulprometeuprotalent.md\/?p=7333"},"modified":"2023-12-22T11:40:23","modified_gmt":"2023-12-22T11:40:23","slug":"poesie-perle-de-la-pensee-poezia-perla-gandirii","status":"publish","type":"post","link":"https:\/\/www.liceulprometeuprotalent.md\/?p=7333","title":{"rendered":"\u201ePoesie &#8211; perle de la pensee\u201d\/\u201ePoezia &#8211; perla g\u00e2ndirii\u201d"},"content":{"rendered":"<p><span style=\"font-size: 14pt;\">\u201ePoesie &#8211; perle de la pensee\u201d\/\u201ePoezia &#8211; perla g\u00e2ndirii\u201d a fost denumirea Festivalului-concurs na\u021bional de poezie francez\u0103, care a avut loc \u00een luna noiembrie 2023, cu ocazia Zilei Interna\u021bionale a profesorului de francez\u0103, s\u0103rb\u0103torit\u0103 anual la 23 noiembrie. Festivalul-concurs, cu participare interna\u021bional\u0103, s-a desf\u0103\u021burat online. Competi\u021bia a fost ini\u021biat\u0103 de Colegiul na\u021bional de comer\u021b al Academiei de studii economice din Moldova \u0219i Asocia\u021bia profesorilor de francez\u0103 din Moldova. La Festivalul-concurs au participat peste 350 de elevi din 6 \u021b\u0103ri.<\/span><\/p>\n<p><span style=\"font-size: 14pt;\">Cei patru elevi din clasa a VI-a \u201eC\u201d (\u00eendrum\u0103tor doamna Silvia Voroniuc, profesoar\u0103 de limba francez\u0103) a Liceului \u201ePrometeu-Protalent\u201d, participan\u021bi la Festivalul-concurs, au demonstrat o deosebit\u0103 pasiune \u0219i excelent\u0103 cunoa\u0219tere a limbii franceze &#8211; a doua limb\u0103 str\u0103in\u0103 de studiu, valorific\u00e2ndu-\u0219i plenar competen\u021bele de comunicare \u00een aceast\u0103 limb\u0103. Ei au recitat, la categoria \u201eRecital\u201d, poeme \u00een limba francez\u0103 ale scriitorilor francezi. Juriul interna\u021bional, format din profesori din Fran\u021ba, Serbia \u0219i Republica Moldova, i-a apreciat cu locuri de frunte dup\u0103 cum urmeaz\u0103:<\/span><\/p>\n<p><span style=\"font-size: 14pt;\"><strong>Li\u021bcan Gabriel &#8211; premiul I, <\/strong><\/span><\/p>\n<p><span style=\"font-size: 14pt;\"><strong>Trofim Cornelia &#8211; premiul II, <\/strong><\/span><\/p>\n<p><span style=\"font-size: 14pt;\"><strong>Iurco Gloria &#8211; premiul II, <\/strong><\/span><\/p>\n<p><span style=\"font-size: 14pt;\"><strong>Ghedrovici Nicoleta &#8211; premiul II.<\/strong><\/span><\/p>\n<p><span style=\"font-size: 14pt;\">Men\u021bion\u0103m, c\u0103 Li\u021bcan Gabriel a luat premiul I pentru recitarea poemului \u201eDemain d\u00e8s l&#8217;aube\u201d de Victor Hugo.<\/span><\/p>\n<p><span style=\"font-size: 14pt;\">Bravo, dragi elevi! Felicit\u0103ri! Implicarea voastr\u0103 excep\u021bional\u0103 ne bucur\u0103 nespus de mult. Sunte\u021bi minuna\u021bi!<\/span><\/p>\n<p><span style=\"font-size: 14pt;\">Exprim\u0103m mul\u021bumiri cordiale distinsei doamne Silvia Voroniuc, profesoar\u0103 de limba francez\u0103, formator interna\u021bional, care, prin profesionalism \u0219i pasiune, \u00ee\u0219i motiveaz\u0103 discipolii s\u0103 studieze fundamental aceast\u0103 frumoas\u0103 limb\u0103 de origine latin\u0103.<\/span><\/p>\n<p>&nbsp;<\/p>\n","protected":false},"excerpt":{"rendered":"<p>\u201ePoesie &#8211; perle de la pensee\u201d\/\u201ePoezia &#8211; perla g\u00e2ndirii\u201d a fost denumirea Festivalului-concurs na\u021bional de poezie francez\u0103, care a avut loc \u00een luna noiembrie 2023, cu ocazia Zilei Interna\u021bionale a profesorului de francez\u0103, s\u0103rb\u0103torit\u0103 anual la 23 noiembrie. Festivalul-concurs, cu participare interna\u021bional\u0103, s-a desf\u0103\u021burat online. Competi\u021bia a fost ini\u021biat\u0103 de Colegiul na\u021bional de comer\u021b al [&hellip;]<\/p>\n","protected":false},"author":1,"featured_media":7334,"comment_status":"open","ping_status":"open","sticky":false,"template":"","format":"standard","meta":{"_price":"","_stock":"","_tribe_ticket_header":"","_tribe_default_ticket_provider":"","_tribe_ticket_capacity":"0","_ticket_start_date":"","_ticket_end_date":"","_tribe_ticket_show_description":"","_tribe_ticket_show_not_going":false,"_tribe_ticket_use_global_stock":"","_tribe_ticket_global_stock_level":"","_global_stock_mode":"","_global_stock_cap":"","_tribe_rsvp_for_event":"","_tribe_ticket_going_count":"","_tribe_ticket_not_going_count":"","_tribe_tickets_list":"[]","_tribe_ticket_has_attendee_info_fields":false,"footnotes":""},"categories":[89,80,1],"tags":[],"class_list":["post-7333","post","type-post","status-publish","format-standard","has-post-thumbnail","hentry","category-blog","category-toate-categoriile","category-uncategorized"],"_links":{"self":[{"href":"https:\/\/www.liceulprometeuprotalent.md\/index.php?rest_route=\/wp\/v2\/posts\/7333","targetHints":{"allow":["GET"]}}],"collection":[{"href":"https:\/\/www.liceulprometeuprotalent.md\/index.php?rest_route=\/wp\/v2\/posts"}],"about":[{"href":"https:\/\/www.liceulprometeuprotalent.md\/index.php?rest_route=\/wp\/v2\/types\/post"}],"author":[{"embeddable":true,"href":"https:\/\/www.liceulprometeuprotalent.md\/index.php?rest_route=\/wp\/v2\/users\/1"}],"replies":[{"embeddable":true,"href":"https:\/\/www.liceulprometeuprotalent.md\/index.php?rest_route=%2Fwp%2Fv2%2Fcomments&post=7333"}],"version-history":[{"count":1,"href":"https:\/\/www.liceulprometeuprotalent.md\/index.php?rest_route=\/wp\/v2\/posts\/7333\/revisions"}],"predecessor-version":[{"id":7335,"href":"https:\/\/www.liceulprometeuprotalent.md\/index.php?rest_route=\/wp\/v2\/posts\/7333\/revisions\/7335"}],"wp:featuredmedia":[{"embeddable":true,"href":"https:\/\/www.liceulprometeuprotalent.md\/index.php?rest_route=\/wp\/v2\/media\/7334"}],"wp:attachment":[{"href":"https:\/\/www.liceulprometeuprotalent.md\/index.php?rest_route=%2Fwp%2Fv2%2Fmedia&parent=7333"}],"wp:term":[{"taxonomy":"category","embeddable":true,"href":"https:\/\/www.liceulprometeuprotalent.md\/index.php?rest_route=%2Fwp%2Fv2%2Fcategories&post=7333"},{"taxonomy":"post_tag","embeddable":true,"href":"https:\/\/www.liceulprometeuprotalent.md\/index.php?rest_route=%2Fwp%2Fv2%2Ftags&post=7333"}],"curies":[{"name":"wp","href":"https:\/\/api.w.org\/{rel}","templated":true}]}}