{"id":7340,"date":"2024-01-17T11:01:13","date_gmt":"2024-01-17T11:01:13","guid":{"rendered":"https:\/\/www.liceulprometeuprotalent.md\/?p=7340"},"modified":"2024-01-17T11:01:13","modified_gmt":"2024-01-17T11:01:13","slug":"poetii-mari-isi-aleg-popoarele-in-mijlocul-carora-au-a-se-naste-nicolae-dabija","status":"publish","type":"post","link":"https:\/\/www.liceulprometeuprotalent.md\/?p=7340","title":{"rendered":"&#8230; Poe\u021bii mari \u00ee\u0219i aleg popoarele \u00een mijlocul c\u0103rora au a se na\u0219te. (Nicolae Dabija)"},"content":{"rendered":"<p><span style=\"font-size: 18px;\">&#8230; Poe\u021bii mari \u00ee\u0219i aleg popoarele \u00een mijlocul c\u0103rora au a se na\u0219te.<\/span><\/p>\n<p><span style=\"font-size: 18px;\">\u00a0\u00a0\u00a0\u00a0\u00a0\u00a0\u00a0\u00a0\u00a0\u00a0\u00a0\u00a0\u00a0\u00a0\u00a0\u00a0\u00a0\u00a0\u00a0\u00a0\u00a0\u00a0\u00a0\u00a0\u00a0\u00a0\u00a0\u00a0\u00a0\u00a0\u00a0\u00a0\u00a0\u00a0\u00a0\u00a0\u00a0\u00a0\u00a0\u00a0\u00a0\u00a0\u00a0\u00a0\u00a0\u00a0\u00a0\u00a0\u00a0\u00a0\u00a0\u00a0\u00a0\u00a0\u00a0\u00a0\u00a0\u00a0\u00a0\u00a0\u00a0\u00a0\u00a0\u00a0\u00a0\u00a0\u00a0\u00a0\u00a0\u00a0 (<em>Nicolae Dabija<\/em>)\u00a0<\/span><\/p>\n<p><span style=\"font-size: 18px;\">De Ziua Culturii Na\u021bionale \u0219i a Zilei de na\u0219tere a poetului na\u021bional Mihai Eminescu, s\u0103rb\u0103torir\u0103 anual la 15 ianuarie, elevii clasei a X-a \u201eA\u201d, \u00eempreun\u0103 cu doamna Tatiana Melnic, diriginta clasei, profesoar\u0103 de limba \u0219i literatura rom\u00e2n\u0103 \u0219i cu domnul Aurelian Silvestru, directorul fondator al Liceului de Creativitate \u0219i Inventic\u0103 \u201ePrometeu-Protalent\u201d \u0219i-au exprimat omagiul \u0219i au depus flori la monumentul marelui poet din Gr\u0103dina Public\u0103 \u0218tefan cel Mare \u0219i Sf\u00e2nt din Chi\u0219in\u0103u, al\u0103tur\u00e2ndu-se iubitorilor de cuv\u00e2nt \u0219i de valori spirituale netrec\u0103toare. Prin acest gest, ei \u0219i-au exprimat pre\u021buirea \u0219i respectul fa\u021b\u0103 de poetul nepereche \u0219i omul cet\u0103\u021bii, Mihai Eminescu, cel despre care poetul Nicolae Dabija scria:<\/span><\/p>\n<p><span style=\"font-size: 18px;\">\u00a0\u00a0\u00a0\u00a0\u00a0\u00a0\u00a0\u00a0\u00a0\u00a0\u00a0\u00a0\u00a0\u00a0\u00a0\u00a0\u00a0\u00a0\u00a0\u00a0\u00a0\u00a0\u00a0 \u201eC\u00e2nd m\u0103 g\u00e2ndesc c\u00e2t de mult ne iubise izvoarele<\/span><\/p>\n<p><span style=\"font-size: 18px;\">\u00a0\u00a0\u00a0\u00a0\u00a0\u00a0\u00a0\u00a0\u00a0\u00a0\u00a0\u00a0\u00a0\u00a0\u00a0\u00a0\u00a0\u00a0\u00a0\u00a0\u00a0\u00a0\u00a0 \u0219i codrii, \u0219i doinele<\/span><\/p>\n<p><span style=\"font-size: 18px;\">\u00a0\u00a0\u00a0\u00a0\u00a0\u00a0\u00a0\u00a0\u00a0\u00a0\u00a0\u00a0\u00a0\u00a0\u00a0\u00a0\u00a0\u00a0\u00a0\u00a0\u00a0\u00a0\u00a0 ce-au fost a-l cunoa\u0219te,<\/span><\/p>\n<p><span style=\"font-size: 18px;\">\u00a0\u00a0\u00a0\u00a0\u00a0\u00a0\u00a0\u00a0\u00a0\u00a0\u00a0\u00a0\u00a0\u00a0\u00a0\u00a0\u00a0\u00a0\u00a0\u00a0\u00a0\u00a0\u00a0 \u00eemi vine s\u0103 cred c\u0103 poe\u021bii mari<\/span><\/p>\n<p><span style=\"font-size: 18px;\">\u00a0\u00a0\u00a0\u00a0\u00a0\u00a0\u00a0\u00a0\u00a0\u00a0\u00a0\u00a0\u00a0\u00a0\u00a0\u00a0\u00a0\u00a0\u00a0\u00a0\u00a0\u00a0\u00a0 \u00ee\u0219i aleg popoarele<\/span><\/p>\n<p><span style=\"font-size: 18px;\">\u00a0\u00a0\u00a0\u00a0\u00a0\u00a0\u00a0\u00a0\u00a0\u00a0\u00a0\u00a0\u00a0\u00a0\u00a0\u00a0\u00a0\u00a0\u00a0\u00a0\u00a0\u00a0\u00a0 \u00een mijlocul c\u0103rora<\/span><\/p>\n<p><span style=\"font-size: 18px;\">\u00a0\u00a0\u00a0\u00a0\u00a0\u00a0\u00a0\u00a0\u00a0\u00a0\u00a0\u00a0\u00a0\u00a0\u00a0\u00a0\u00a0\u00a0\u00a0\u00a0\u00a0\u00a0\u00a0 au a se na\u0219te\u201d.<\/span><\/p>\n<p><span style=\"font-size: 18px;\">Atmosfera emanat\u0103 de opera lui Mihai Eminescu a fost prezent\u0103 ziua \u00eentreag\u0103 \u0219i \u00een incinta Liceului \u201ePrometeu-Protalent\u201d. Prin grija domnului Veaceslav Adam, profesor de educa\u021bie muzical\u0103, elevii au avut frumosul prilej s\u0103 audieze, \u00een fiecare pauz\u0103, cele mai cunoscute melodii pe versuri de Mihai Eminescu, iar la orele de limba \u0219i literatura rom\u00e2n\u0103 au recitat poezii \u0219i-au discutat despre mo\u0219tenirea literar\u0103 a ilustrului poet.<\/span><\/p>\n<p><span style=\"font-size: 18px;\"><em>\u201eNumai poetul,\/<\/em> <em>Ca p\u0103s\u0103ri ce zboar\u0103\/<\/em> <em>Deasupra valurilor,<\/em>\/ <em>Trece peste nem\u0103rginirea timpului:\/<\/em> <em>\u00cen ramurile g\u00e2ndului,<\/em>\/ <em>\u00cen sfintele lunci,<\/em>\/ <em>Unde p\u0103s\u0103ri ca el<\/em>\/ <em>Se \u00eentrec \u00een c\u00e2nt\u0103ri.<\/em>\u201d <strong><em>(Mihai Eminescu)<\/em><\/strong><\/span><\/p>\n<p style=\"text-align: center;\"><span style=\"font-size: 18px;\"><strong><em>\u00a0<\/em><\/strong><\/span><span style=\"font-size: 18px;\">Tineri de la \u0218coala de muzic\u0103 \u201eEugen Doga\u201d interpreteaz\u0103 melodii pe versuri de Mihai Eminescu.<br \/>\n<img decoding=\"async\" class=\"alignnone wp-image-7341 size-fusion-400\" src=\"https:\/\/www.liceulprometeuprotalent.md\/wp-content\/uploads\/2024\/01\/viber_image_2024-01-15_12-31-25-644-400x300.jpg\" alt=\"\" width=\"400\" height=\"300\" srcset=\"https:\/\/www.liceulprometeuprotalent.md\/wp-content\/uploads\/2024\/01\/viber_image_2024-01-15_12-31-25-644-200x150.jpg 200w, https:\/\/www.liceulprometeuprotalent.md\/wp-content\/uploads\/2024\/01\/viber_image_2024-01-15_12-31-25-644-300x225.jpg 300w, https:\/\/www.liceulprometeuprotalent.md\/wp-content\/uploads\/2024\/01\/viber_image_2024-01-15_12-31-25-644-400x300.jpg 400w, https:\/\/www.liceulprometeuprotalent.md\/wp-content\/uploads\/2024\/01\/viber_image_2024-01-15_12-31-25-644-600x450.jpg 600w, https:\/\/www.liceulprometeuprotalent.md\/wp-content\/uploads\/2024\/01\/viber_image_2024-01-15_12-31-25-644-768x576.jpg 768w, https:\/\/www.liceulprometeuprotalent.md\/wp-content\/uploads\/2024\/01\/viber_image_2024-01-15_12-31-25-644-800x600.jpg 800w, https:\/\/www.liceulprometeuprotalent.md\/wp-content\/uploads\/2024\/01\/viber_image_2024-01-15_12-31-25-644-1024x768.jpg 1024w, https:\/\/www.liceulprometeuprotalent.md\/wp-content\/uploads\/2024\/01\/viber_image_2024-01-15_12-31-25-644-1200x900.jpg 1200w, https:\/\/www.liceulprometeuprotalent.md\/wp-content\/uploads\/2024\/01\/viber_image_2024-01-15_12-31-25-644-1536x1152.jpg 1536w, https:\/\/www.liceulprometeuprotalent.md\/wp-content\/uploads\/2024\/01\/viber_image_2024-01-15_12-31-25-644.jpg 1600w\" sizes=\"(max-width: 400px) 100vw, 400px\" \/> <img decoding=\"async\" class=\"alignnone wp-image-7342 size-fusion-400\" src=\"https:\/\/www.liceulprometeuprotalent.md\/wp-content\/uploads\/2024\/01\/viber_image_2024-01-15_12-28-18-836-400x300.jpg\" alt=\"\" width=\"400\" height=\"300\" srcset=\"https:\/\/www.liceulprometeuprotalent.md\/wp-content\/uploads\/2024\/01\/viber_image_2024-01-15_12-28-18-836-200x150.jpg 200w, https:\/\/www.liceulprometeuprotalent.md\/wp-content\/uploads\/2024\/01\/viber_image_2024-01-15_12-28-18-836-300x225.jpg 300w, https:\/\/www.liceulprometeuprotalent.md\/wp-content\/uploads\/2024\/01\/viber_image_2024-01-15_12-28-18-836-400x300.jpg 400w, https:\/\/www.liceulprometeuprotalent.md\/wp-content\/uploads\/2024\/01\/viber_image_2024-01-15_12-28-18-836-600x450.jpg 600w, https:\/\/www.liceulprometeuprotalent.md\/wp-content\/uploads\/2024\/01\/viber_image_2024-01-15_12-28-18-836-768x576.jpg 768w, https:\/\/www.liceulprometeuprotalent.md\/wp-content\/uploads\/2024\/01\/viber_image_2024-01-15_12-28-18-836-800x600.jpg 800w, https:\/\/www.liceulprometeuprotalent.md\/wp-content\/uploads\/2024\/01\/viber_image_2024-01-15_12-28-18-836-1024x768.jpg 1024w, https:\/\/www.liceulprometeuprotalent.md\/wp-content\/uploads\/2024\/01\/viber_image_2024-01-15_12-28-18-836-1200x900.jpg 1200w, https:\/\/www.liceulprometeuprotalent.md\/wp-content\/uploads\/2024\/01\/viber_image_2024-01-15_12-28-18-836-1536x1152.jpg 1536w, https:\/\/www.liceulprometeuprotalent.md\/wp-content\/uploads\/2024\/01\/viber_image_2024-01-15_12-28-18-836.jpg 1600w\" sizes=\"(max-width: 400px) 100vw, 400px\" \/><br \/>\n<\/span><\/p>\n","protected":false},"excerpt":{"rendered":"<p>&#8230; Poe\u021bii mari \u00ee\u0219i aleg popoarele \u00een mijlocul c\u0103rora au a se na\u0219te. \u00a0\u00a0\u00a0\u00a0\u00a0\u00a0\u00a0\u00a0\u00a0\u00a0\u00a0\u00a0\u00a0\u00a0\u00a0\u00a0\u00a0\u00a0\u00a0\u00a0\u00a0\u00a0\u00a0\u00a0\u00a0\u00a0\u00a0\u00a0\u00a0\u00a0\u00a0\u00a0\u00a0\u00a0\u00a0\u00a0\u00a0\u00a0\u00a0\u00a0\u00a0\u00a0\u00a0\u00a0\u00a0\u00a0\u00a0\u00a0\u00a0\u00a0\u00a0\u00a0\u00a0\u00a0\u00a0\u00a0\u00a0\u00a0\u00a0\u00a0\u00a0\u00a0\u00a0\u00a0\u00a0\u00a0\u00a0\u00a0\u00a0\u00a0 (Nicolae Dabija)\u00a0 De Ziua Culturii Na\u021bionale \u0219i a Zilei de na\u0219tere a poetului na\u021bional Mihai Eminescu, s\u0103rb\u0103torir\u0103 anual la 15 ianuarie, elevii clasei a X-a \u201eA\u201d, \u00eempreun\u0103 cu doamna Tatiana Melnic, diriginta clasei, profesoar\u0103 de limba \u0219i literatura rom\u00e2n\u0103 \u0219i cu [&hellip;]<\/p>\n","protected":false},"author":1,"featured_media":7341,"comment_status":"open","ping_status":"open","sticky":false,"template":"","format":"standard","meta":{"_price":"","_stock":"","_tribe_ticket_header":"","_tribe_default_ticket_provider":"","_tribe_ticket_capacity":"0","_ticket_start_date":"","_ticket_end_date":"","_tribe_ticket_show_description":"","_tribe_ticket_show_not_going":false,"_tribe_ticket_use_global_stock":"","_tribe_ticket_global_stock_level":"","_global_stock_mode":"","_global_stock_cap":"","_tribe_rsvp_for_event":"","_tribe_ticket_going_count":"","_tribe_ticket_not_going_count":"","_tribe_tickets_list":"[]","_tribe_ticket_has_attendee_info_fields":false,"footnotes":""},"categories":[89,80,1],"tags":[],"class_list":["post-7340","post","type-post","status-publish","format-standard","has-post-thumbnail","hentry","category-blog","category-toate-categoriile","category-uncategorized"],"_links":{"self":[{"href":"https:\/\/www.liceulprometeuprotalent.md\/index.php?rest_route=\/wp\/v2\/posts\/7340","targetHints":{"allow":["GET"]}}],"collection":[{"href":"https:\/\/www.liceulprometeuprotalent.md\/index.php?rest_route=\/wp\/v2\/posts"}],"about":[{"href":"https:\/\/www.liceulprometeuprotalent.md\/index.php?rest_route=\/wp\/v2\/types\/post"}],"author":[{"embeddable":true,"href":"https:\/\/www.liceulprometeuprotalent.md\/index.php?rest_route=\/wp\/v2\/users\/1"}],"replies":[{"embeddable":true,"href":"https:\/\/www.liceulprometeuprotalent.md\/index.php?rest_route=%2Fwp%2Fv2%2Fcomments&post=7340"}],"version-history":[{"count":1,"href":"https:\/\/www.liceulprometeuprotalent.md\/index.php?rest_route=\/wp\/v2\/posts\/7340\/revisions"}],"predecessor-version":[{"id":7343,"href":"https:\/\/www.liceulprometeuprotalent.md\/index.php?rest_route=\/wp\/v2\/posts\/7340\/revisions\/7343"}],"wp:featuredmedia":[{"embeddable":true,"href":"https:\/\/www.liceulprometeuprotalent.md\/index.php?rest_route=\/wp\/v2\/media\/7341"}],"wp:attachment":[{"href":"https:\/\/www.liceulprometeuprotalent.md\/index.php?rest_route=%2Fwp%2Fv2%2Fmedia&parent=7340"}],"wp:term":[{"taxonomy":"category","embeddable":true,"href":"https:\/\/www.liceulprometeuprotalent.md\/index.php?rest_route=%2Fwp%2Fv2%2Fcategories&post=7340"},{"taxonomy":"post_tag","embeddable":true,"href":"https:\/\/www.liceulprometeuprotalent.md\/index.php?rest_route=%2Fwp%2Fv2%2Ftags&post=7340"}],"curies":[{"name":"wp","href":"https:\/\/api.w.org\/{rel}","templated":true}]}}