{"id":7368,"date":"2024-01-23T13:55:55","date_gmt":"2024-01-23T13:55:55","guid":{"rendered":"https:\/\/www.liceulprometeuprotalent.md\/?p=7368"},"modified":"2024-01-23T14:52:33","modified_gmt":"2024-01-23T14:52:33","slug":"concursul-comper-comunicare-editia-2023-2024-etapa-i","status":"publish","type":"post","link":"https:\/\/www.liceulprometeuprotalent.md\/?p=7368","title":{"rendered":"Concursul COMPER-COMUNICARE, edi\u021bia 2023-2024, etapa I"},"content":{"rendered":"<p><span style=\"font-size: 18px;\"><strong>Nu noi suntem st\u0103p\u00e2nii limbii, ci limba e st\u0103p\u00e2na noastr\u0103<\/strong>.<\/span><\/p>\n<p><span style=\"font-size: 18px;\">\u00a0\u00a0\u00a0\u00a0\u00a0\u00a0\u00a0\u00a0\u00a0\u00a0\u00a0\u00a0\u00a0\u00a0\u00a0\u00a0\u00a0\u00a0\u00a0\u00a0\u00a0\u00a0\u00a0\u00a0\u00a0\u00a0\u00a0\u00a0\u00a0\u00a0\u00a0\u00a0\u00a0\u00a0 <strong><em>Mihai Eminescu <\/em><\/strong><\/span><\/p>\n<p class=\"s7\"><span style=\"font-size: 18px;\"><span class=\"s3\"><span class=\"bumpedFont15\">Pe data de 12 ianuarie 2024<\/span><\/span><span class=\"s3\"><span class=\"bumpedFont15\">,<\/span><\/span><span class=\"s3\"><span class=\"bumpedFont15\"> a avut loc Concursul<\/span><\/span><span class=\"s3\"><span class=\"bumpedFont15\"> COMPER-COMUNICARE, edi\u021bia 2023-2024, etapa I <\/span><\/span><span class=\"s3\"><span class=\"bumpedFont15\">(<\/span><\/span><span class=\"s3\"><span class=\"bumpedFont15\">COMPER EDU &#8211; <\/span><\/span><span class=\"s3\"><span class=\"bumpedFont15\">C<\/span><\/span><span class=\"s3\"><span class=\"bumpedFont15\">ompeten\u021b\u0103 \u0219i performan\u021b\u0103 \u00een educa\u021bie,<\/span><\/span><span class=\"s3\"><span class=\"bumpedFont15\"> Rom\u00e2nia) la limba \u0219i literatura rom\u00e2n\u0103, la care au participat elevii claselor gi<\/span><\/span><span class=\"s3\"><span class=\"bumpedFont15\">m<\/span><\/span><span class=\"s3\"><span class=\"bumpedFont15\">naziale de la Liceul de Creativitate \u0219i Inventic\u0103 \u201ePrometeu-Protalent\u201d<\/span><\/span><span class=\"s3\"><span class=\"bumpedFont15\">. <\/span><\/span><\/span><\/p>\n<p class=\"s7\"><span style=\"font-size: 18px;\"><span class=\"s3\"><span class=\"bumpedFont15\">Str\u0103duin\u021ba, perseveren\u021ba \u0219i dragostea pentru limba matern\u0103, demonstrate cu prisosin\u021b\u0103<\/span><\/span> <span class=\"s3\"><span class=\"bumpedFont15\">\u00een cadrul competi\u021biei, s-au soldat cu rezultate \u00eembucur\u0103toare<\/span><\/span><span class=\"s3\"><span class=\"bumpedFont15\"> at\u00e2t pentru elevi, c\u00e2t \u0219i pentru doamnele profesoare de limba \u0219i literatura rom\u00e2n\u0103, care i-au ghidat cu deosebit profesionalism<\/span><\/span><span class=\"s3\"><span class=\"bumpedFont15\">, implicare \u0219i dedica\u021bie<\/span><\/span><span class=\"s3\"><span class=\"bumpedFont15\"> spre ob\u021binerea \u00a0respectivelor performan\u021be: <\/span><\/span><\/span><\/p>\n<p class=\"s7\"><span style=\"font-size: 18px;\"><span class=\"s2\"><span class=\"bumpedFont15\">Clasa a V-a \u201eA\u201d <\/span><\/span><a name=\"_Hlk156763789\"><\/a><\/span><\/p>\n<p class=\"s7\"><span style=\"font-size: 18px;\"><span class=\"s3\"><span class=\"bumpedFont15\">Mereacre Magdalena<\/span><\/span><a name=\"_Hlk156757964\"><\/a> <span class=\"s3\"><span class=\"bumpedFont15\">&#8211; locul I;<\/span><\/span><\/span><\/p>\n<p class=\"s7\"><span style=\"font-size: 18px;\"><span class=\"s3\"><span class=\"bumpedFont15\">Surucean Ilinca<\/span><\/span><a name=\"_Hlk156758012\"><\/a> <span class=\"s3\"><span class=\"bumpedFont15\">&#8211; locul I;<\/span><\/span><\/span><\/p>\n<p class=\"s7\"><span style=\"font-size: 18px;\"><span class=\"s3\"><span class=\"bumpedFont15\">Ganea Simona<\/span><\/span> <span class=\"s3\"><span class=\"bumpedFont15\">&#8211;<\/span><\/span><span class=\"s3\"><span class=\"bumpedFont15\"> locul II;<\/span><\/span><\/span><\/p>\n<p class=\"s7\"><span style=\"font-size: 18px;\"><span class=\"s3\"><span class=\"bumpedFont15\">Ududovici Dumitri\u021ba<\/span><\/span> <span class=\"s3\"><span class=\"bumpedFont15\">&#8211;<\/span><\/span><span class=\"s3\"><span class=\"bumpedFont15\"> locul II;<\/span><\/span><\/span><\/p>\n<p class=\"s7\"><span style=\"font-size: 18px;\"><span class=\"s3\"><span class=\"bumpedFont15\">\u0218oric Teodor<\/span><\/span> <span class=\"s3\"><span class=\"bumpedFont15\">&#8211;<\/span><\/span><span class=\"s3\"><span class=\"bumpedFont15\"> locul III;<\/span><\/span><\/span><\/p>\n<p class=\"s7\"><span style=\"font-size: 18px;\"><span class=\"s3\"><span class=\"bumpedFont15\">\u021a\u00eecu Anda<\/span><\/span> <span class=\"s3\"><span class=\"bumpedFont15\">&#8211;<\/span><\/span><span class=\"s3\"><span class=\"bumpedFont15\"> locul III<\/span><\/span><span class=\"s3\"><span class=\"bumpedFont15\">.<\/span><\/span><\/span><\/p>\n<p class=\"s7\"><span style=\"font-size: 18px;\"><span class=\"s3\"><span class=\"bumpedFont15\">(<\/span><\/span><span class=\"s2\"><span class=\"bumpedFont15\">Mentor \u2013 prof. <\/span><\/span><span class=\"s2\"><span class=\"bumpedFont15\">Miron Angela<\/span><\/span><span class=\"s3\"><span class=\"bumpedFont15\">)<\/span><\/span><\/span><\/p>\n<p class=\"s7\">\n<p class=\"s7\"><span class=\"s2\" style=\"font-size: 18px;\"><span class=\"bumpedFont15\">Clasa a V-a \u201eB\u201d<\/span><\/span><\/p>\n<p class=\"s7\"><span class=\"s3\" style=\"font-size: 18px;\"><span class=\"bumpedFont15\">Munteanu Drago\u0219 \u2013 locul I;<\/span><\/span><\/p>\n<p class=\"s7\"><span class=\"s3\" style=\"font-size: 18px;\"><span class=\"bumpedFont15\">Mahu Eliza \u2013 locul I; <\/span><\/span><\/p>\n<p class=\"s7\"><span class=\"s3\" style=\"font-size: 18px;\"><span class=\"bumpedFont15\">Codreanu Eva \u2013 locul I; <\/span><\/span><\/p>\n<p class=\"s7\"><span class=\"s3\" style=\"font-size: 18px;\"><span class=\"bumpedFont15\">Gher\u021bescu David \u2013 locul III;<\/span><\/span><\/p>\n<p class=\"s7\"><span class=\"s3\" style=\"font-size: 18px;\"><span class=\"bumpedFont15\">Pasecinic Sebastian \u2013 locul III,<\/span><\/span><\/p>\n<p class=\"s7\"><span class=\"s3\" style=\"font-size: 18px;\"><span class=\"bumpedFont15\">Medvi\u021bchi Bianca \u2013 men\u021biune;<\/span><\/span><\/p>\n<p class=\"s7\"><span class=\"s3\" style=\"font-size: 18px;\"><span class=\"bumpedFont15\">Zmeu Damian \u2013 men\u021biune.<\/span><\/span><\/p>\n<p class=\"s7\"><span style=\"font-size: 18px;\"><span class=\"s3\"><span class=\"bumpedFont15\">(<\/span><\/span><span class=\"s2\"><span class=\"bumpedFont15\">Mentor \u2013 prof. Croitoru Nelea<\/span><\/span><span class=\"s3\"><span class=\"bumpedFont15\">)<\/span><\/span><\/span><\/p>\n<p class=\"s7\">\n<p class=\"s7\"><span class=\"s2\" style=\"font-size: 18px;\"><span class=\"bumpedFont15\">Clasa a V-a \u201eC\u201d<\/span><\/span><\/p>\n<p class=\"s7\"><span style=\"font-size: 18px;\"><span class=\"s3\"><span class=\"bumpedFont15\">Cebotari Dumitru<\/span><\/span><a name=\"_Hlk156758078\"><\/a> <span class=\"s3\"><span class=\"bumpedFont15\">&#8211;<\/span><\/span><span class=\"s3\"><span class=\"bumpedFont15\"> locul II;<\/span><\/span><\/span><\/p>\n<p class=\"s7\"><span style=\"font-size: 18px;\"><span class=\"s3\"><span class=\"bumpedFont15\">Glava\u021bchi Daria<\/span><\/span><span class=\"s3\"><span class=\"bumpedFont15\">, &#8211;<\/span><\/span><span class=\"s3\"><span class=\"bumpedFont15\"> locul II;<\/span><\/span><\/span><\/p>\n<p class=\"s7\"><span style=\"font-size: 18px;\"><span class=\"s3\"><span class=\"bumpedFont15\">Vieru Doru<\/span><\/span><span class=\"s3\"><span class=\"bumpedFont15\"> &#8211;<\/span><\/span><span class=\"s3\"><span class=\"bumpedFont15\"> locul III;<\/span><\/span><\/span><\/p>\n<p class=\"s7\"><span style=\"font-size: 18px;\"><span class=\"s3\"><span class=\"bumpedFont15\">Bujor Lauren\u021biu <\/span><\/span><span class=\"s3\"><span class=\"bumpedFont15\">&#8211;<\/span><\/span><span class=\"s3\"><span class=\"bumpedFont15\"> men\u021biune;<\/span><\/span><\/span><\/p>\n<p class=\"s7\"><span style=\"font-size: 18px;\"><span class=\"s3\"><span class=\"bumpedFont15\">G<\/span><\/span><span class=\"s3\"><span class=\"bumpedFont15\">orobceanu Lilia<\/span><\/span><span class=\"s3\"><span class=\"bumpedFont15\"> &#8211;<\/span><\/span><span class=\"s3\"><span class=\"bumpedFont15\"> men\u021biune;<\/span><\/span><\/span><\/p>\n<p class=\"s7\"><span style=\"font-size: 18px;\"><span class=\"s3\"><span class=\"bumpedFont15\">\u021a\u00eegulea Irena<\/span><\/span><span class=\"s3\"><span class=\"bumpedFont15\"> &#8211;<\/span><\/span><span class=\"s3\"><span class=\"bumpedFont15\"> men\u021biune;<\/span><\/span><\/span><\/p>\n<p class=\"s7\"><span style=\"font-size: 18px;\"><span class=\"s3\"><span class=\"bumpedFont15\">Bordei Marc<\/span><\/span> <span class=\"s3\"><span class=\"bumpedFont15\">&#8211;<\/span><\/span><span class=\"s3\"><span class=\"bumpedFont15\"> men\u021biune.<\/span><\/span><\/span><\/p>\n<p class=\"s7\"><span style=\"font-size: 18px;\"><span class=\"s3\"><span class=\"bumpedFont15\">(<\/span><\/span><span class=\"s2\"><span class=\"bumpedFont15\">Mentor \u2013 prof.<\/span><\/span><span class=\"s2\"><span class=\"bumpedFont15\"> Miron Angela<\/span><\/span><span class=\"s3\"><span class=\"bumpedFont15\">)<\/span><\/span><\/span><\/p>\n<p class=\"s7\">\n<p class=\"s7\"><span class=\"s2\" style=\"font-size: 18px;\"><span class=\"bumpedFont15\">Clasa a VI-a \u201e A\u201d<\/span><\/span><\/p>\n<p class=\"s7\"><span class=\"s3\" style=\"font-size: 18px;\"><span class=\"bumpedFont15\">Nem\u021ban Anastasia \u2013 locul II;<\/span><\/span><\/p>\n<p class=\"s7\"><span class=\"s3\" style=\"font-size: 18px;\"><span class=\"bumpedFont15\">Gorobceanu Svetlana \u2013 locul II;<\/span><\/span><\/p>\n<p class=\"s7\"><span class=\"s3\" style=\"font-size: 18px;\"><span class=\"bumpedFont15\">Ambroci Mark \u2013 locul II;<\/span><\/span><\/p>\n<p class=\"s7\"><span class=\"s3\" style=\"font-size: 18px;\"><span class=\"bumpedFont15\">Cornescu Traian \u2013 locul III;<\/span><\/span><\/p>\n<p class=\"s7\"><span class=\"s3\" style=\"font-size: 18px;\"><span class=\"bumpedFont15\">Munteanu Smaranda \u2013 locul III;<\/span><\/span><\/p>\n<p class=\"s7\"><span style=\"font-size: 18px;\"><span class=\"s3\"><span class=\"bumpedFont15\">C\u00eerciumaru Robert \u2013 locul III;<\/span><\/span><a name=\"_GoBack\"><\/a><\/span><\/p>\n<p class=\"s7\"><span class=\"s3\" style=\"font-size: 18px;\"><span class=\"bumpedFont15\">Stratan Andreea \u2013 men\u021biune;<\/span><\/span><\/p>\n<p class=\"s7\"><span class=\"s3\" style=\"font-size: 18px;\"><span class=\"bumpedFont15\">Cebotari Nicoleta \u2013 men\u021biune;<\/span><\/span><\/p>\n<p class=\"s7\"><span class=\"s3\" style=\"font-size: 18px;\"><span class=\"bumpedFont15\">Rotaru Sofia \u2013 men\u021biune.<\/span><\/span><\/p>\n<p class=\"s7\"><span style=\"font-size: 18px;\"><span class=\"s3\"><span class=\"bumpedFont15\">(<\/span><\/span><span class=\"s2\"><span class=\"bumpedFont15\">Mentor \u2013 prof. Miron Angela<\/span><\/span><span class=\"s3\"><span class=\"bumpedFont15\">)<\/span><\/span><\/span><\/p>\n<p class=\"s7\">\n<p class=\"s7\">\n<p class=\"s7\"><span class=\"s2\" style=\"font-size: 18px;\"><span class=\"bumpedFont15\">Clasa a VI-a \u201eB\u201d<\/span><\/span><\/p>\n<p class=\"s7\"><span class=\"s3\" style=\"font-size: 18px;\"><span class=\"bumpedFont15\">Cernea Valeria \u2013 locul III;<\/span><\/span><\/p>\n<p class=\"s7\"><span class=\"s3\" style=\"font-size: 18px;\"><span class=\"bumpedFont15\">Namolovan Sofia \u2013 locul III;<\/span><\/span><\/p>\n<p class=\"s7\"><span class=\"s3\" style=\"font-size: 18px;\"><span class=\"bumpedFont15\">Antoci Cristina \u2013 locul III;<\/span><\/span><\/p>\n<p class=\"s7\"><span class=\"s3\" style=\"font-size: 18px;\"><span class=\"bumpedFont15\">Popovici Ilie \u2013 locul III;<\/span><\/span><\/p>\n<p class=\"s7\"><span class=\"s3\" style=\"font-size: 18px;\"><span class=\"bumpedFont15\">Cecoi Cosmin \u2013 men\u021biune;<\/span><\/span><\/p>\n<p class=\"s7\"><span class=\"s3\" style=\"font-size: 18px;\"><span class=\"bumpedFont15\">Iord\u0103chescu David \u2013 men\u021biune;<\/span><\/span><\/p>\n<p class=\"s7\"><span class=\"s3\" style=\"font-size: 18px;\"><span class=\"bumpedFont15\">Rumleanschi Nicolae \u2013 men\u021biune.<\/span><\/span><\/p>\n<p class=\"s7\"><span style=\"font-size: 18px;\"><a name=\"_Hlk156760459\"><\/a><span class=\"s3\"><span class=\"bumpedFont15\">(<\/span><\/span><span class=\"s2\"><span class=\"bumpedFont15\">Mentor \u2013 prof. Danilov Dina<\/span><\/span><span class=\"s3\"><span class=\"bumpedFont15\">)<\/span><\/span><\/span><\/p>\n<p class=\"s7\">\n<p class=\"s7\"><span class=\"s2\" style=\"font-size: 18px;\"><span class=\"bumpedFont15\">Clasa a VI-a \u201eC\u201d<\/span><\/span><\/p>\n<p class=\"s7\"><span class=\"s3\" style=\"font-size: 18px;\"><span class=\"bumpedFont15\">T\u00eeltu Andrei \u2013 locul I;<\/span><\/span><\/p>\n<p class=\"s7\"><span class=\"s3\" style=\"font-size: 18px;\"><span class=\"bumpedFont15\">Trofim Cornelia \u2013 locul II;<\/span><\/span><\/p>\n<p class=\"s7\"><span class=\"s3\" style=\"font-size: 18px;\"><span class=\"bumpedFont15\">Iurco Gloria \u2013 locul II;<\/span><\/span><\/p>\n<p class=\"s7\"><span style=\"font-size: 18px;\"><span class=\"s3\"><span class=\"bumpedFont15\">Malai Alexandru<\/span><\/span><span class=\"s3\"><span class=\"bumpedFont15\"> \u2013 locul II;<\/span><\/span><\/span><\/p>\n<p class=\"s7\"><span style=\"font-size: 18px;\"><span class=\"s3\"><span class=\"bumpedFont15\">Axenti Flavius <\/span><\/span><span class=\"s3\"><span class=\"bumpedFont15\">\u2013<\/span><\/span> <span class=\"s3\"><span class=\"bumpedFont15\">locul III;<\/span><\/span><\/span><\/p>\n<p class=\"s7\"><span class=\"s3\" style=\"font-size: 18px;\"><span class=\"bumpedFont15\">Dogot Delia \u2013 Locul III;<\/span><\/span><\/p>\n<p class=\"s7\"><span class=\"s3\" style=\"font-size: 18px;\"><span class=\"bumpedFont15\">Li\u021bcan Gabriel \u2013 locul III;<\/span><\/span><\/p>\n<p class=\"s7\"><span class=\"s3\" style=\"font-size: 18px;\"><span class=\"bumpedFont15\">Ghedrovici Nicoleta \u2013 men\u021biune.<\/span><\/span><\/p>\n<p class=\"s7\"><span style=\"font-size: 18px;\"><span class=\"s3\"><span class=\"bumpedFont15\">(<\/span><\/span><span class=\"s2\"><span class=\"bumpedFont15\">Mentor \u2013 prof. Lungu Angela<\/span><\/span><span class=\"s3\"><span class=\"bumpedFont15\">)<\/span><\/span><\/span><\/p>\n<p class=\"s7\">\n<p class=\"s7\"><span class=\"s2\" style=\"font-size: 18px;\"><span class=\"bumpedFont15\">Clasa a VI-a \u201eD\u201d<\/span><\/span><\/p>\n<p class=\"s7\"><span class=\"s3\" style=\"font-size: 18px;\"><span class=\"bumpedFont15\">Baltaga Alexandru \u2013 locul III;<\/span><\/span><\/p>\n<p class=\"s7\"><span class=\"s3\" style=\"font-size: 18px;\"><span class=\"bumpedFont15\">Bodarev Petru \u2013 locul III;<\/span><\/span><\/p>\n<p class=\"s7\"><span class=\"s3\" style=\"font-size: 18px;\"><span class=\"bumpedFont15\">Carazanu Nicoleta \u2013 locul III;<\/span><\/span><\/p>\n<p class=\"s7\"><span class=\"s3\" style=\"font-size: 18px;\"><span class=\"bumpedFont15\">Galeru Adrian \u2013 locul III;<\/span><\/span><\/p>\n<p class=\"s7\"><span class=\"s3\" style=\"font-size: 18px;\"><span class=\"bumpedFont15\">Gospodaru \u0218tefan &#8211; locul III;<\/span><\/span><\/p>\n<p class=\"s7\"><span class=\"s3\" style=\"font-size: 18px;\"><span class=\"bumpedFont15\">Rusnac Marius \u2013 locul III;<\/span><\/span><\/p>\n<p class=\"s7\"><span style=\"font-size: 18px;\"><span class=\"s3\"><span class=\"bumpedFont15\">Razarionov Vladislav \u2013 men\u021biune<\/span><\/span><span class=\"s3\"><span class=\"bumpedFont15\">.<\/span><\/span><\/span><\/p>\n<p class=\"s7\"><span style=\"font-size: 18px;\"><a name=\"_Hlk156761241\"><\/a><span class=\"s3\"><span class=\"bumpedFont15\">(<\/span><\/span><span class=\"s2\"><span class=\"bumpedFont15\">Mentor \u2013 p<\/span><\/span><span class=\"s2\"><span class=\"bumpedFont15\">rof<\/span><\/span><span class=\"s2\"><span class=\"bumpedFont15\">.<\/span><\/span><span class=\"s2\"><span class=\"bumpedFont15\"> Rusica Natalia<\/span><\/span><span class=\"s3\"><span class=\"bumpedFont15\">)<\/span><\/span><\/span><\/p>\n<p class=\"s7\">\n<p class=\"s7\"><span class=\"s2\" style=\"font-size: 18px;\"><span class=\"bumpedFont15\">Clasa a VII-a \u201eA\u201d<\/span><\/span><\/p>\n<p class=\"s7\"><span style=\"font-size: 18px;\"><span class=\"s3\"><span class=\"bumpedFont15\">Sir<\/span><\/span><span class=\"s3\"><span class=\"bumpedFont15\">i<\/span><\/span><span class=\"s3\"><span class=\"bumpedFont15\">teanu David \u2013 locul II;<\/span><\/span><\/span><\/p>\n<p class=\"s7\"><span class=\"s3\" style=\"font-size: 18px;\"><span class=\"bumpedFont15\">Zubco Anastasia \u2013 locul II;<\/span><\/span><\/p>\n<p class=\"s7\"><span class=\"s3\" style=\"font-size: 18px;\"><span class=\"bumpedFont15\">Suruceanu Amelia \u2013 locul III;<\/span><\/span><\/p>\n<p class=\"s7\"><span class=\"s3\" style=\"font-size: 18px;\"><span class=\"bumpedFont15\">Ciobanu Mirela \u2013 locul III;<\/span><\/span><\/p>\n<p class=\"s7\"><span class=\"s3\" style=\"font-size: 18px;\"><span class=\"bumpedFont15\">Negru Daniel \u2013 locul III;<\/span><\/span><\/p>\n<p class=\"s7\"><span class=\"s3\" style=\"font-size: 18px;\"><span class=\"bumpedFont15\">Rusnaciuc Anisia \u2013 locul III;<\/span><\/span><\/p>\n<p class=\"s7\"><span style=\"font-size: 18px;\"><span class=\"s3\"><span class=\"bumpedFont15\">Bor\u0219 Paola-Francesca <\/span><\/span><span class=\"s3\"><span class=\"bumpedFont15\">\u2013 men\u021biune.<\/span><\/span><\/span><\/p>\n<p class=\"s7\"><span style=\"font-size: 18px;\"><span class=\"s3\"><span class=\"bumpedFont15\">(<\/span><\/span><span class=\"s2\"><span class=\"bumpedFont15\">Mentor \u2013 prof. Rusica Natalia<\/span><\/span><span class=\"s3\"><span class=\"bumpedFont15\">)<\/span><\/span><\/span><\/p>\n<p class=\"s7\">\n<p class=\"s7\"><span class=\"s2\" style=\"font-size: 18px;\"><span class=\"bumpedFont15\">Clasa a VII-a \u201eB\u201d<\/span><\/span><\/p>\n<p class=\"s7\"><span class=\"s3\" style=\"font-size: 18px;\"><span class=\"bumpedFont15\">Untila Robert \u2013 locul III;<\/span><\/span><\/p>\n<p class=\"s7\"><span class=\"s3\" style=\"font-size: 18px;\"><span class=\"bumpedFont15\">Pi\u021bigoi Raisa \u2013 men\u021biune;<\/span><\/span><\/p>\n<p class=\"s7\"><span class=\"s3\" style=\"font-size: 18px;\"><span class=\"bumpedFont15\">Rezneac Ilia \u2013 men\u021biune;<\/span><\/span><\/p>\n<p class=\"s7\"><span class=\"s3\" style=\"font-size: 18px;\"><span class=\"bumpedFont15\">Mereacre Ion \u2013 men\u021biune;<\/span><\/span><\/p>\n<p class=\"s7\"><span class=\"s3\" style=\"font-size: 18px;\"><span class=\"bumpedFont15\">Nem\u021banu Magdalena \u2013 men\u021biune. <\/span><\/span><\/p>\n<p class=\"s7\"><span style=\"font-size: 18px;\"><span class=\"s3\"><span class=\"bumpedFont15\">(<\/span><\/span><span class=\"s2\"><span class=\"bumpedFont15\">Mentor \u2013 prof. Croitoru Nelea<\/span><\/span><span class=\"s3\"><span class=\"bumpedFont15\">)<\/span><\/span><\/span><\/p>\n<p class=\"s7\">\n<p class=\"s7\"><span class=\"s2\" style=\"font-size: 18px;\"><span class=\"bumpedFont15\">Clasa a VII-a \u201eC\u201d<\/span><\/span><\/p>\n<p class=\"s7\"><span class=\"s3\" style=\"font-size: 18px;\"><span class=\"bumpedFont15\">Maximov Amelia \u2013 locul I;<\/span><\/span><\/p>\n<p class=\"s7\"><span class=\"s3\" style=\"font-size: 18px;\"><span class=\"bumpedFont15\">Miron Rare\u0219 \u2013 locul I;<\/span><\/span><\/p>\n<p class=\"s7\"><span class=\"s3\" style=\"font-size: 18px;\"><span class=\"bumpedFont15\">Munteanu Daria \u2013 locul I;<\/span><\/span><\/p>\n<p class=\"s7\"><span class=\"s3\" style=\"font-size: 18px;\"><span class=\"bumpedFont15\">Ungureanu Daniela \u2013 locul I;<\/span><\/span><\/p>\n<p class=\"s7\"><span style=\"font-size: 18px;\"><span class=\"s3\"><span class=\"bumpedFont15\">Butucel Vitalia <\/span><\/span><span class=\"s3\"><span class=\"bumpedFont15\">\u2013 men\u021biune.<\/span><\/span><\/span><\/p>\n<p class=\"s7\"><span style=\"font-size: 18px;\"><span class=\"s2\"><span class=\"bumpedFont15\">(<\/span><\/span><span class=\"s2\"><span class=\"bumpedFont15\">Mentor \u2013 prof. <\/span><\/span><span class=\"s2\"><span class=\"bumpedFont15\">Angela Lungu)<\/span><\/span><\/span><\/p>\n<p class=\"s7\">\n<p class=\"s7\">\n<p class=\"s7\"><span class=\"s2\" style=\"font-size: 18px;\"><span class=\"bumpedFont15\">Clasa a VIII-a \u201eA\u201d<\/span><\/span><\/p>\n<p class=\"s7\"><span class=\"s3\" style=\"font-size: 18px;\"><span class=\"bumpedFont15\">Iacub Melissa \u2013 locul I;<\/span><\/span><\/p>\n<p class=\"s7\"><span class=\"s3\" style=\"font-size: 18px;\"><span class=\"bumpedFont15\">Zaharia Adriana \u2013 locul I;<\/span><\/span><\/p>\n<p class=\"s7\"><span class=\"s3\" style=\"font-size: 18px;\"><span class=\"bumpedFont15\">\u0218argu Adina \u2013 locul II;<\/span><\/span><\/p>\n<p class=\"s7\"><span class=\"s3\" style=\"font-size: 18px;\"><span class=\"bumpedFont15\">Barnaciuc Alexandrina \u2013 locul III;<\/span><\/span><\/p>\n<p class=\"s7\"><span class=\"s3\" style=\"font-size: 18px;\"><span class=\"bumpedFont15\">S\u0103r\u0103tur\u0103 Lucian \u2013 men\u021biune;<\/span><\/span><\/p>\n<p class=\"s7\"><span class=\"s3\" style=\"font-size: 18px;\"><span class=\"bumpedFont15\">Grama Cristina \u2013 men\u021biune;<\/span><\/span><\/p>\n<p class=\"s7\"><span class=\"s3\" style=\"font-size: 18px;\"><span class=\"bumpedFont15\">Popa Cristina \u2013 men\u021biune.<\/span><\/span><\/p>\n<p class=\"s7\"><span style=\"font-size: 18px;\"><span class=\"s3\"><span class=\"bumpedFont15\">(<\/span><\/span><span class=\"s2\"><span class=\"bumpedFont15\">Mentor \u2013 p<\/span><\/span><span class=\"s2\"><span class=\"bumpedFont15\">rof<\/span><\/span><span class=\"s2\"><span class=\"bumpedFont15\">.<\/span><\/span><span class=\"s2\"><span class=\"bumpedFont15\"> Danilov Dina<\/span><\/span><span class=\"s3\"><span class=\"bumpedFont15\">)<\/span><\/span><\/span><\/p>\n<p class=\"s7\">\n<p class=\"s7\"><span class=\"s2\" style=\"font-size: 18px;\"><span class=\"bumpedFont15\">Clasa a VIII-a \u201eB\u201d<\/span><\/span><\/p>\n<p class=\"s7\"><span class=\"s3\" style=\"font-size: 18px;\"><span class=\"bumpedFont15\">Barb\u0103scump\u0103 Alexandra \u2013 locul II;<\/span><\/span><\/p>\n<p class=\"s7\"><span class=\"s3\" style=\"font-size: 18px;\"><span class=\"bumpedFont15\">Rotari C\u0103t\u0103lina \u2013 locul III;<\/span><\/span><\/p>\n<p class=\"s7\"><span class=\"s3\" style=\"font-size: 18px;\"><span class=\"bumpedFont15\">Curca Eva \u2013 locul III;<\/span><\/span><\/p>\n<p class=\"s7\"><span class=\"s3\" style=\"font-size: 18px;\"><span class=\"bumpedFont15\">Goncearov Valeria \u2013 Locul III;<\/span><\/span><\/p>\n<p class=\"s7\"><span class=\"s3\" style=\"font-size: 18px;\"><span class=\"bumpedFont15\">Ududovici Lauren\u021biu \u2013 locul III;<\/span><\/span><\/p>\n<p class=\"s7\"><span class=\"s3\" style=\"font-size: 18px;\"><span class=\"bumpedFont15\">Cre\u021bu Lavinia \u2013 locul III;<\/span><\/span><\/p>\n<p class=\"s7\"><span class=\"s3\" style=\"font-size: 18px;\"><span class=\"bumpedFont15\">Cre\u021bu Adrian \u2013 men\u021biune.<\/span><\/span><\/p>\n<p class=\"s7\"><span style=\"font-size: 18px;\"><span class=\"s3\"><span class=\"bumpedFont15\">(<\/span><\/span><span class=\"s2\"><span class=\"bumpedFont15\">Mentor \u2013 p<\/span><\/span><span class=\"s2\"><span class=\"bumpedFont15\">rof<\/span><\/span><span class=\"s2\"><span class=\"bumpedFont15\">.<\/span><\/span><span class=\"s2\"><span class=\"bumpedFont15\"> Danilov Dina<\/span><\/span><span class=\"s3\"><span class=\"bumpedFont15\">)<\/span><\/span><\/span><\/p>\n<p class=\"s7\"><span style=\"font-size: 18px;\"><a name=\"_Hlk156762132\"><\/a>\u00a0<\/span><\/p>\n<p class=\"s7\">\n<p class=\"s7\"><span class=\"s2\" style=\"font-size: 18px;\"><span class=\"bumpedFont15\">Clasa a VIII-a \u00a0\u201eC\u201d<\/span><\/span><\/p>\n<p class=\"s7\"><span class=\"s3\" style=\"font-size: 18px;\"><span class=\"bumpedFont15\">Suruceanu C\u0103lin Mihai \u2013 locul I;<\/span><\/span><\/p>\n<p class=\"s7\"><span class=\"s3\" style=\"font-size: 18px;\"><span class=\"bumpedFont15\">Muntean Ilinca \u2013 locul I;<\/span><\/span><\/p>\n<p class=\"s7\"><span style=\"font-size: 18px;\"><span class=\"s3\"><span class=\"bumpedFont15\">(<\/span><\/span><span class=\"s2\"><span class=\"bumpedFont15\">Mentor \u2013 prof. Croitoru Nelea<\/span><\/span><span class=\"s3\"><span class=\"bumpedFont15\">)<\/span><\/span><\/span><\/p>\n<p>&nbsp;<\/p>\n<p><span style=\"font-size: 18px;\">Dragi elevi! Admir\u0103m pasiunea, dragostea \u0219i perseveren\u021ba \u00a0cu care \u00eensu\u0219i\u021bi limb\u0103 rom\u00e2n\u0103!<\/span><\/p>\n<p>&nbsp;<\/p>\n<p><span style=\"font-size: 18px;\">\u00a0\u00a0\u00a0\u00a0\u00a0\u00a0\u00a0\u00a0\u00a0\u00a0\u00a0\u00a0\u00a0\u00a0\u00a0\u00a0\u00a0\u00a0\u00a0\u00a0\u00a0\u00a0\u00a0 \u201eNu noi suntem st\u0103p\u00e2nii<\/span><\/p>\n<p><span style=\"font-size: 18px;\">\u00a0\u00a0\u00a0\u00a0\u00a0\u00a0\u00a0\u00a0\u00a0\u00a0\u00a0\u00a0\u00a0\u00a0\u00a0\u00a0\u00a0\u00a0\u00a0\u00a0\u00a0\u00a0\u00a0 limbii, ci limba e<\/span><\/p>\n<p><span style=\"font-size: 18px;\">\u00a0\u00a0\u00a0\u00a0\u00a0\u00a0\u00a0\u00a0\u00a0\u00a0\u00a0\u00a0\u00a0\u00a0\u00a0\u00a0\u00a0\u00a0\u00a0\u00a0\u00a0\u00a0\u00a0 st\u0103p\u00e2na noastr\u0103\u201d<\/span><\/p>\n<p><span style=\"font-size: 18px;\">\u00a0\u00a0\u00a0\u00a0\u00a0\u00a0\u00a0\u00a0\u00a0\u00a0\u00a0\u00a0\u00a0\u00a0\u00a0\u00a0\u00a0\u00a0\u00a0\u00a0\u00a0\u00a0\u00a0\u00a0\u00a0\u00a0\u00a0\u00a0\u00a0\u00a0\u00a0\u00a0\u00a0\u00a0\u00a0\u00a0\u00a0\u00a0\u00a0\u00a0\u00a0\u00a0\u00a0\u00a0\u00a0\u00a0 <strong><em>Mihai Eminescu<\/em><\/strong><\/span><\/p>\n<p><span style=\"font-size: 18px;\"><strong><em>\u00a0<\/em><\/strong><\/span><\/p>\n<p><span style=\"font-size: 18px;\">\u00a0V\u0103 dorim succese \u00een continuare!<\/span><\/p>\n<p><span style=\"font-size: 18px;\">Felicit\u0103ri, stimate doamne profesoare de limba \u0219i literatura rom\u00e2n\u0103! Apreciem rolul de mentori pe care Vi l-a\u021bi asumat la preg\u0103tirea elevilor pentru via\u021b\u0103 \u0219i pentru participarea cu succes la aceste prestigioase competi\u021bii. V\u0103 mul\u021bumim! \u00a0<\/span><\/p>\n","protected":false},"excerpt":{"rendered":"<p>Nu noi suntem st\u0103p\u00e2nii limbii, ci limba e st\u0103p\u00e2na noastr\u0103. \u00a0\u00a0\u00a0\u00a0\u00a0\u00a0\u00a0\u00a0\u00a0\u00a0\u00a0\u00a0\u00a0\u00a0\u00a0\u00a0\u00a0\u00a0\u00a0\u00a0\u00a0\u00a0\u00a0\u00a0\u00a0\u00a0\u00a0\u00a0\u00a0\u00a0\u00a0\u00a0\u00a0\u00a0 Mihai Eminescu Pe data de 12 ianuarie 2024, a avut loc Concursul COMPER-COMUNICARE, edi\u021bia 2023-2024, etapa I (COMPER EDU &#8211; Competen\u021b\u0103 \u0219i performan\u021b\u0103 \u00een educa\u021bie, Rom\u00e2nia) la limba \u0219i literatura rom\u00e2n\u0103, la care au participat elevii claselor gimnaziale de la Liceul de Creativitate \u0219i [&hellip;]<\/p>\n","protected":false},"author":1,"featured_media":7369,"comment_status":"open","ping_status":"open","sticky":false,"template":"","format":"standard","meta":{"_price":"","_stock":"","_tribe_ticket_header":"","_tribe_default_ticket_provider":"","_tribe_ticket_capacity":"0","_ticket_start_date":"","_ticket_end_date":"","_tribe_ticket_show_description":"","_tribe_ticket_show_not_going":false,"_tribe_ticket_use_global_stock":"","_tribe_ticket_global_stock_level":"","_global_stock_mode":"","_global_stock_cap":"","_tribe_rsvp_for_event":"","_tribe_ticket_going_count":"","_tribe_ticket_not_going_count":"","_tribe_tickets_list":"[]","_tribe_ticket_has_attendee_info_fields":false,"footnotes":""},"categories":[89,80,1],"tags":[],"class_list":["post-7368","post","type-post","status-publish","format-standard","has-post-thumbnail","hentry","category-blog","category-toate-categoriile","category-uncategorized"],"_links":{"self":[{"href":"https:\/\/www.liceulprometeuprotalent.md\/index.php?rest_route=\/wp\/v2\/posts\/7368","targetHints":{"allow":["GET"]}}],"collection":[{"href":"https:\/\/www.liceulprometeuprotalent.md\/index.php?rest_route=\/wp\/v2\/posts"}],"about":[{"href":"https:\/\/www.liceulprometeuprotalent.md\/index.php?rest_route=\/wp\/v2\/types\/post"}],"author":[{"embeddable":true,"href":"https:\/\/www.liceulprometeuprotalent.md\/index.php?rest_route=\/wp\/v2\/users\/1"}],"replies":[{"embeddable":true,"href":"https:\/\/www.liceulprometeuprotalent.md\/index.php?rest_route=%2Fwp%2Fv2%2Fcomments&post=7368"}],"version-history":[{"count":3,"href":"https:\/\/www.liceulprometeuprotalent.md\/index.php?rest_route=\/wp\/v2\/posts\/7368\/revisions"}],"predecessor-version":[{"id":7372,"href":"https:\/\/www.liceulprometeuprotalent.md\/index.php?rest_route=\/wp\/v2\/posts\/7368\/revisions\/7372"}],"wp:featuredmedia":[{"embeddable":true,"href":"https:\/\/www.liceulprometeuprotalent.md\/index.php?rest_route=\/wp\/v2\/media\/7369"}],"wp:attachment":[{"href":"https:\/\/www.liceulprometeuprotalent.md\/index.php?rest_route=%2Fwp%2Fv2%2Fmedia&parent=7368"}],"wp:term":[{"taxonomy":"category","embeddable":true,"href":"https:\/\/www.liceulprometeuprotalent.md\/index.php?rest_route=%2Fwp%2Fv2%2Fcategories&post=7368"},{"taxonomy":"post_tag","embeddable":true,"href":"https:\/\/www.liceulprometeuprotalent.md\/index.php?rest_route=%2Fwp%2Fv2%2Ftags&post=7368"}],"curies":[{"name":"wp","href":"https:\/\/api.w.org\/{rel}","templated":true}]}}