{"id":7379,"date":"2024-02-06T08:32:14","date_gmt":"2024-02-06T08:32:14","guid":{"rendered":"https:\/\/www.liceulprometeuprotalent.md\/?p=7379"},"modified":"2024-02-06T08:32:14","modified_gmt":"2024-02-06T08:32:14","slug":"holocaustul-comemorare-constientizare-sensibilizare-si-prevenire","status":"publish","type":"post","link":"https:\/\/www.liceulprometeuprotalent.md\/?p=7379","title":{"rendered":"Holocaustul \u2013 comemorare, con\u0219tientizare, sensibilizare \u0219i prevenire"},"content":{"rendered":"<p><span style=\"font-size: 18px;\">\u00cen S\u0103pt\u0103m\u00e2na Memoriei Holocaustului, desf\u0103\u0219urat\u0103 \u00een perioada 22-31 ianuarie 2024, la Liceul de Creativitate \u0219i Inventic\u0103 \u201ePrometeu-Protalent\u201d au avut loc numeroase evenimente, dedicate celui mai tragic genocid din istoria lumii &#8211; Holocaustul.<\/span><\/p>\n<p><span style=\"font-size: 18px;\">Evenimentele, coordonate de doamna Daria Fran\u021buz, profesoar\u0103 de istorie, au avut drept obiective: cunoa\u0219terea fenomenului Holocaust pe plan na\u021bional \u0219i global; sensibilizarea elevilor cu privire la fenomenul Holocaustului; prezentarea Holocaustului \u00een literatur\u0103 \u0219i cinematografie; \u00eencurajarea elevilor de a contribui activ la integrarea european\u0103, la consolidarea valorilor fundamentale &#8211; drepturile omului, lupta \u00eempotriva rasismului \u015fi a xenofobiei, solidaritate uman\u0103; distingerea de c\u0103tre elevi a cauzelor \u0219i consecin\u021belor Holocaustului pe termen scurt si lung.<\/span><\/p>\n<p><span style=\"font-size: 18px;\">Astfel, pe parcursul \u00eentregii s\u0103pt\u0103m\u00e2ni, elevii au participat la diverse activit\u0103\u021bi. Ei au vizionat la lec\u021biile de limba englez\u0103 celebrele filme artistice \u201ePianistul\u201d, \u201eLista lui Schindler\u201d \u0219i \u201eHo\u021bul de c\u0103r\u021bi\u201d (ini\u021biatoare doamnele Natalia Dubencu \u0219i Olga Ciorici, profesoare de limba englez\u0103), care abordeaz\u0103 exhaustiv subiectul Holocaustului, bucur\u00e2ndu-se de deosebit\u0103 apreciere la nivel mondial.<\/span><\/p>\n<p><span style=\"font-size: 18px;\">O alt\u0103 activitate ce a atras aten\u021bia tuturor a fost expozi\u021bia \u201eFotografia ca m\u0103rturie a adev\u0103rului \u201e 27 ianuarie \u00een 27 de fotografii\u201d. \u00cen cadrul expozi\u021biei, elevii clasei a XI-a le-au vorbit elevilor din clasele a VI-a \u2012 a VIII-a despre Holocaust prin intermediul fotografiilor expuse.<\/span><\/p>\n<p><span style=\"font-size: 18px;\">\u201eMemoria Holocaustului \u00een literatura artistic\u0103 &#8211; cartea \u201e<em>B\u0103iatul \u00een pijamale \u00een dungi\u201d de <\/em>John Boyne, a fost tema atelierului de discu\u021bii, organizat \u00een ziua de 25 ianuarie (coordonatoare profesoarele Daria Fran\u021buz, Angela Miron, Angela Lungu, Nelea Croitoru, Natalia Rusica), \u00een cadrul c\u0103reia elevii claselor a VI-a \u201eA\u201d \u0219i \u201eC\u201d, a VII-a \u201eA\u201d, \u201eB\u201d, \u201eC\u201d au creat, \u00een urma lecturii acestei c\u0103r\u021bi, portretul omului bun. Dup\u0103 discu\u021bii la tem\u0103, ei au notat pe flutura\u0219i de h\u00e2rtie cum ar trebui s\u0103 fie omul bun, de ce calit\u0103\u021bi ar trebui s\u0103 dispun\u0103 ca s\u0103 nu se mai \u00eent\u00e2mple astfel de atrocit\u0103\u021bi reprobabile. \u00cen timpul discu\u021biilor, au evoluat la pian cu piese de muzic\u0103 clasic\u0103 talentatele eleve Vitalia Butucel \u0219i Alexandrina Rapcea, din clasa a VII-a \u201eC\u201d.<\/span><\/p>\n<p><span style=\"font-size: 18px;\">\u00cen aceea\u0219i zi, elevii clasei a IX-a au mers \u00een excursie la Memorialul ghetoului din Chi\u0219in\u0103u pentru \u201e<em>A vedea, a \u0219ti, pentru a nu uita\u201d <\/em>(titlul activit\u0103\u021bii coordonate de doamnele \u00a0profesoare Eugenia Negru \u0219i Fevronia Maler)), ce s-a \u00eent\u00e2mplat \u00een secolul XX \u0219i pentru a preveni astfel de tragedii \u00een viitor.<\/span><\/p>\n<p><span style=\"font-size: 18px;\">Pe data de 26 ianuarie, elevii claselor a IX-a, a XI-a \u201eA\u201d \u0219i a XII-a \u201eA\u201d au participat la masa rotund\u0103 (coordonatoare doamnele profesoare Daria Fran\u021buz \u0219i Eugenia Negru) cu genericul \u201eA ierta nu \u00eenseamn\u0103 a uita\u201d, \u00een cadrul c\u0103reia au preg\u0103tit comunic\u0103ri \u00een PPT:<\/span><\/p>\n<p><span style=\"font-size: 18px;\">Ion Cre\u021bu \u0219i Cornelia Sire\u021beanu, clasa a IX-a (\u201eHolocaustul \u00een cuvinte \u0219i \u00een\u021belesuri\u201d);<\/span><\/p>\n<p><span style=\"font-size: 18px;\">Evelina Sub\u021birelu, Amelia Juraveli, clasa a XII-a (\u201eMemoria Holocaustului \u00een filmul artistic: Studiu de caz: <em>Lista lui Schindler<\/em> \u0219i <em>Pianistul<\/em>\u201d);<\/span><\/p>\n<p><span style=\"font-size: 18px;\">Marc Portas, Maxim Garaba, clasa a IX-a (\u201eDrept \u00eentre popoare sau despre curajul de a fi om\u201d);<\/span><\/p>\n<p><span style=\"font-size: 18px;\">Ariana \u0219i Damiana Me\u0219in\u0103, clasa a XII-a \u0219i clasa a VII-a (\u201eIanusz Korczak &#8211; o poveste despre iubire\u201d);<\/span><\/p>\n<p><span style=\"font-size: 18px;\">Gabriela Darovan\u00eei, clasa a IX-a (\u201eJurnalul Anna Frank sau declara\u021bie de iubire vie\u021bii\u201d);<\/span><\/p>\n<p><span style=\"font-size: 18px;\">Ioana \u0219i Maria Ionescu, clasa a XII-a (\u201eAuschwitz\u00a0 &#8211; <em>Mai este oare acesta un om? de <\/em>Primo Levi);<\/span><\/p>\n<p><span style=\"font-size: 18px;\">Maria-Eliza Speianu, clasa a XII-a (<em>\u201eV\u0103 eliberez de himera con\u0219tiin\u021bei\u2033 (A.H) sau despre umanitate.\u201d)<\/em><\/span><\/p>\n<p><span style=\"font-size: 18px;\">Elevii au abordat profund \u0219i multiaspectual tema Holocaustului, oferind colegilor pagini de istorie \u0219i dimensiuni ale masacrului de dinaintea \u0219i din timpul celui de Al Doilea R\u0103zboi Mondial, care a oripilat \u00eentreaga omenire.<\/span><\/p>\n<p><span style=\"font-size: 18px;\">Activit\u0103\u021bile dedicate Holocaustului au urm\u0103rit scopul s\u0103 promoveze pacea, toleran\u021ba interetnic\u0103, dialogul intercultural, combaterea rasismului, a antisemitismului \u0219i a altor forme de intoleran\u021b\u0103, care pot provoca regretabile \u0219i de neiertat tragedii.<\/span><\/p>\n<p><span style=\"font-size: 18px;\">Mul\u021bumiri tuturor celor implica\u021bi \u00een comemorarea victimelor Holocaustului!\u00a0\u00a0<\/span><\/p>\n<p style=\"text-align: center;\"><img decoding=\"async\" class=\"alignnone wp-image-7387 size-fusion-400\" src=\"https:\/\/www.liceulprometeuprotalent.md\/wp-content\/uploads\/2024\/02\/viber_image_2024-01-25_12-50-57-861-400x400.jpg\" alt=\"\" width=\"400\" height=\"400\" srcset=\"https:\/\/www.liceulprometeuprotalent.md\/wp-content\/uploads\/2024\/02\/viber_image_2024-01-25_12-50-57-861-66x66.jpg 66w, https:\/\/www.liceulprometeuprotalent.md\/wp-content\/uploads\/2024\/02\/viber_image_2024-01-25_12-50-57-861-150x150.jpg 150w, https:\/\/www.liceulprometeuprotalent.md\/wp-content\/uploads\/2024\/02\/viber_image_2024-01-25_12-50-57-861-200x200.jpg 200w, https:\/\/www.liceulprometeuprotalent.md\/wp-content\/uploads\/2024\/02\/viber_image_2024-01-25_12-50-57-861-300x300.jpg 300w, https:\/\/www.liceulprometeuprotalent.md\/wp-content\/uploads\/2024\/02\/viber_image_2024-01-25_12-50-57-861-400x400.jpg 400w, https:\/\/www.liceulprometeuprotalent.md\/wp-content\/uploads\/2024\/02\/viber_image_2024-01-25_12-50-57-861-600x600.jpg 600w, https:\/\/www.liceulprometeuprotalent.md\/wp-content\/uploads\/2024\/02\/viber_image_2024-01-25_12-50-57-861-768x768.jpg 768w, https:\/\/www.liceulprometeuprotalent.md\/wp-content\/uploads\/2024\/02\/viber_image_2024-01-25_12-50-57-861-800x800.jpg 800w, https:\/\/www.liceulprometeuprotalent.md\/wp-content\/uploads\/2024\/02\/viber_image_2024-01-25_12-50-57-861-1024x1024.jpg 1024w, https:\/\/www.liceulprometeuprotalent.md\/wp-content\/uploads\/2024\/02\/viber_image_2024-01-25_12-50-57-861-1200x1200.jpg 1200w, https:\/\/www.liceulprometeuprotalent.md\/wp-content\/uploads\/2024\/02\/viber_image_2024-01-25_12-50-57-861-1536x1536.jpg 1536w, https:\/\/www.liceulprometeuprotalent.md\/wp-content\/uploads\/2024\/02\/viber_image_2024-01-25_12-50-57-861.jpg 1600w\" sizes=\"(max-width: 400px) 100vw, 400px\" \/> <img decoding=\"async\" class=\"alignnone wp-image-7386 size-fusion-400\" src=\"https:\/\/www.liceulprometeuprotalent.md\/wp-content\/uploads\/2024\/02\/viber_image_2024-01-25_12-50-57-639-400x400.jpg\" alt=\"\" width=\"400\" height=\"400\" srcset=\"https:\/\/www.liceulprometeuprotalent.md\/wp-content\/uploads\/2024\/02\/viber_image_2024-01-25_12-50-57-639-66x66.jpg 66w, https:\/\/www.liceulprometeuprotalent.md\/wp-content\/uploads\/2024\/02\/viber_image_2024-01-25_12-50-57-639-150x150.jpg 150w, https:\/\/www.liceulprometeuprotalent.md\/wp-content\/uploads\/2024\/02\/viber_image_2024-01-25_12-50-57-639-200x200.jpg 200w, https:\/\/www.liceulprometeuprotalent.md\/wp-content\/uploads\/2024\/02\/viber_image_2024-01-25_12-50-57-639-300x300.jpg 300w, https:\/\/www.liceulprometeuprotalent.md\/wp-content\/uploads\/2024\/02\/viber_image_2024-01-25_12-50-57-639-400x400.jpg 400w, https:\/\/www.liceulprometeuprotalent.md\/wp-content\/uploads\/2024\/02\/viber_image_2024-01-25_12-50-57-639-600x600.jpg 600w, https:\/\/www.liceulprometeuprotalent.md\/wp-content\/uploads\/2024\/02\/viber_image_2024-01-25_12-50-57-639-768x768.jpg 768w, https:\/\/www.liceulprometeuprotalent.md\/wp-content\/uploads\/2024\/02\/viber_image_2024-01-25_12-50-57-639-800x800.jpg 800w, https:\/\/www.liceulprometeuprotalent.md\/wp-content\/uploads\/2024\/02\/viber_image_2024-01-25_12-50-57-639-1024x1024.jpg 1024w, https:\/\/www.liceulprometeuprotalent.md\/wp-content\/uploads\/2024\/02\/viber_image_2024-01-25_12-50-57-639-1200x1200.jpg 1200w, https:\/\/www.liceulprometeuprotalent.md\/wp-content\/uploads\/2024\/02\/viber_image_2024-01-25_12-50-57-639-1536x1536.jpg 1536w, https:\/\/www.liceulprometeuprotalent.md\/wp-content\/uploads\/2024\/02\/viber_image_2024-01-25_12-50-57-639.jpg 1600w\" sizes=\"(max-width: 400px) 100vw, 400px\" \/> <img decoding=\"async\" class=\"alignnone wp-image-7385 size-fusion-400\" src=\"https:\/\/www.liceulprometeuprotalent.md\/wp-content\/uploads\/2024\/02\/viber_image_2024-01-25_12-50-58-021-400x400.jpg\" alt=\"\" width=\"400\" height=\"400\" srcset=\"https:\/\/www.liceulprometeuprotalent.md\/wp-content\/uploads\/2024\/02\/viber_image_2024-01-25_12-50-58-021-66x66.jpg 66w, https:\/\/www.liceulprometeuprotalent.md\/wp-content\/uploads\/2024\/02\/viber_image_2024-01-25_12-50-58-021-150x150.jpg 150w, https:\/\/www.liceulprometeuprotalent.md\/wp-content\/uploads\/2024\/02\/viber_image_2024-01-25_12-50-58-021-200x200.jpg 200w, https:\/\/www.liceulprometeuprotalent.md\/wp-content\/uploads\/2024\/02\/viber_image_2024-01-25_12-50-58-021-300x300.jpg 300w, https:\/\/www.liceulprometeuprotalent.md\/wp-content\/uploads\/2024\/02\/viber_image_2024-01-25_12-50-58-021-400x400.jpg 400w, https:\/\/www.liceulprometeuprotalent.md\/wp-content\/uploads\/2024\/02\/viber_image_2024-01-25_12-50-58-021-600x600.jpg 600w, https:\/\/www.liceulprometeuprotalent.md\/wp-content\/uploads\/2024\/02\/viber_image_2024-01-25_12-50-58-021-768x768.jpg 768w, https:\/\/www.liceulprometeuprotalent.md\/wp-content\/uploads\/2024\/02\/viber_image_2024-01-25_12-50-58-021-800x800.jpg 800w, https:\/\/www.liceulprometeuprotalent.md\/wp-content\/uploads\/2024\/02\/viber_image_2024-01-25_12-50-58-021-1024x1024.jpg 1024w, https:\/\/www.liceulprometeuprotalent.md\/wp-content\/uploads\/2024\/02\/viber_image_2024-01-25_12-50-58-021-1200x1200.jpg 1200w, https:\/\/www.liceulprometeuprotalent.md\/wp-content\/uploads\/2024\/02\/viber_image_2024-01-25_12-50-58-021-1536x1536.jpg 1536w, https:\/\/www.liceulprometeuprotalent.md\/wp-content\/uploads\/2024\/02\/viber_image_2024-01-25_12-50-58-021.jpg 1600w\" sizes=\"(max-width: 400px) 100vw, 400px\" \/> <img decoding=\"async\" class=\"alignnone wp-image-7383 size-fusion-400\" src=\"https:\/\/www.liceulprometeuprotalent.md\/wp-content\/uploads\/2024\/02\/viber_image_2024-01-25_13-19-33-787-400x400.jpg\" alt=\"\" width=\"400\" height=\"400\" srcset=\"https:\/\/www.liceulprometeuprotalent.md\/wp-content\/uploads\/2024\/02\/viber_image_2024-01-25_13-19-33-787-66x66.jpg 66w, https:\/\/www.liceulprometeuprotalent.md\/wp-content\/uploads\/2024\/02\/viber_image_2024-01-25_13-19-33-787-150x150.jpg 150w, https:\/\/www.liceulprometeuprotalent.md\/wp-content\/uploads\/2024\/02\/viber_image_2024-01-25_13-19-33-787-200x200.jpg 200w, https:\/\/www.liceulprometeuprotalent.md\/wp-content\/uploads\/2024\/02\/viber_image_2024-01-25_13-19-33-787-300x300.jpg 300w, https:\/\/www.liceulprometeuprotalent.md\/wp-content\/uploads\/2024\/02\/viber_image_2024-01-25_13-19-33-787-400x400.jpg 400w, https:\/\/www.liceulprometeuprotalent.md\/wp-content\/uploads\/2024\/02\/viber_image_2024-01-25_13-19-33-787-600x600.jpg 600w, https:\/\/www.liceulprometeuprotalent.md\/wp-content\/uploads\/2024\/02\/viber_image_2024-01-25_13-19-33-787-768x768.jpg 768w, https:\/\/www.liceulprometeuprotalent.md\/wp-content\/uploads\/2024\/02\/viber_image_2024-01-25_13-19-33-787-800x800.jpg 800w, https:\/\/www.liceulprometeuprotalent.md\/wp-content\/uploads\/2024\/02\/viber_image_2024-01-25_13-19-33-787-1024x1024.jpg 1024w, https:\/\/www.liceulprometeuprotalent.md\/wp-content\/uploads\/2024\/02\/viber_image_2024-01-25_13-19-33-787-1200x1200.jpg 1200w, https:\/\/www.liceulprometeuprotalent.md\/wp-content\/uploads\/2024\/02\/viber_image_2024-01-25_13-19-33-787-1536x1536.jpg 1536w, https:\/\/www.liceulprometeuprotalent.md\/wp-content\/uploads\/2024\/02\/viber_image_2024-01-25_13-19-33-787.jpg 1600w\" sizes=\"(max-width: 400px) 100vw, 400px\" \/> <img decoding=\"async\" class=\"alignnone wp-image-7384 size-fusion-400\" src=\"https:\/\/www.liceulprometeuprotalent.md\/wp-content\/uploads\/2024\/02\/viber_image_2024-01-25_12-50-58-524-400x400.jpg\" alt=\"\" width=\"400\" height=\"400\" srcset=\"https:\/\/www.liceulprometeuprotalent.md\/wp-content\/uploads\/2024\/02\/viber_image_2024-01-25_12-50-58-524-66x66.jpg 66w, https:\/\/www.liceulprometeuprotalent.md\/wp-content\/uploads\/2024\/02\/viber_image_2024-01-25_12-50-58-524-150x150.jpg 150w, https:\/\/www.liceulprometeuprotalent.md\/wp-content\/uploads\/2024\/02\/viber_image_2024-01-25_12-50-58-524-200x200.jpg 200w, https:\/\/www.liceulprometeuprotalent.md\/wp-content\/uploads\/2024\/02\/viber_image_2024-01-25_12-50-58-524-300x300.jpg 300w, https:\/\/www.liceulprometeuprotalent.md\/wp-content\/uploads\/2024\/02\/viber_image_2024-01-25_12-50-58-524-400x400.jpg 400w, https:\/\/www.liceulprometeuprotalent.md\/wp-content\/uploads\/2024\/02\/viber_image_2024-01-25_12-50-58-524-600x600.jpg 600w, https:\/\/www.liceulprometeuprotalent.md\/wp-content\/uploads\/2024\/02\/viber_image_2024-01-25_12-50-58-524-768x768.jpg 768w, https:\/\/www.liceulprometeuprotalent.md\/wp-content\/uploads\/2024\/02\/viber_image_2024-01-25_12-50-58-524-800x800.jpg 800w, https:\/\/www.liceulprometeuprotalent.md\/wp-content\/uploads\/2024\/02\/viber_image_2024-01-25_12-50-58-524-1024x1024.jpg 1024w, https:\/\/www.liceulprometeuprotalent.md\/wp-content\/uploads\/2024\/02\/viber_image_2024-01-25_12-50-58-524-1200x1200.jpg 1200w, https:\/\/www.liceulprometeuprotalent.md\/wp-content\/uploads\/2024\/02\/viber_image_2024-01-25_12-50-58-524-1536x1536.jpg 1536w, https:\/\/www.liceulprometeuprotalent.md\/wp-content\/uploads\/2024\/02\/viber_image_2024-01-25_12-50-58-524.jpg 1600w\" sizes=\"(max-width: 400px) 100vw, 400px\" \/> <img decoding=\"async\" class=\"alignnone wp-image-7380 size-fusion-400\" src=\"https:\/\/www.liceulprometeuprotalent.md\/wp-content\/uploads\/2024\/02\/viber_image_2024-01-25_12-50-41-677-400x400.jpg\" alt=\"\" width=\"400\" height=\"400\" srcset=\"https:\/\/www.liceulprometeuprotalent.md\/wp-content\/uploads\/2024\/02\/viber_image_2024-01-25_12-50-41-677-66x66.jpg 66w, https:\/\/www.liceulprometeuprotalent.md\/wp-content\/uploads\/2024\/02\/viber_image_2024-01-25_12-50-41-677-150x150.jpg 150w, https:\/\/www.liceulprometeuprotalent.md\/wp-content\/uploads\/2024\/02\/viber_image_2024-01-25_12-50-41-677-200x200.jpg 200w, https:\/\/www.liceulprometeuprotalent.md\/wp-content\/uploads\/2024\/02\/viber_image_2024-01-25_12-50-41-677-300x300.jpg 300w, https:\/\/www.liceulprometeuprotalent.md\/wp-content\/uploads\/2024\/02\/viber_image_2024-01-25_12-50-41-677-400x400.jpg 400w, https:\/\/www.liceulprometeuprotalent.md\/wp-content\/uploads\/2024\/02\/viber_image_2024-01-25_12-50-41-677-600x600.jpg 600w, https:\/\/www.liceulprometeuprotalent.md\/wp-content\/uploads\/2024\/02\/viber_image_2024-01-25_12-50-41-677-768x768.jpg 768w, https:\/\/www.liceulprometeuprotalent.md\/wp-content\/uploads\/2024\/02\/viber_image_2024-01-25_12-50-41-677-800x800.jpg 800w, https:\/\/www.liceulprometeuprotalent.md\/wp-content\/uploads\/2024\/02\/viber_image_2024-01-25_12-50-41-677-1024x1024.jpg 1024w, https:\/\/www.liceulprometeuprotalent.md\/wp-content\/uploads\/2024\/02\/viber_image_2024-01-25_12-50-41-677-1200x1200.jpg 1200w, https:\/\/www.liceulprometeuprotalent.md\/wp-content\/uploads\/2024\/02\/viber_image_2024-01-25_12-50-41-677-1536x1536.jpg 1536w, https:\/\/www.liceulprometeuprotalent.md\/wp-content\/uploads\/2024\/02\/viber_image_2024-01-25_12-50-41-677.jpg 1600w\" sizes=\"(max-width: 400px) 100vw, 400px\" \/> <img decoding=\"async\" class=\"alignnone wp-image-7381 size-fusion-400\" src=\"https:\/\/www.liceulprometeuprotalent.md\/wp-content\/uploads\/2024\/02\/viber_image_2024-01-25_12-50-41-475-400x400.jpg\" alt=\"\" width=\"400\" height=\"400\" srcset=\"https:\/\/www.liceulprometeuprotalent.md\/wp-content\/uploads\/2024\/02\/viber_image_2024-01-25_12-50-41-475-66x66.jpg 66w, https:\/\/www.liceulprometeuprotalent.md\/wp-content\/uploads\/2024\/02\/viber_image_2024-01-25_12-50-41-475-150x150.jpg 150w, https:\/\/www.liceulprometeuprotalent.md\/wp-content\/uploads\/2024\/02\/viber_image_2024-01-25_12-50-41-475-200x200.jpg 200w, https:\/\/www.liceulprometeuprotalent.md\/wp-content\/uploads\/2024\/02\/viber_image_2024-01-25_12-50-41-475-300x300.jpg 300w, https:\/\/www.liceulprometeuprotalent.md\/wp-content\/uploads\/2024\/02\/viber_image_2024-01-25_12-50-41-475-400x400.jpg 400w, https:\/\/www.liceulprometeuprotalent.md\/wp-content\/uploads\/2024\/02\/viber_image_2024-01-25_12-50-41-475-600x600.jpg 600w, https:\/\/www.liceulprometeuprotalent.md\/wp-content\/uploads\/2024\/02\/viber_image_2024-01-25_12-50-41-475-768x768.jpg 768w, https:\/\/www.liceulprometeuprotalent.md\/wp-content\/uploads\/2024\/02\/viber_image_2024-01-25_12-50-41-475-800x800.jpg 800w, https:\/\/www.liceulprometeuprotalent.md\/wp-content\/uploads\/2024\/02\/viber_image_2024-01-25_12-50-41-475-1024x1024.jpg 1024w, https:\/\/www.liceulprometeuprotalent.md\/wp-content\/uploads\/2024\/02\/viber_image_2024-01-25_12-50-41-475-1200x1200.jpg 1200w, https:\/\/www.liceulprometeuprotalent.md\/wp-content\/uploads\/2024\/02\/viber_image_2024-01-25_12-50-41-475-1536x1536.jpg 1536w, https:\/\/www.liceulprometeuprotalent.md\/wp-content\/uploads\/2024\/02\/viber_image_2024-01-25_12-50-41-475.jpg 1600w\" sizes=\"(max-width: 400px) 100vw, 400px\" \/> <img decoding=\"async\" class=\"alignnone wp-image-7382 size-fusion-400\" src=\"https:\/\/www.liceulprometeuprotalent.md\/wp-content\/uploads\/2024\/02\/viber_image_2024-01-25_13-19-33-941-400x400.jpg\" alt=\"\" width=\"400\" height=\"400\" srcset=\"https:\/\/www.liceulprometeuprotalent.md\/wp-content\/uploads\/2024\/02\/viber_image_2024-01-25_13-19-33-941-66x66.jpg 66w, https:\/\/www.liceulprometeuprotalent.md\/wp-content\/uploads\/2024\/02\/viber_image_2024-01-25_13-19-33-941-150x150.jpg 150w, https:\/\/www.liceulprometeuprotalent.md\/wp-content\/uploads\/2024\/02\/viber_image_2024-01-25_13-19-33-941-200x200.jpg 200w, https:\/\/www.liceulprometeuprotalent.md\/wp-content\/uploads\/2024\/02\/viber_image_2024-01-25_13-19-33-941-300x300.jpg 300w, https:\/\/www.liceulprometeuprotalent.md\/wp-content\/uploads\/2024\/02\/viber_image_2024-01-25_13-19-33-941-400x400.jpg 400w, https:\/\/www.liceulprometeuprotalent.md\/wp-content\/uploads\/2024\/02\/viber_image_2024-01-25_13-19-33-941-600x600.jpg 600w, https:\/\/www.liceulprometeuprotalent.md\/wp-content\/uploads\/2024\/02\/viber_image_2024-01-25_13-19-33-941-768x768.jpg 768w, https:\/\/www.liceulprometeuprotalent.md\/wp-content\/uploads\/2024\/02\/viber_image_2024-01-25_13-19-33-941-800x800.jpg 800w, https:\/\/www.liceulprometeuprotalent.md\/wp-content\/uploads\/2024\/02\/viber_image_2024-01-25_13-19-33-941-1024x1024.jpg 1024w, https:\/\/www.liceulprometeuprotalent.md\/wp-content\/uploads\/2024\/02\/viber_image_2024-01-25_13-19-33-941-1200x1200.jpg 1200w, https:\/\/www.liceulprometeuprotalent.md\/wp-content\/uploads\/2024\/02\/viber_image_2024-01-25_13-19-33-941-1536x1536.jpg 1536w, https:\/\/www.liceulprometeuprotalent.md\/wp-content\/uploads\/2024\/02\/viber_image_2024-01-25_13-19-33-941.jpg 1600w\" sizes=\"(max-width: 400px) 100vw, 400px\" \/><\/p>\n","protected":false},"excerpt":{"rendered":"<p>\u00cen S\u0103pt\u0103m\u00e2na Memoriei Holocaustului, desf\u0103\u0219urat\u0103 \u00een perioada 22-31 ianuarie 2024, la Liceul de Creativitate \u0219i Inventic\u0103 \u201ePrometeu-Protalent\u201d au avut loc numeroase evenimente, dedicate celui mai tragic genocid din istoria lumii &#8211; Holocaustul. Evenimentele, coordonate de doamna Daria Fran\u021buz, profesoar\u0103 de istorie, au avut drept obiective: cunoa\u0219terea fenomenului Holocaust pe plan na\u021bional \u0219i global; sensibilizarea elevilor [&hellip;]<\/p>\n","protected":false},"author":1,"featured_media":7386,"comment_status":"open","ping_status":"open","sticky":false,"template":"","format":"standard","meta":{"_price":"","_stock":"","_tribe_ticket_header":"","_tribe_default_ticket_provider":"","_tribe_ticket_capacity":"0","_ticket_start_date":"","_ticket_end_date":"","_tribe_ticket_show_description":"","_tribe_ticket_show_not_going":false,"_tribe_ticket_use_global_stock":"","_tribe_ticket_global_stock_level":"","_global_stock_mode":"","_global_stock_cap":"","_tribe_rsvp_for_event":"","_tribe_ticket_going_count":"","_tribe_ticket_not_going_count":"","_tribe_tickets_list":"[]","_tribe_ticket_has_attendee_info_fields":false,"footnotes":""},"categories":[89,80,1],"tags":[],"class_list":["post-7379","post","type-post","status-publish","format-standard","has-post-thumbnail","hentry","category-blog","category-toate-categoriile","category-uncategorized"],"_links":{"self":[{"href":"https:\/\/www.liceulprometeuprotalent.md\/index.php?rest_route=\/wp\/v2\/posts\/7379","targetHints":{"allow":["GET"]}}],"collection":[{"href":"https:\/\/www.liceulprometeuprotalent.md\/index.php?rest_route=\/wp\/v2\/posts"}],"about":[{"href":"https:\/\/www.liceulprometeuprotalent.md\/index.php?rest_route=\/wp\/v2\/types\/post"}],"author":[{"embeddable":true,"href":"https:\/\/www.liceulprometeuprotalent.md\/index.php?rest_route=\/wp\/v2\/users\/1"}],"replies":[{"embeddable":true,"href":"https:\/\/www.liceulprometeuprotalent.md\/index.php?rest_route=%2Fwp%2Fv2%2Fcomments&post=7379"}],"version-history":[{"count":1,"href":"https:\/\/www.liceulprometeuprotalent.md\/index.php?rest_route=\/wp\/v2\/posts\/7379\/revisions"}],"predecessor-version":[{"id":7388,"href":"https:\/\/www.liceulprometeuprotalent.md\/index.php?rest_route=\/wp\/v2\/posts\/7379\/revisions\/7388"}],"wp:featuredmedia":[{"embeddable":true,"href":"https:\/\/www.liceulprometeuprotalent.md\/index.php?rest_route=\/wp\/v2\/media\/7386"}],"wp:attachment":[{"href":"https:\/\/www.liceulprometeuprotalent.md\/index.php?rest_route=%2Fwp%2Fv2%2Fmedia&parent=7379"}],"wp:term":[{"taxonomy":"category","embeddable":true,"href":"https:\/\/www.liceulprometeuprotalent.md\/index.php?rest_route=%2Fwp%2Fv2%2Fcategories&post=7379"},{"taxonomy":"post_tag","embeddable":true,"href":"https:\/\/www.liceulprometeuprotalent.md\/index.php?rest_route=%2Fwp%2Fv2%2Ftags&post=7379"}],"curies":[{"name":"wp","href":"https:\/\/api.w.org\/{rel}","templated":true}]}}