{"id":7393,"date":"2024-02-06T12:41:46","date_gmt":"2024-02-06T12:41:46","guid":{"rendered":"https:\/\/www.liceulprometeuprotalent.md\/?p=7393"},"modified":"2024-02-06T12:41:46","modified_gmt":"2024-02-06T12:41:46","slug":"cine-nu-si-cunoaste-trecutul-risca-sa-l-repete","status":"publish","type":"post","link":"https:\/\/www.liceulprometeuprotalent.md\/?p=7393","title":{"rendered":"\u201eCine nu-\u0219i cunoa\u0219te trecutul, risc\u0103 s\u0103-l repete\u201d"},"content":{"rendered":"<p><span style=\"font-size: 18px;\"><strong>\u201eCine nu-\u0219i cunoa\u0219te trecutul, risc\u0103 s\u0103-l repete\u201d<\/strong><\/span><\/p>\n<p><span style=\"font-size: 18px;\"><strong>\u00a0\u00a0\u00a0\u00a0\u00a0\u00a0\u00a0\u00a0\u00a0\u00a0\u00a0\u00a0\u00a0\u00a0\u00a0\u00a0\u00a0\u00a0\u00a0\u00a0\u00a0\u00a0\u00a0\u00a0\u00a0\u00a0\u00a0\u00a0\u00a0\u00a0\u00a0\u00a0\u00a0\u00a0\u00a0\u00a0\u00a0\u00a0\u00a0\u00a0\u00a0\u00a0\u00a0\u00a0\u00a0\u00a0\u00a0\u00a0\u00a0\u00a0\u00a0\u00a0\u00a0\u00a0\u00a0 <\/strong><strong><em>Nicolae Iorga <\/em><\/strong><\/span><\/p>\n<p>&nbsp;<\/p>\n<p><span style=\"font-size: 18px;\">Doamna Margareta Cem\u00e2rtan-Sp\u00e2nu are 82 de ani, dar oric\u00e2nd este solicitat\u0103, sus\u021bine adev\u0103rate lec\u021bii de istorie \u00een fa\u021ba genera\u021biilor \u00een cre\u0219tere. Elevii Liceului \u201ePrometeu-Protalent\u201d, la ini\u021biativa doamnei Zinaida V\u00eerlan, s-au \u00eent\u00e2lnit cu doamna Margareta Cem\u00e2rtan-Sp\u00e2nu, \u00een cadrul Proiectului \u201e\u00cen inima cuvintelor\u201d. Le vorbe\u0219te cu preponderen\u021b\u0103 despre valul de deport\u0103ri staliniste din vara anului 1949, jertfa direct\u0103 a c\u0103rora a fost, dar \u0219i despre alte dou\u0103 valuri, din 1941 \u0219i 1951, organizate \u00een RSS Moldoveneasc\u0103 (azi Republica Moldova) de autorit\u0103\u021bile URSS. Este foarte bine documentat\u0103, expune experien\u021ba personal\u0103, dar \u0219i a confra\u021bilor s\u0103i, cu pasiune \u0219i compasiune, f\u0103c\u00e2nd cunoscut calvarul prin care au trecut zeci de mii de rom\u00e2ni basarabeni, f\u0103r\u0103 s\u0103 fi avut vreo vin\u0103.<\/span><\/p>\n<p><span style=\"font-size: 18px;\">S-a n\u0103scut la 19 noiembrie 1942, \u00een satul Mih\u0103ilenii Vechi, R\u00e2\u0219cani, jude\u021bul B\u0103l\u021bi. La 2 ani a r\u0103mas orfan\u0103 de mam\u0103. Ea \u0219i fratele Emil, cu 4 ani mai mare, au r\u0103mas \u00een grija bunicii \u0219i a tat\u0103lui, care s-a \u00eentors de pe front, r\u0103nit la picior. \u00cen 1945, autorit\u0103\u021bile sovietice l-au arestat pe bunicul Grigore Sp\u00e2nu, pe motiv c\u0103 feciorii lui au luptat \u00een armata rom\u00e2n\u0103. Bunicul avea peste 75 de ani. A fost dus la \u00eenchisoare, de unde nu s-a mai \u00eentors. Urma\u0219ii nu cunosc nici \u00een ziua de azi unde a fost \u00eenmorm\u00e2ntat.<\/span><\/p>\n<p><span style=\"font-size: 18px;\">\u201eLa 6 iulie 1949, m\u0103rturise\u0219te Margareta Cem\u00e2rtan-Sp\u00e2nu, ne-am pomenit cu o ma\u0219in\u0103 militar\u0103 \u00een ograd\u0103, \u00een care erau solda\u021bi sovietici \u00eenarma\u021bi. Ei i-au zis tatei c\u0103 e \u201edu\u0219man al poporului sovietic\u201d, ca \u0219i fra\u021bii s\u0103i, ofi\u021beri \u00een armata rom\u00e2n\u0103 \u0219i ca bunicul, care a ajutat cu provizii armata rom\u00e2n\u0103. Explica\u021biile tat\u0103lui meu c\u0103 a luptat pe frontul sovietic n-au ajutat. Solda\u021bii l-au bruscat \u0219i l-au lovit cu patul armei peste m\u00e2ini. Ne-au ordonat s\u0103 urc\u0103m to\u021bi \u00een caroseria ma\u0219inii militare \u0219i ne-au dus la gar\u0103, la B\u0103l\u021bi. Eram foarte speria\u021bi. Acolo ne-au \u00eenc\u0103rcat \u00een vagoane pentru vite. \u00cengr\u0103m\u0103di\u021bi unul \u00een altul, f\u0103r\u0103 ap\u0103, hran\u0103 \u0219i elementare condi\u021bii pentru necesit\u0103\u021bi fiziologice, drumul a fost o adev\u0103rat\u0103 tortur\u0103 \u0219i a durat c\u00e2teva s\u0103pt\u0103m\u00e2ni. Am fost du\u0219i \u00een c\u0103tunul Orlovska, regiunea Kurgan. Ne aflam \u00een mijlocul taigalei, unde gerurile ajungeau la minus 50 de grade Celsius. Nu aveam hran\u0103, nu aveam haine\u2026\u201d<\/span><\/p>\n<p><span style=\"font-size: 18px;\">Dup\u0103 \u0219apte ani de chin \u0219i via\u021b\u0103 inuman\u0103 \u00een Siberia, Margareta Cem\u00e2rtan-Sp\u00e2nu a revenit acas\u0103. Supravie\u021buirea ei a fost un miracol.<\/span><\/p>\n<p><span style=\"font-size: 18px;\">Ca marea tragedie a deport\u0103rilor staliniste s\u0103 nu se repete, Margareta Cem\u00e2rtan-Sp\u00e2nu \u0219i-a scris memoriile \u00een mai multe volume, printre care \u201eLupii\u201d, \u201eAmintiri din Siberia\u201d, \u201eDragonul ro\u0219u\u201d, \u201eFiarele\u201d \u0219i altele. \u00cen baza amintirilor sale, precum \u0219i ale altor deporta\u021bi, la Teatrul Na\u021bional \u201eMihai Eminescu\u201d din Chi\u0219in\u0103u a fost montat spectacolul \u201eDosarele Siberiei\u201d. Fosta deportat\u0103 e convins\u0103 c\u0103 trebuie s\u0103 ne cunoa\u0219tem istoria, ca s\u0103 nu-i repet\u0103m gre\u0219elile.<\/span><\/p>\n<p>&nbsp;<\/p>\n<p><span style=\"font-size: 18px;\">\u00a0\u00a0<\/span><\/p>\n<p><span style=\"font-size: 18px;\">\u00a0\u00a0\u00a0<\/span><\/p>\n<p>&nbsp;<\/p>\n","protected":false},"excerpt":{"rendered":"<p>\u201eCine nu-\u0219i cunoa\u0219te trecutul, risc\u0103 s\u0103-l repete\u201d \u00a0\u00a0\u00a0\u00a0\u00a0\u00a0\u00a0\u00a0\u00a0\u00a0\u00a0\u00a0\u00a0\u00a0\u00a0\u00a0\u00a0\u00a0\u00a0\u00a0\u00a0\u00a0\u00a0\u00a0\u00a0\u00a0\u00a0\u00a0\u00a0\u00a0\u00a0\u00a0\u00a0\u00a0\u00a0\u00a0\u00a0\u00a0\u00a0\u00a0\u00a0\u00a0\u00a0\u00a0\u00a0\u00a0\u00a0\u00a0\u00a0\u00a0\u00a0\u00a0\u00a0\u00a0\u00a0 Nicolae Iorga &nbsp; Doamna Margareta Cem\u00e2rtan-Sp\u00e2nu are 82 de ani, dar oric\u00e2nd este solicitat\u0103, sus\u021bine adev\u0103rate lec\u021bii de istorie \u00een fa\u021ba genera\u021biilor \u00een cre\u0219tere. Elevii Liceului \u201ePrometeu-Protalent\u201d, la ini\u021biativa doamnei Zinaida V\u00eerlan, s-au \u00eent\u00e2lnit cu doamna Margareta Cem\u00e2rtan-Sp\u00e2nu, \u00een cadrul Proiectului \u201e\u00cen inima cuvintelor\u201d. Le vorbe\u0219te cu [&hellip;]<\/p>\n","protected":false},"author":1,"featured_media":7394,"comment_status":"open","ping_status":"open","sticky":false,"template":"","format":"standard","meta":{"_price":"","_stock":"","_tribe_ticket_header":"","_tribe_default_ticket_provider":"","_tribe_ticket_capacity":"0","_ticket_start_date":"","_ticket_end_date":"","_tribe_ticket_show_description":"","_tribe_ticket_show_not_going":false,"_tribe_ticket_use_global_stock":"","_tribe_ticket_global_stock_level":"","_global_stock_mode":"","_global_stock_cap":"","_tribe_rsvp_for_event":"","_tribe_ticket_going_count":"","_tribe_ticket_not_going_count":"","_tribe_tickets_list":"[]","_tribe_ticket_has_attendee_info_fields":false,"footnotes":""},"categories":[89,80,1],"tags":[],"class_list":["post-7393","post","type-post","status-publish","format-standard","has-post-thumbnail","hentry","category-blog","category-toate-categoriile","category-uncategorized"],"_links":{"self":[{"href":"https:\/\/www.liceulprometeuprotalent.md\/index.php?rest_route=\/wp\/v2\/posts\/7393","targetHints":{"allow":["GET"]}}],"collection":[{"href":"https:\/\/www.liceulprometeuprotalent.md\/index.php?rest_route=\/wp\/v2\/posts"}],"about":[{"href":"https:\/\/www.liceulprometeuprotalent.md\/index.php?rest_route=\/wp\/v2\/types\/post"}],"author":[{"embeddable":true,"href":"https:\/\/www.liceulprometeuprotalent.md\/index.php?rest_route=\/wp\/v2\/users\/1"}],"replies":[{"embeddable":true,"href":"https:\/\/www.liceulprometeuprotalent.md\/index.php?rest_route=%2Fwp%2Fv2%2Fcomments&post=7393"}],"version-history":[{"count":1,"href":"https:\/\/www.liceulprometeuprotalent.md\/index.php?rest_route=\/wp\/v2\/posts\/7393\/revisions"}],"predecessor-version":[{"id":7396,"href":"https:\/\/www.liceulprometeuprotalent.md\/index.php?rest_route=\/wp\/v2\/posts\/7393\/revisions\/7396"}],"wp:featuredmedia":[{"embeddable":true,"href":"https:\/\/www.liceulprometeuprotalent.md\/index.php?rest_route=\/wp\/v2\/media\/7394"}],"wp:attachment":[{"href":"https:\/\/www.liceulprometeuprotalent.md\/index.php?rest_route=%2Fwp%2Fv2%2Fmedia&parent=7393"}],"wp:term":[{"taxonomy":"category","embeddable":true,"href":"https:\/\/www.liceulprometeuprotalent.md\/index.php?rest_route=%2Fwp%2Fv2%2Fcategories&post=7393"},{"taxonomy":"post_tag","embeddable":true,"href":"https:\/\/www.liceulprometeuprotalent.md\/index.php?rest_route=%2Fwp%2Fv2%2Ftags&post=7393"}],"curies":[{"name":"wp","href":"https:\/\/api.w.org\/{rel}","templated":true}]}}