{"id":8177,"date":"2025-01-21T07:43:15","date_gmt":"2025-01-21T07:43:15","guid":{"rendered":"https:\/\/www.liceulprometeuprotalent.md\/?p=8177"},"modified":"2025-01-24T16:53:40","modified_gmt":"2025-01-24T16:53:40","slug":"limba-este-masurariul-civilizatiunii-unui-popor-mihai-eminescu","status":"publish","type":"post","link":"https:\/\/www.liceulprometeuprotalent.md\/?p=8177","title":{"rendered":"\u201eLimba este m\u0103surariul civiliza\u021biunii unui popor\u201d \u2013 Mihai Eminescu"},"content":{"rendered":"<p>\u00cen Anul Mihai Eminescu, elevii Liceului de Creativitate \u0219i Inventic\u0103 \u201ePrometeu-Protalent\u201d au rezonat pe deplin cu mesajul poetului na\u021bional al rom\u00e2nilor Mihai Eminescu, care ne spune c\u0103 \u201elimba este m\u0103surariul civiliza\u021biunii unui popor\u201d. Ei \u0219i-au demonstrat adeziunea la pre\u021bioasa maxim\u0103 a marelui poet \u00een cadrul Olimpiadei la limba \u0219i literatura rom\u00e2n\u0103, etapa de sector, organizat\u0103 pe data de 18 ianuarie 2025 de DGETS a Consiliului Municipal Chi\u0219in\u0103u. La competi\u021bia cu cei mai buni colegi din Chi\u0219in\u0103u, elevii no\u0219tri au fost aprecia\u021bi respectiv:<\/p>\n<p class=\"s3\"><strong><span class=\"s4\">Locul II<\/span><\/strong><span class=\"s4\"> \u2013<\/span> <span class=\"s2\">Codrina-Evelina Codreanu, clasa a XI-a \u201eA<\/span><span class=\"s2\">\u201d<\/span><span class=\"s2\">, <\/span><\/p>\n<p class=\"s3\"><strong><span class=\"s4\">Locul III<\/span><\/strong><span class=\"s2\"> \u2013 <\/span><span class=\"s2\">Lorelia<\/span> <span class=\"s2\">Gribincea<\/span><span class=\"s2\">, clasa XI-a \u201eA\u201d, <\/span><\/p>\n<p class=\"s3\"><strong><span class=\"s4\">Locul III<\/span><\/strong><span class=\"s2\"> \u2013 <\/span><span class=\"s2\">Patricia \u021aepordei, clasa a XI-a \u201eB\u201d, <\/span><\/p>\n<p class=\"s3\"><strong><span class=\"s4\">Men\u021biune <\/span><\/strong><span class=\"s2\">\u2013 <\/span><span class=\"s2\">Patricia Lupu, clasa a XI-a \u201eB\u201d<\/span><span class=\"s2\">, <\/span><span class=\"s2\">av\u00e2nd-o \u00een calitate de mentor pe doamna Tatiana Melnic, profesoar\u0103 de limba \u0219i literatura rom\u00e2n\u0103, grad didactic superior \u0219i<\/span><span class=\"s2\"> cu<\/span><\/p>\n<p class=\"s3\"><span class=\"s4\"><strong>Men\u021biune<\/strong> &#8211;<\/span> <span class=\"s2\">Evelina <\/span><span class=\"s2\">\u021a\u00eegulea<\/span><span class=\"s2\">, <\/span><span class=\"s2\">clasa a XII-a \u201eB\u201d<\/span><span class=\"s4\">, <\/span><span class=\"s2\">av\u00e2nd-o \u00een calitate de mentor pe doamna <\/span><span class=\"s2\">Nelea<\/span><span class=\"s2\"> Croitoru, profesoar\u0103 de limba \u0219i literatura rom\u00e2n\u0103, grad didactic superior. \u00a0 <\/span><\/p>\n<p class=\"s3\"><span class=\"s2\">Felicit\u0103ri, dragi elevi!<\/span><span class=\"s2\"> S\u0103 memoriz\u0103m alt\u0103 maxim\u0103 celebr\u0103 a poetului nepereche Mihai Eminescu: \u201eNu noi suntem st\u0103p\u00e2nii limbii, ci limba e st\u0103p\u00e2na noastr\u0103\u201d.<\/span><\/p>\n<p class=\"s3\"><span class=\"s2\">Exprim\u0103m <\/span><span class=\"s2\">sincere felicit\u0103ri, admira\u021bie, <\/span><span class=\"s2\">aprecieri \u0219i recuno\u0219tin\u021b\u0103 doamnelor profesoare<\/span><span class=\"s2\">, care reu\u0219esc s\u0103 cultive discipolilor dragostea pentru valorile perene ale existen\u021bei noastre. \u00a0<\/span><\/p>\n<p>&nbsp;<\/p>\n","protected":false},"excerpt":{"rendered":"<p>\u00cen Anul Mihai Eminescu, elevii Liceului de Creativitate \u0219i Inventic\u0103 \u201ePrometeu-Protalent\u201d au rezonat pe deplin cu mesajul poetului na\u021bional al rom\u00e2nilor Mihai Eminescu, care ne spune c\u0103 \u201elimba este m\u0103surariul civiliza\u021biunii unui popor\u201d. Ei \u0219i-au demonstrat adeziunea la pre\u021bioasa maxim\u0103 a marelui poet \u00een cadrul Olimpiadei la limba \u0219i literatura rom\u00e2n\u0103, etapa de sector, organizat\u0103 [&hellip;]<\/p>\n","protected":false},"author":1,"featured_media":0,"comment_status":"open","ping_status":"open","sticky":false,"template":"","format":"standard","meta":{"_price":"","_stock":"","_tribe_ticket_header":"","_tribe_default_ticket_provider":"","_tribe_ticket_capacity":"0","_ticket_start_date":"","_ticket_end_date":"","_tribe_ticket_show_description":"","_tribe_ticket_show_not_going":false,"_tribe_ticket_use_global_stock":"","_tribe_ticket_global_stock_level":"","_global_stock_mode":"","_global_stock_cap":"","_tribe_rsvp_for_event":"","_tribe_ticket_going_count":"","_tribe_ticket_not_going_count":"","_tribe_tickets_list":"[]","_tribe_ticket_has_attendee_info_fields":false,"footnotes":""},"categories":[85,80,1],"tags":[],"class_list":["post-8177","post","type-post","status-publish","format-standard","hentry","category-olimpiade","category-toate-categoriile","category-uncategorized"],"_links":{"self":[{"href":"https:\/\/www.liceulprometeuprotalent.md\/index.php?rest_route=\/wp\/v2\/posts\/8177","targetHints":{"allow":["GET"]}}],"collection":[{"href":"https:\/\/www.liceulprometeuprotalent.md\/index.php?rest_route=\/wp\/v2\/posts"}],"about":[{"href":"https:\/\/www.liceulprometeuprotalent.md\/index.php?rest_route=\/wp\/v2\/types\/post"}],"author":[{"embeddable":true,"href":"https:\/\/www.liceulprometeuprotalent.md\/index.php?rest_route=\/wp\/v2\/users\/1"}],"replies":[{"embeddable":true,"href":"https:\/\/www.liceulprometeuprotalent.md\/index.php?rest_route=%2Fwp%2Fv2%2Fcomments&post=8177"}],"version-history":[{"count":3,"href":"https:\/\/www.liceulprometeuprotalent.md\/index.php?rest_route=\/wp\/v2\/posts\/8177\/revisions"}],"predecessor-version":[{"id":8182,"href":"https:\/\/www.liceulprometeuprotalent.md\/index.php?rest_route=\/wp\/v2\/posts\/8177\/revisions\/8182"}],"wp:attachment":[{"href":"https:\/\/www.liceulprometeuprotalent.md\/index.php?rest_route=%2Fwp%2Fv2%2Fmedia&parent=8177"}],"wp:term":[{"taxonomy":"category","embeddable":true,"href":"https:\/\/www.liceulprometeuprotalent.md\/index.php?rest_route=%2Fwp%2Fv2%2Fcategories&post=8177"},{"taxonomy":"post_tag","embeddable":true,"href":"https:\/\/www.liceulprometeuprotalent.md\/index.php?rest_route=%2Fwp%2Fv2%2Ftags&post=8177"}],"curies":[{"name":"wp","href":"https:\/\/api.w.org\/{rel}","templated":true}]}}