{"id":8190,"date":"2025-01-16T09:06:02","date_gmt":"2025-01-16T09:06:02","guid":{"rendered":"https:\/\/www.liceulprometeuprotalent.md\/?p=8190"},"modified":"2025-01-28T09:06:16","modified_gmt":"2025-01-28T09:06:16","slug":"creatia-eminesciana-pe-buzele-tuturor","status":"publish","type":"post","link":"https:\/\/www.liceulprometeuprotalent.md\/?p=8190","title":{"rendered":"Crea\u021bia eminescian\u0103 \u2013 pe buzele tuturor"},"content":{"rendered":"<p>De Ziua Culturii Na\u021bionale \u0219i a poetului na\u021bional Mihai Eminescu, de la na\u0219terea c\u0103ruia s-au \u00eemplinit 175 de ani \u2013 15 ianuarie 2025, \u00een Anul Mihai Eminescu, la Liceul de Creativitate \u0219i Inventic\u0103 \u201ePrometeu-Protalent\u201d mo\u0219tenirea literar\u0103 a marelui poet a fost pe buzele tuturor. Fiecare clas\u0103, de la cea preg\u0103titoare p\u00e2n\u0103 la viitorii absolven\u021bi ai liceului s-au aplecat asupra versului eminescian, \u00eencerc\u00e2nd s\u0103-i descopere frumuse\u021bea \u0219i profunzimea, care fascineaz\u0103 mai bine de un veac o lume \u00eentreag\u0103.<\/p>\n<p>Ca adev\u0103ra\u021bi exege\u021bi ai crea\u021biei eminesciene s-au manifestat elevii clasei a XII-a \u201eB\u201d, care ghida\u021bi de doamna Nelea Croitoru, profesoar\u0103 de limba \u0219i literatura rom\u00e2n\u0103, grad didactic superior, au pus \u00een discu\u021bie tema <em>\u201ePoezia ca destin\u201d.<\/em><\/p>\n<p><em>Mihai Eminescu \u2013 \u201ehomo interrogator\u201d, o con\u0219tiin\u021b\u0103-\u00eentors c\u0103tre sine<\/em>\u201d a fost tema de discu\u021bie a elevilor din clasele a XI-a \u201eA\u201d \u0219i \u201eB\u201d, av\u00e2nd-o ca mentor pe doamna Tatiana Melnic, profesoar\u0103 de limba \u0219i literatura rom\u00e2n\u0103, grad didactic superior, \u0219efa Comisiei \u0219tiin\u021be socioumanistice.<\/p>\n<p>Tema <em>\u201eEminescu \u2013 reprezentativ \u0219i actual\u201d<\/em> i-a antrenat \u00een discu\u021bii pe elevii claselor a IX-a \u201eA\u201d \u0219i \u201eB\u201d, care \u00eempreun\u0103 cu doamna Dina Danilov, profesoar\u0103 de limba \u0219i literatura rom\u00e2n\u0103, grad didactic unu, au argumentat \u0219i au demonstrat at\u00e2t reprezentativitatea, c\u00e2t \u0219i actualitatea crea\u021biei eminesciene.<\/p>\n<p>Iar elevii claselor a VI-a \u201eA\u201d \u0219i a VII-a \u201eA\u201d, \u00eendruma\u021bi de doamna Angela Miron, profesoar\u0103 de limba \u0219i literatura rom\u00e2n\u0103, grad didactic superior, s-au \u00eentrecut \u00een lecturarea artistic\u0103 a textelor eminesciene, av\u00e2nd ca reper tema <em>\u201eMihai Eminescu \u2013 omul deplin al culturi rom\u00e2ne\u0219ti\u201d.<\/em><\/p>\n<p>Ca la fiecare s\u0103rb\u0103toare, domnul Veaceslav Adam, profesor de educa\u021bie muzical\u0103, grad didactic unu, a avut grij\u0103 ca \u00een pauze s\u0103 r\u0103sune c\u00e2ntece \u0219i roman\u021be pe versurile lui Mihai Eminescu, menite s\u0103 aprofundeze atmosfera zilei de omagiere a poetului nepereche.<\/p>\n<p>Pre\u021buirea \u0219i cinstirea valorilor na\u021bionale fac parte din patrimoniului spiritual al poporului rom\u00e2n \u0219i ne bucur\u0103m mult, dragi elevi \u0219i dragi profesori, c\u0103 prin astfel de activit\u0103\u021bi contribui\u021bi plenar la cunoa\u0219terea \u0219i perenitatea acestor valori.<\/p>\n","protected":false},"excerpt":{"rendered":"<p>De Ziua Culturii Na\u021bionale \u0219i a poetului na\u021bional Mihai Eminescu, de la na\u0219terea c\u0103ruia s-au \u00eemplinit 175 de ani \u2013 15 ianuarie 2025, \u00een Anul Mihai Eminescu, la Liceul de Creativitate \u0219i Inventic\u0103 \u201ePrometeu-Protalent\u201d mo\u0219tenirea literar\u0103 a marelui poet a fost pe buzele tuturor. Fiecare clas\u0103, de la cea preg\u0103titoare p\u00e2n\u0103 la viitorii absolven\u021bi ai [&hellip;]<\/p>\n","protected":false},"author":1,"featured_media":8191,"comment_status":"open","ping_status":"open","sticky":false,"template":"","format":"standard","meta":{"_price":"","_stock":"","_tribe_ticket_header":"","_tribe_default_ticket_provider":"","_tribe_ticket_capacity":"0","_ticket_start_date":"","_ticket_end_date":"","_tribe_ticket_show_description":"","_tribe_ticket_show_not_going":false,"_tribe_ticket_use_global_stock":"","_tribe_ticket_global_stock_level":"","_global_stock_mode":"","_global_stock_cap":"","_tribe_rsvp_for_event":"","_tribe_ticket_going_count":"","_tribe_ticket_not_going_count":"","_tribe_tickets_list":"[]","_tribe_ticket_has_attendee_info_fields":false,"footnotes":""},"categories":[89,80,1],"tags":[],"class_list":["post-8190","post","type-post","status-publish","format-standard","has-post-thumbnail","hentry","category-blog","category-toate-categoriile","category-uncategorized"],"_links":{"self":[{"href":"https:\/\/www.liceulprometeuprotalent.md\/index.php?rest_route=\/wp\/v2\/posts\/8190","targetHints":{"allow":["GET"]}}],"collection":[{"href":"https:\/\/www.liceulprometeuprotalent.md\/index.php?rest_route=\/wp\/v2\/posts"}],"about":[{"href":"https:\/\/www.liceulprometeuprotalent.md\/index.php?rest_route=\/wp\/v2\/types\/post"}],"author":[{"embeddable":true,"href":"https:\/\/www.liceulprometeuprotalent.md\/index.php?rest_route=\/wp\/v2\/users\/1"}],"replies":[{"embeddable":true,"href":"https:\/\/www.liceulprometeuprotalent.md\/index.php?rest_route=%2Fwp%2Fv2%2Fcomments&post=8190"}],"version-history":[{"count":1,"href":"https:\/\/www.liceulprometeuprotalent.md\/index.php?rest_route=\/wp\/v2\/posts\/8190\/revisions"}],"predecessor-version":[{"id":8192,"href":"https:\/\/www.liceulprometeuprotalent.md\/index.php?rest_route=\/wp\/v2\/posts\/8190\/revisions\/8192"}],"wp:featuredmedia":[{"embeddable":true,"href":"https:\/\/www.liceulprometeuprotalent.md\/index.php?rest_route=\/wp\/v2\/media\/8191"}],"wp:attachment":[{"href":"https:\/\/www.liceulprometeuprotalent.md\/index.php?rest_route=%2Fwp%2Fv2%2Fmedia&parent=8190"}],"wp:term":[{"taxonomy":"category","embeddable":true,"href":"https:\/\/www.liceulprometeuprotalent.md\/index.php?rest_route=%2Fwp%2Fv2%2Fcategories&post=8190"},{"taxonomy":"post_tag","embeddable":true,"href":"https:\/\/www.liceulprometeuprotalent.md\/index.php?rest_route=%2Fwp%2Fv2%2Ftags&post=8190"}],"curies":[{"name":"wp","href":"https:\/\/api.w.org\/{rel}","templated":true}]}}