{"id":8196,"date":"2025-01-27T14:35:16","date_gmt":"2025-01-27T14:35:16","guid":{"rendered":"https:\/\/www.liceulprometeuprotalent.md\/?p=8196"},"modified":"2025-01-30T07:01:56","modified_gmt":"2025-01-30T07:01:56","slug":"din-arta-holocaustului-desenul-ca-marturie-a-adevarului","status":"publish","type":"post","link":"https:\/\/www.liceulprometeuprotalent.md\/?p=8196","title":{"rendered":"Din arta Holocaustului: desenul ca m\u0103rturie a adev\u0103rului"},"content":{"rendered":"<p class=\"s3\"><span class=\"s2\">Elevii Liceului de Creativitate \u0219i Inventic\u0103 \u201ePrometeu-<\/span><span class=\"s2\">Protalent<\/span><span class=\"s2\">\u201d au marcat<\/span><span class=\"s2\"> Ziua Interna\u021bional\u0103 <\/span><span class=\"s2\">de <\/span><span class=\"s2\">Comemor<\/span><span class=\"s2\">are a <\/span><span class=\"s2\">Victimelor <\/span><span class=\"s2\">Holocaustului, 27 ianuarie 2025,<\/span><span class=\"s2\"> printr-un eveniment inedit, deosebit de reu\u0219it \u0219i valoros, care a sensibilizat pe to\u021bi cei prezen\u021bi \u00een Sala de \u0219edin\u021be<\/span><span class=\"s2\"> a institu\u021biei<\/span><span class=\"s2\">.<\/span><\/p>\n<p class=\"s3\"><span class=\"s2\">Sus\u021binu\u021bi de imagini video <\/span><span class=\"s2\">prin utilizarea aplica\u021biei PowerPoint, elevii au prezentat \u0219i <\/span><span class=\"s2\">au <\/span><span class=\"s2\">analizat<\/span><span class=\"s2\">, ca ni\u0219te exege\u021bi adev\u0103ra\u021bi,<\/span><span class=\"s2\"> \u0219apte tablouri, <\/span><span class=\"s2\">create \u00een perioada Holocaustului (1939-1945) de mari arti\u0219ti evrei, care au fost uci\u0219i \u00een <\/span><span class=\"s2\">marea lor <\/span><span class=\"s2\">majoritate de regimul nazist.<\/span><\/p>\n<p class=\"s3\"><span class=\"s2\">Tablourile care i-au impresionat pe<\/span><span class=\"s2\"> elevi \u0219i pe care \u0219i-au dorit s\u0103 le expun\u0103 audien\u021bei sunt:<\/span><\/p>\n<p class=\"s4\"><span class=\"s5\">\u201eRefugiatul\u201d<\/span><span class=\"s2\"> de Felix<\/span> <span class=\"s2\">Nassbaum<\/span><span class=\"s2\"> (proiect realizat de R\u0103zvan <\/span><span class=\"s2\">Medvi\u021bchi<\/span><span class=\"s2\"> \u0219i Dan-Cristian <\/span><span class=\"s2\">Deleu<\/span><span class=\"s2\">, clasa a VIII-a \u201eA\u201d, prezentat de R\u0103zvan <\/span><span class=\"s2\">Medvi\u021bchi<\/span><span class=\"s2\">);<\/span><\/p>\n<p class=\"s4\"><span class=\"s5\">\u201eO prim\u0103var\u0103\u201d<\/span><span class=\"s2\"> de Karl Robert <\/span><span class=\"s2\">Bodek<\/span><span class=\"s2\"> \u0219i Kurt Conrad <\/span><span class=\"s2\">L\u00f6w<\/span><span class=\"s2\">(proiect realizat de Cornelia <\/span><span class=\"s2\">Trofim<\/span><span class=\"s2\"> \u0219i Ilinca Donici, clasa a VII-a \u201eC\u201d);<\/span><\/p>\n<p class=\"s4\"><span class=\"s5\">\u201eBalada ghetoului din <\/span><span class=\"s5\">Terezin<\/span><span class=\"s5\">\u201d<\/span> <span class=\"s2\">de Leo Haas <\/span><span class=\"s2\">(proiect realizat de Amelia <\/span><span class=\"s2\">Maximov<\/span><span class=\"s2\">, clasa a VIII-a \u201eC\u201d \u0219i Gloria <\/span><span class=\"s2\">Iurco<\/span><span class=\"s2\">, clasa a VII-a \u201eC\u201d<\/span><span class=\"s2\">;<\/span><\/p>\n<p class=\"s4\"><span class=\"s5\">\u201eDeporta\u021bii\u201d <\/span><span class=\"s2\">de Jan <\/span><span class=\"s2\">Burka<\/span><span class=\"s2\"> (proiect realizat de Laura <\/span><span class=\"s2\">Boclinca<\/span><span class=\"s2\">, clasa a VIII-a \u201eC\u201d);<\/span><\/p>\n<p class=\"s4\"><span class=\"s5\">\u201ePeisaj selenar\u201d <\/span><span class=\"s2\">de Petr <\/span><span class=\"s2\">Ginz<\/span><span class=\"s2\"> \u2013 artist victim\u0103 a Holocaustului (proiect realizat de Alexandrina <\/span><span class=\"s2\">Rapcea<\/span><span class=\"s2\">, clasa a VIII-a \u201eC\u201d)\u00a0;<\/span><\/p>\n<p class=\"s4\"><span class=\"s5\">\u201e\u00cen memori<\/span><span class=\"s5\">a<\/span><span class=\"s5\"> transportului cehilor c\u0103tre camerele de gazare\u201d<\/span><span class=\"s2\">de <\/span><span class=\"s2\">Yehuda<\/span><span class=\"s2\"> Bacon, supravie\u021buitor al Holocaustului (proiect realizat de <\/span><span class=\"s2\">Daria Munteanu \u0219i Daniela Ungureanu, clasa a VIII-a \u201eC\u201d<\/span><span class=\"s2\">)\u00a0;<\/span><\/p>\n<p class=\"s4\"><span class=\"s5\">\u201e<\/span><span class=\"s5\">Tallitul<\/span><span class=\"s5\">\u201d <\/span><span class=\"s2\">de <\/span><span class=\"s2\">Zinovii<\/span> <span class=\"s2\">Tolkaciov<\/span><span class=\"s2\"> (proiect realizat de Rare\u0219 Miron,<\/span><span class=\"s6\">clasa a VIII-a \u201eC\u201d).<\/span><\/p>\n<p class=\"s3\"><span class=\"s6\">Prezent\u0103rile <\/span><span class=\"s6\">elevilor <\/span><span class=\"s6\">au cuprins at\u00e2t analiza operelor de art\u0103 ca atare, c\u00e2t \u0219i date memorabile din bio<\/span><span class=\"s6\">g<\/span><span class=\"s6\">rafiile autorilor, <\/span><span class=\"s6\">din <\/span><span class=\"s6\">experien\u021ba <\/span><span class=\"s6\">fiec\u0103ruia<\/span><span class=\"s6\"> sub regimul nazist<\/span><span class=\"s6\">. <\/span><\/p>\n<p class=\"s3\"><span class=\"s6\">Prin aceast\u0103 activitate, elevii \u0219i-au dorit s\u0103 cunoasc\u0103 arta cutremur\u0103toare din perioada Holocaustului, care imortalizeaz\u0103 prin mijloace artistice ororile tr\u0103ite<\/span><span class=\"s6\"> de na\u021biunea evreiasc\u0103, fiind totodat\u0103 un mijloc de a evada din infernul suferin\u021bei \u0219i nedrept\u0103\u021bii.<\/span><\/p>\n<p class=\"s3\"><span class=\"s6\">De\u0219i activitatea de comemorare a scos \u00een eviden\u021b\u0103 o experien\u021b\u0103 dureroas\u0103 a omenirii, elevii au fost impresiona\u021bi de personalitatea \u0219i for\u021ba spiritului uman, capabil s\u0103 supravie\u021buiasc\u0103 <\/span><span class=\"s6\">\u00een ciuda condi\u021biilor \u00eengrozitoare de via\u021b\u0103 \u0219i a proceselor crase de dezumanizare<\/span><span class=\"s6\">.<\/span><\/p>\n<p class=\"s3\"><span class=\"s6\">Men\u021bion\u0103m c\u0103 tulbur\u0103toarea activitate a avut loc sub egida doamnei Eugenia Negru, profesoar\u0103 de istoria rom\u00e2nilor \u0219i universal\u0103, grad didactic superior, care, printr-un mi\u0219c\u0103tor cuv\u00e2nt \u00eenainte, a introdus auditoriul \u00een subiectul comemorat, a doamnei Angela Lungu, profesoar\u0103 de limba \u0219i literatura rom\u00e2n\u0103, grad didactic superior, director adjunct pentru educa\u021bie<\/span><span class=\"s6\">, treapta gimnazial\u0103 \u0219i liceal\u0103 \u0219i a doamnei Cristina <\/span><span class=\"s6\">Brunchi<\/span><span class=\"s6\">,<\/span><span class=\"s6\"> \u00eenv\u0103\u021b\u0103toare, gard didactic unu, director adjunct pentru educa\u021bie,<\/span> <span class=\"s6\">treapta primar\u0103, <\/span><span class=\"s6\">care a<\/span><span class=\"s6\">u<\/span><span class=\"s6\"> ghidat pa\u0219ii elevilor la preg\u0103tirea impecabil\u0103 a prezent\u0103rilor.<\/span><\/p>\n<p class=\"s3\"><span class=\"s6\">V\u0103 mul\u021bumim dragi elevi \u0219i scumpe <\/span><span class=\"s6\">cadre didactice<\/span><span class=\"s6\">! Avem nevoie <\/span><span class=\"s6\">mai mult ca oric\u00e2nd <\/span><span class=\"s6\">de lec\u021bii de umanitate, care s\u0103 nu mai permit\u0103 s\u0103 se \u00eent\u00e2mple asemenea orori abominabile.<\/span><\/p>\n<p class=\"s4\">\n<p style=\"text-align: center;\"><img decoding=\"async\" class=\"alignnone wp-image-8197 size-fusion-400\" src=\"https:\/\/www.liceulprometeuprotalent.md\/wp-content\/uploads\/2025\/01\/IMG20250127120728-400x301.jpg\" alt=\"\" width=\"400\" height=\"301\" srcset=\"https:\/\/www.liceulprometeuprotalent.md\/wp-content\/uploads\/2025\/01\/IMG20250127120728-200x151.jpg 200w, https:\/\/www.liceulprometeuprotalent.md\/wp-content\/uploads\/2025\/01\/IMG20250127120728-300x226.jpg 300w, https:\/\/www.liceulprometeuprotalent.md\/wp-content\/uploads\/2025\/01\/IMG20250127120728-400x301.jpg 400w, https:\/\/www.liceulprometeuprotalent.md\/wp-content\/uploads\/2025\/01\/IMG20250127120728-600x452.jpg 600w, https:\/\/www.liceulprometeuprotalent.md\/wp-content\/uploads\/2025\/01\/IMG20250127120728-768x578.jpg 768w, https:\/\/www.liceulprometeuprotalent.md\/wp-content\/uploads\/2025\/01\/IMG20250127120728-800x602.jpg 800w, https:\/\/www.liceulprometeuprotalent.md\/wp-content\/uploads\/2025\/01\/IMG20250127120728-1024x771.jpg 1024w, https:\/\/www.liceulprometeuprotalent.md\/wp-content\/uploads\/2025\/01\/IMG20250127120728-1200x904.jpg 1200w, https:\/\/www.liceulprometeuprotalent.md\/wp-content\/uploads\/2025\/01\/IMG20250127120728-1536x1157.jpg 1536w\" sizes=\"(max-width: 400px) 100vw, 400px\" \/> <img decoding=\"async\" class=\"alignnone wp-image-8198 size-fusion-400\" src=\"https:\/\/www.liceulprometeuprotalent.md\/wp-content\/uploads\/2025\/01\/IMG20250127125140-400x301.jpg\" alt=\"\" width=\"400\" height=\"301\" srcset=\"https:\/\/www.liceulprometeuprotalent.md\/wp-content\/uploads\/2025\/01\/IMG20250127125140-200x151.jpg 200w, https:\/\/www.liceulprometeuprotalent.md\/wp-content\/uploads\/2025\/01\/IMG20250127125140-300x226.jpg 300w, https:\/\/www.liceulprometeuprotalent.md\/wp-content\/uploads\/2025\/01\/IMG20250127125140-400x301.jpg 400w, https:\/\/www.liceulprometeuprotalent.md\/wp-content\/uploads\/2025\/01\/IMG20250127125140-600x452.jpg 600w, https:\/\/www.liceulprometeuprotalent.md\/wp-content\/uploads\/2025\/01\/IMG20250127125140-768x578.jpg 768w, https:\/\/www.liceulprometeuprotalent.md\/wp-content\/uploads\/2025\/01\/IMG20250127125140-800x602.jpg 800w, https:\/\/www.liceulprometeuprotalent.md\/wp-content\/uploads\/2025\/01\/IMG20250127125140-1024x771.jpg 1024w, https:\/\/www.liceulprometeuprotalent.md\/wp-content\/uploads\/2025\/01\/IMG20250127125140-1200x904.jpg 1200w, https:\/\/www.liceulprometeuprotalent.md\/wp-content\/uploads\/2025\/01\/IMG20250127125140-1536x1157.jpg 1536w\" sizes=\"(max-width: 400px) 100vw, 400px\" \/> <img decoding=\"async\" class=\"alignnone wp-image-8199 size-fusion-400\" src=\"https:\/\/www.liceulprometeuprotalent.md\/wp-content\/uploads\/2025\/01\/IMG20250127120705-400x531.jpg\" alt=\"\" width=\"400\" height=\"531\" srcset=\"https:\/\/www.liceulprometeuprotalent.md\/wp-content\/uploads\/2025\/01\/IMG20250127120705-200x266.jpg 200w, https:\/\/www.liceulprometeuprotalent.md\/wp-content\/uploads\/2025\/01\/IMG20250127120705-226x300.jpg 226w, https:\/\/www.liceulprometeuprotalent.md\/wp-content\/uploads\/2025\/01\/IMG20250127120705-400x531.jpg 400w, https:\/\/www.liceulprometeuprotalent.md\/wp-content\/uploads\/2025\/01\/IMG20250127120705-600x797.jpg 600w, https:\/\/www.liceulprometeuprotalent.md\/wp-content\/uploads\/2025\/01\/IMG20250127120705-768x1020.jpg 768w, https:\/\/www.liceulprometeuprotalent.md\/wp-content\/uploads\/2025\/01\/IMG20250127120705-771x1024.jpg 771w, https:\/\/www.liceulprometeuprotalent.md\/wp-content\/uploads\/2025\/01\/IMG20250127120705-800x1063.jpg 800w, https:\/\/www.liceulprometeuprotalent.md\/wp-content\/uploads\/2025\/01\/IMG20250127120705-1157x1536.jpg 1157w, https:\/\/www.liceulprometeuprotalent.md\/wp-content\/uploads\/2025\/01\/IMG20250127120705-1200x1594.jpg 1200w, https:\/\/www.liceulprometeuprotalent.md\/wp-content\/uploads\/2025\/01\/IMG20250127120705-1542x2048.jpg 1542w\" sizes=\"(max-width: 400px) 100vw, 400px\" \/><\/p>\n<p>&nbsp;<\/p>\n","protected":false},"excerpt":{"rendered":"<p>Elevii Liceului de Creativitate \u0219i Inventic\u0103 \u201ePrometeu-Protalent\u201d au marcat Ziua Interna\u021bional\u0103 de Comemorare a Victimelor Holocaustului, 27 ianuarie 2025, printr-un eveniment inedit, deosebit de reu\u0219it \u0219i valoros, care a sensibilizat pe to\u021bi cei prezen\u021bi \u00een Sala de \u0219edin\u021be a institu\u021biei. Sus\u021binu\u021bi de imagini video prin utilizarea aplica\u021biei PowerPoint, elevii au prezentat \u0219i au analizat, ca [&hellip;]<\/p>\n","protected":false},"author":1,"featured_media":8200,"comment_status":"open","ping_status":"open","sticky":false,"template":"","format":"standard","meta":{"_price":"","_stock":"","_tribe_ticket_header":"","_tribe_default_ticket_provider":"","_tribe_ticket_capacity":"0","_ticket_start_date":"","_ticket_end_date":"","_tribe_ticket_show_description":"","_tribe_ticket_show_not_going":false,"_tribe_ticket_use_global_stock":"","_tribe_ticket_global_stock_level":"","_global_stock_mode":"","_global_stock_cap":"","_tribe_rsvp_for_event":"","_tribe_ticket_going_count":"","_tribe_ticket_not_going_count":"","_tribe_tickets_list":"[]","_tribe_ticket_has_attendee_info_fields":false,"footnotes":""},"categories":[89],"tags":[],"class_list":["post-8196","post","type-post","status-publish","format-standard","has-post-thumbnail","hentry","category-blog"],"_links":{"self":[{"href":"https:\/\/www.liceulprometeuprotalent.md\/index.php?rest_route=\/wp\/v2\/posts\/8196","targetHints":{"allow":["GET"]}}],"collection":[{"href":"https:\/\/www.liceulprometeuprotalent.md\/index.php?rest_route=\/wp\/v2\/posts"}],"about":[{"href":"https:\/\/www.liceulprometeuprotalent.md\/index.php?rest_route=\/wp\/v2\/types\/post"}],"author":[{"embeddable":true,"href":"https:\/\/www.liceulprometeuprotalent.md\/index.php?rest_route=\/wp\/v2\/users\/1"}],"replies":[{"embeddable":true,"href":"https:\/\/www.liceulprometeuprotalent.md\/index.php?rest_route=%2Fwp%2Fv2%2Fcomments&post=8196"}],"version-history":[{"count":3,"href":"https:\/\/www.liceulprometeuprotalent.md\/index.php?rest_route=\/wp\/v2\/posts\/8196\/revisions"}],"predecessor-version":[{"id":8210,"href":"https:\/\/www.liceulprometeuprotalent.md\/index.php?rest_route=\/wp\/v2\/posts\/8196\/revisions\/8210"}],"wp:featuredmedia":[{"embeddable":true,"href":"https:\/\/www.liceulprometeuprotalent.md\/index.php?rest_route=\/wp\/v2\/media\/8200"}],"wp:attachment":[{"href":"https:\/\/www.liceulprometeuprotalent.md\/index.php?rest_route=%2Fwp%2Fv2%2Fmedia&parent=8196"}],"wp:term":[{"taxonomy":"category","embeddable":true,"href":"https:\/\/www.liceulprometeuprotalent.md\/index.php?rest_route=%2Fwp%2Fv2%2Fcategories&post=8196"},{"taxonomy":"post_tag","embeddable":true,"href":"https:\/\/www.liceulprometeuprotalent.md\/index.php?rest_route=%2Fwp%2Fv2%2Ftags&post=8196"}],"curies":[{"name":"wp","href":"https:\/\/api.w.org\/{rel}","templated":true}]}}