{"id":8202,"date":"2025-01-29T14:41:06","date_gmt":"2025-01-29T14:41:06","guid":{"rendered":"https:\/\/www.liceulprometeuprotalent.md\/?p=8202"},"modified":"2025-01-29T20:45:09","modified_gmt":"2025-01-29T20:45:09","slug":"limba-franceza-este-iubita-de-prometeisti","status":"publish","type":"post","link":"https:\/\/www.liceulprometeuprotalent.md\/?p=8202","title":{"rendered":"Limba francez\u0103 este iubit\u0103 de prometei\u0219ti"},"content":{"rendered":"<p>Elevii Liceului de Creativitate \u0219i Inventic\u0103 \u201ePrometeu-Protalent\u201d, participan\u021bi la Olimpiada la limba francez\u0103, etapa de sector, care a fost organizat\u0103 de DGETS a Consiliului Municipal Chi\u0219in\u0103u \u00een zilele de 25-26 ianuarie 2025, au demonstrat cu prisosin\u021b\u0103 c\u0103 iubesc limba francez\u0103.<br \/>\n\u00cen competi\u021bia \u0219colar\u0103 a institu\u021biilor de \u00eenv\u0103\u021b\u0103m\u00e2nt din municipiul Chi\u0219in\u0103u, ei au ocupat locuri de frunte, dup\u0103 cum urmeaz\u0103:<br \/>\n<strong>Locul I<\/strong> \u2013 Raluca-Cristiana Cazacu, clasa a IX-a \u201eB\u201d, mentor doamna Zinaida V\u00eerlan, profesoar\u0103 de limba francez\u0103, grad didactic superior;<br \/>\n<strong>Locul II<\/strong> \u2013 Alexandra Barb\u0103scump\u0103, clasa a IX-a \u201eB\u201d, mentor doamna Zinaida V\u00eerlan, profesoar\u0103 de limba francez\u0103, grad didactic doi;<br \/>\n<strong>Locul II<\/strong> \u2013 Alexandrina Baranciuc, clasa a IX-a \u201eA\u201d, mentor doamna Fevronia Maler, profesoar\u0103 de limba francez\u0103, grad didactic doi;<br \/>\n<strong>Locul II<\/strong> \u2013 Patricia \u021aepordei, clasa a XI-a \u201eB\u201d, mentor doamna Fevronia Maler, profesoar\u0103 de limba francez\u0103, grad didactic doi;<br \/>\n<strong>Locul III<\/strong> \u2013 Loredana Bor\u0219, clasa a X-a, mentor doamna Fevronia Maler, profesoar\u0103 de limba francez\u0103, grad didactic doi;<br \/>\n<strong>Locul III<\/strong> \u2013 Cristiana Racovcen, clasa a X-a, mentor doamna Fevronia Maler, profesoar\u0103 de limba francez\u0103, grad didactic doi;<br \/>\n<strong>Locul III<\/strong> \u2013 Vadim Andru\u0219co, clasa a XI-a \u201eB\u201d, mentor doamna Fevronia Maler, profesoar\u0103 de limba francez\u0103, grad didactic doi.<br \/>\nFelicit\u0103ri, dragi elevi! V\u0103 dorim succese la etapa urm\u0103toare!<br \/>\nFelicit\u0103ri, distinse doamne profesoare! Reu\u0219itele discipolilor sunt dovada profesionalismului \u0219i a devotamentului Dvs. fa\u021b\u0103 de profesia de dasc\u0103l, implicit fa\u021b\u0103 de fascinanta limb\u0103 francez\u0103, disciplina care v\u0103 define\u0219te.<\/p>\n<p>&nbsp;<\/p>\n","protected":false},"excerpt":{"rendered":"<p>Elevii Liceului de Creativitate \u0219i Inventic\u0103 \u201ePrometeu-Protalent\u201d, participan\u021bi la Olimpiada la limba francez\u0103, etapa de sector, care a fost organizat\u0103 de DGETS a Consiliului Municipal Chi\u0219in\u0103u \u00een zilele de 25-26 ianuarie 2025, au demonstrat cu prisosin\u021b\u0103 c\u0103 iubesc limba francez\u0103. \u00cen competi\u021bia \u0219colar\u0103 a institu\u021biilor de \u00eenv\u0103\u021b\u0103m\u00e2nt din municipiul Chi\u0219in\u0103u, ei au ocupat locuri de [&hellip;]<\/p>\n","protected":false},"author":1,"featured_media":8203,"comment_status":"open","ping_status":"open","sticky":false,"template":"","format":"standard","meta":{"_price":"","_stock":"","_tribe_ticket_header":"","_tribe_default_ticket_provider":"","_tribe_ticket_capacity":"0","_ticket_start_date":"","_ticket_end_date":"","_tribe_ticket_show_description":"","_tribe_ticket_show_not_going":false,"_tribe_ticket_use_global_stock":"","_tribe_ticket_global_stock_level":"","_global_stock_mode":"","_global_stock_cap":"","_tribe_rsvp_for_event":"","_tribe_ticket_going_count":"","_tribe_ticket_not_going_count":"","_tribe_tickets_list":"[]","_tribe_ticket_has_attendee_info_fields":false,"footnotes":""},"categories":[89,80,1],"tags":[],"class_list":["post-8202","post","type-post","status-publish","format-standard","has-post-thumbnail","hentry","category-blog","category-toate-categoriile","category-uncategorized"],"_links":{"self":[{"href":"https:\/\/www.liceulprometeuprotalent.md\/index.php?rest_route=\/wp\/v2\/posts\/8202","targetHints":{"allow":["GET"]}}],"collection":[{"href":"https:\/\/www.liceulprometeuprotalent.md\/index.php?rest_route=\/wp\/v2\/posts"}],"about":[{"href":"https:\/\/www.liceulprometeuprotalent.md\/index.php?rest_route=\/wp\/v2\/types\/post"}],"author":[{"embeddable":true,"href":"https:\/\/www.liceulprometeuprotalent.md\/index.php?rest_route=\/wp\/v2\/users\/1"}],"replies":[{"embeddable":true,"href":"https:\/\/www.liceulprometeuprotalent.md\/index.php?rest_route=%2Fwp%2Fv2%2Fcomments&post=8202"}],"version-history":[{"count":1,"href":"https:\/\/www.liceulprometeuprotalent.md\/index.php?rest_route=\/wp\/v2\/posts\/8202\/revisions"}],"predecessor-version":[{"id":8204,"href":"https:\/\/www.liceulprometeuprotalent.md\/index.php?rest_route=\/wp\/v2\/posts\/8202\/revisions\/8204"}],"wp:featuredmedia":[{"embeddable":true,"href":"https:\/\/www.liceulprometeuprotalent.md\/index.php?rest_route=\/wp\/v2\/media\/8203"}],"wp:attachment":[{"href":"https:\/\/www.liceulprometeuprotalent.md\/index.php?rest_route=%2Fwp%2Fv2%2Fmedia&parent=8202"}],"wp:term":[{"taxonomy":"category","embeddable":true,"href":"https:\/\/www.liceulprometeuprotalent.md\/index.php?rest_route=%2Fwp%2Fv2%2Fcategories&post=8202"},{"taxonomy":"post_tag","embeddable":true,"href":"https:\/\/www.liceulprometeuprotalent.md\/index.php?rest_route=%2Fwp%2Fv2%2Ftags&post=8202"}],"curies":[{"name":"wp","href":"https:\/\/api.w.org\/{rel}","templated":true}]}}