{"id":8207,"date":"2025-01-27T10:50:56","date_gmt":"2025-01-27T10:50:56","guid":{"rendered":"https:\/\/www.liceulprometeuprotalent.md\/?p=8207"},"modified":"2025-01-29T20:54:02","modified_gmt":"2025-01-29T20:54:02","slug":"o-cutremuratoare-lectie-de-istorie-la-teatru","status":"publish","type":"post","link":"https:\/\/www.liceulprometeuprotalent.md\/?p=8207","title":{"rendered":"O cutremur\u0103toare lec\u021bie de istorie la teatru"},"content":{"rendered":"<p>Elevii clasei a XII-a \u0219i o parte dintre elevii claselor a IX-a &#8211; a XI-a ale Liceului de Creativitate \u0219i Inventic\u0103 \u201ePrometeu-Protalent\u201d, \u00eenso\u021bi\u021bi de domnul diriginte Vasile Cupcea \u0219i, respectiv de doamnele profesoare de istoria rom\u00e2nilor \u0219i universal\u0103, Eugenia Negru \u0219i Daria Fran\u021buz, au mers pe data de 26 ianuarie 2025, la Teatrul Republican \u201eLuceaf\u0103rul\u201d. Ei au vizionat spectacolul-eveniment \u201e1946\u201d, o dramatizare cutremur\u0103toare a unei pagini din istoria ororilor foametei din perioada anilor \u201946- \u201947.<br \/>\nSpectacolul de teatru documentar \u201e1946\u201d, \u00een regia lui Slava Sambri\u0219, dup\u0103 \u201eCartea foametei\u201d de Larisa Turea, pune \u00een aten\u021bia publicului tragedia popula\u021biei dintre Nistru \u0219i Prut, trecut\u0103 prin foametea de dup\u0103 cel de-al doilea r\u0103zboi mondial, organizat\u0103 \u00een acest spa\u021biu de puterea sovietic\u0103. Reprezenta\u021bia \u00eenscenat\u0103 \u00een baza m\u0103rturiilor din volumul \u201eCartea foametei\u201d \u0219i a interviurilor realizate de echipa Teatrului \u201eLuceaf\u0103rul\u201d, se dore\u0219te a fi, precum se anun\u021b\u0103 \u00een preavizul spectacolului, \u201evocea unei genera\u021bii pierdute din c\u0103r\u021bile de istorie, lipsite de dreptul la replic\u0103, de elementarul drept la existen\u021b\u0103\u201d.<br \/>\nCei nou\u0103 actori implica\u021bi \u00een spectacol \u2013 Ion Jitari, Maria Anton, Irina Vacarciuc, Ion Liulica, Vioara C\u00ee\u0219laru, Dorina T\u0103taru, Radu Can\u021b\u00eer. Vitalia Grigoriu, Victor Triboi, sus\u021binu\u021bi de spa\u021biul scenic (realizator \u2013 Adrian Suruceanu), de universul sonor (realizator \u2013 Dumitru Seretinean) \u0219i de fotografiile de arhiv\u0103 ale celebrului Zaharia Cu\u0219nir, adecvate totalmente temei spectacolului, au reu\u0219it s\u0103-i emo\u021bioneze \u0219i impresioneze profund pe elevi \u0219i profesori.<br \/>\nSpectacolul \u201e1946\u201d scoate \u00een eviden\u021b\u0103 pagini din trecutul recent al cona\u021bionalilor no\u0219tri, transform\u00e2ndu-se \u00eentr-o autentic\u0103 \u0219i tulbur\u0103toare lec\u021bie de istorie, ce nu poate fi uitat\u0103.<br \/>\nMul\u021bumim, stima\u021bi profesori, pentru c\u0103 i-a\u021bi \u00eendemnat pe elevi s\u0103 vizioneze acest spectacol, s\u0103 parcurg\u0103 altfel aceast\u0103 lec\u021bie de istorie, sensibiliz\u00e2ndu-i fa\u021b\u0103 de o tem\u0103 \u00eenc\u0103 necunoscut\u0103 pe deplin din istoria noastr\u0103 recent\u0103.<br \/>\n\u00cen urma vizion\u0103rii acestui spectacolul, deosebit de valoros pentru cunoa\u0219terea paginilor de istorie despre foametea organizat\u0103 \u00een anii \u201946-\u201947, suntem de p\u0103rere c\u0103 este impetuos necesar ca t\u00e2n\u0103ra genera\u021bie, \u00eencep\u00e2nd cu v\u00e2rsta de 14 ani, s\u0103 aib\u0103 neap\u0103rat posibilitatea s\u0103-l vad\u0103. \u00cen acest scop, ne asum\u0103m ca elevii din clasele gimnaziale \u0219i liceale ale Liceului nostru s\u0103 mearg\u0103 la acest spectacol, \u00eendemn\u00e2nd totodat\u0103 pe to\u021bi tinerii s-o fac\u0103. Ne-a motivat s\u0103 adres\u0103m acest \u00eendemn, grupul de elevi ai Gimnaziului Ratu\u0219, Criuleni, pe care l-am \u00eent\u00e2lnit, \u00eenso\u021bit de directoarea lor, doamna Elena Boaghe, la spectacol. E un exemplu bun de urmat.<br \/>\nMen\u021bion\u0103m c\u0103 doamna Larisa Turea, scriitoare, dramaturg\u0103, Maestru \u00een Art\u0103, a fost distins\u0103 \u00een anul 2023 cu Premiul Na\u021bional pentru lucrarea \u201eCartea foametei\u201d, \u00een care evoc\u0103, at\u00e2t prin m\u0103rturiile supravie\u021buitorilor, c\u00e2t \u0219i prin documente de arhiv\u0103, fenomenul foametei postbelice \u00een RSS Moldoveneasc\u0103 ca instrument de reducere a rezisten\u021bei fa\u021b\u0103 de regimul sovietic.<\/p>\n","protected":false},"excerpt":{"rendered":"<p>Elevii clasei a XII-a \u0219i o parte dintre elevii claselor a IX-a &#8211; a XI-a ale Liceului de Creativitate \u0219i Inventic\u0103 \u201ePrometeu-Protalent\u201d, \u00eenso\u021bi\u021bi de domnul diriginte Vasile Cupcea \u0219i, respectiv de doamnele profesoare de istoria rom\u00e2nilor \u0219i universal\u0103, Eugenia Negru \u0219i Daria Fran\u021buz, au mers pe data de 26 ianuarie 2025, la Teatrul Republican \u201eLuceaf\u0103rul\u201d. [&hellip;]<\/p>\n","protected":false},"author":1,"featured_media":0,"comment_status":"open","ping_status":"open","sticky":false,"template":"","format":"standard","meta":{"_price":"","_stock":"","_tribe_ticket_header":"","_tribe_default_ticket_provider":"","_tribe_ticket_capacity":"0","_ticket_start_date":"","_ticket_end_date":"","_tribe_ticket_show_description":"","_tribe_ticket_show_not_going":false,"_tribe_ticket_use_global_stock":"","_tribe_ticket_global_stock_level":"","_global_stock_mode":"","_global_stock_cap":"","_tribe_rsvp_for_event":"","_tribe_ticket_going_count":"","_tribe_ticket_not_going_count":"","_tribe_tickets_list":"[]","_tribe_ticket_has_attendee_info_fields":false,"footnotes":""},"categories":[89,80,1],"tags":[],"class_list":["post-8207","post","type-post","status-publish","format-standard","hentry","category-blog","category-toate-categoriile","category-uncategorized"],"_links":{"self":[{"href":"https:\/\/www.liceulprometeuprotalent.md\/index.php?rest_route=\/wp\/v2\/posts\/8207","targetHints":{"allow":["GET"]}}],"collection":[{"href":"https:\/\/www.liceulprometeuprotalent.md\/index.php?rest_route=\/wp\/v2\/posts"}],"about":[{"href":"https:\/\/www.liceulprometeuprotalent.md\/index.php?rest_route=\/wp\/v2\/types\/post"}],"author":[{"embeddable":true,"href":"https:\/\/www.liceulprometeuprotalent.md\/index.php?rest_route=\/wp\/v2\/users\/1"}],"replies":[{"embeddable":true,"href":"https:\/\/www.liceulprometeuprotalent.md\/index.php?rest_route=%2Fwp%2Fv2%2Fcomments&post=8207"}],"version-history":[{"count":1,"href":"https:\/\/www.liceulprometeuprotalent.md\/index.php?rest_route=\/wp\/v2\/posts\/8207\/revisions"}],"predecessor-version":[{"id":8208,"href":"https:\/\/www.liceulprometeuprotalent.md\/index.php?rest_route=\/wp\/v2\/posts\/8207\/revisions\/8208"}],"wp:attachment":[{"href":"https:\/\/www.liceulprometeuprotalent.md\/index.php?rest_route=%2Fwp%2Fv2%2Fmedia&parent=8207"}],"wp:term":[{"taxonomy":"category","embeddable":true,"href":"https:\/\/www.liceulprometeuprotalent.md\/index.php?rest_route=%2Fwp%2Fv2%2Fcategories&post=8207"},{"taxonomy":"post_tag","embeddable":true,"href":"https:\/\/www.liceulprometeuprotalent.md\/index.php?rest_route=%2Fwp%2Fv2%2Ftags&post=8207"}],"curies":[{"name":"wp","href":"https:\/\/api.w.org\/{rel}","templated":true}]}}