{"id":8211,"date":"2025-01-30T11:50:31","date_gmt":"2025-01-30T11:50:31","guid":{"rendered":"https:\/\/www.liceulprometeuprotalent.md\/?p=8211"},"modified":"2025-01-30T11:50:31","modified_gmt":"2025-01-30T11:50:31","slug":"pentru-o-lume-mai-umana","status":"publish","type":"post","link":"https:\/\/www.liceulprometeuprotalent.md\/?p=8211","title":{"rendered":"Pentru o lume mai uman\u0103"},"content":{"rendered":"<p>Ziua Interna\u021bional\u0103 de Comemorare a Victimelor Holocaustului, 27 ianuarie 2025, a fost \u00een aten\u021bia elevilor din clasa a X-a a Liceului de Creativitate \u0219i Inventic\u0103 \u201ePrometeu-Prometeu\u201d \u0219i \u00een limba englez\u0103. Sub egida doamnei <strong>Natalia Dubencu<\/strong>, profesoar\u0103 de limba englez\u0103, elevii au luat ini\u021bial (24 ianuarie 2025) cuno\u0219tin\u021b\u0103 de tem\u0103, vizion\u00e2nd filmul artistic \u201eHo\u021bul de C\u0103r\u021bi\u201d dup\u0103 romanul cu acela\u0219i nume al scriitorului australian Markus Zusak. V\u0103dit marca\u021bi de marea tragedie a poporului evreu, elevii au discutat despre ce \u00eenseamn\u0103 \u0219i p\u00e2n\u0103 unde poate duce ura dintre oameni, despre cum poate fi perturbat acest \u00eengrozitor proces, care \u00een cele din urm\u0103 depinde de alegerile, ac\u021biunile \u0219i deciziile persoanelor \u0219i a grupurilor de persoane.<\/p>\n<p>Aceia\u0219i elevi au perseverat \u00een tem\u0103 \u0219i pe data de 29 ianuarie 2025, c\u00e2nd s-au \u00eentrunit \u00een cadrul altei activit\u0103\u021bi \u0219i au sus\u021binut discursuri pe subiectul Holocaustului \u00een limba englez\u0103, \u00eencerc\u00e2nd s\u0103 abordeze tragicul fenomen din diverse perspective:<\/p>\n<p>\u201d<strong>1945. Nazi propaganda.\u201d\/ \u201e1945. <\/strong>Propaganda nazist\u0103<strong>\u201d, Mihai<\/strong> <strong>Cociorv\u0103<\/strong>;<\/p>\n<p>\u201d<strong>The nignt of the broken glass<\/strong>\u201d \u2013 \u201e<strong>Kristalnacht<\/strong>\u201d\/ \u201eNoaptea de cristal\u201d, <strong>Nicolae Chi\u0219c\u0103<\/strong>;<\/p>\n<p>\u201d<strong>The Holocaust<\/strong> &#8211; <strong>The Nazi Teror begins<\/strong>\u201d \/ \u201eHolocaust \u2013 \u00eenceputul terorii naziste\u201d, <strong>Bianca Rusu<\/strong>;<\/p>\n<p>\u201d<strong>The final solution at the killlind centers<\/strong>\u201d\/ \u201eSolu\u021bia final\u0103 la centrele de exterminare\u201d, <strong>Robert Gri\u021bcan<\/strong>;<\/p>\n<p>\u201d<strong>The murder of people with disabilities<\/strong>\u201d\/ \u201eExterminarea oamenilor cu dizabilit\u0103\u021bi\u201d, <strong>Gabriela Darovan\u00eei<\/strong>;<\/p>\n<p>\u201d<strong>World war II \u00een Europe<\/strong>\u201d\/ \u201eAl doilea r\u0103zboi mondial \u00een Europa\u201d, <strong>Constantin Suruceanu<\/strong>;<\/p>\n<p><strong>\u201dThe SS police state and propaganda<\/strong>\u201d\/ \u201eStatul poli\u021bienesc SS \u0219i propaganda\u201d, <strong>Gabriela Iurii<\/strong>.<\/p>\n<p>Fiecare discurs a \u021binut s\u0103 demonstreze cauzele care au provocat aceast\u0103 imens\u0103 tragedie uman\u0103, sus\u021bin\u00e2nd c\u0103 doar cunosc\u00e2ndu-i dimensiunile, po\u021bi \u00eentreprinde pa\u0219i pentru a contracara \u0219i preveni repetarea ei.<\/p>\n<p>Mul\u021bumim, dragi elevi! Mul\u021bumim stimat\u0103 doamn\u0103 profesoar\u0103 <strong>Natalia Dubencu<\/strong> pentru activit\u0103\u021bile de sensibilizare \u0219i con\u0219tientizare a ororilor celui mai mare masacru din istorie, \u00een nobilul scop de a dezr\u0103d\u0103cina ura \u00eentre oameni \u0219i a edifica o lume armonioas\u0103, plin\u0103 de iubire.<\/p>\n<p style=\"text-align: center;\">\u00a0 \u00a0<img decoding=\"async\" class=\"alignnone wp-image-8213 size-fusion-400\" src=\"https:\/\/www.liceulprometeuprotalent.md\/wp-content\/uploads\/2025\/01\/viber_image_2025-01-29_11-24-15-616-400x301.jpg\" alt=\"\" width=\"400\" height=\"301\" srcset=\"https:\/\/www.liceulprometeuprotalent.md\/wp-content\/uploads\/2025\/01\/viber_image_2025-01-29_11-24-15-616-200x151.jpg 200w, https:\/\/www.liceulprometeuprotalent.md\/wp-content\/uploads\/2025\/01\/viber_image_2025-01-29_11-24-15-616-300x226.jpg 300w, https:\/\/www.liceulprometeuprotalent.md\/wp-content\/uploads\/2025\/01\/viber_image_2025-01-29_11-24-15-616-400x301.jpg 400w, https:\/\/www.liceulprometeuprotalent.md\/wp-content\/uploads\/2025\/01\/viber_image_2025-01-29_11-24-15-616-600x452.jpg 600w, https:\/\/www.liceulprometeuprotalent.md\/wp-content\/uploads\/2025\/01\/viber_image_2025-01-29_11-24-15-616-768x578.jpg 768w, https:\/\/www.liceulprometeuprotalent.md\/wp-content\/uploads\/2025\/01\/viber_image_2025-01-29_11-24-15-616-800x603.jpg 800w, https:\/\/www.liceulprometeuprotalent.md\/wp-content\/uploads\/2025\/01\/viber_image_2025-01-29_11-24-15-616-1024x771.jpg 1024w, https:\/\/www.liceulprometeuprotalent.md\/wp-content\/uploads\/2025\/01\/viber_image_2025-01-29_11-24-15-616-1200x904.jpg 1200w, https:\/\/www.liceulprometeuprotalent.md\/wp-content\/uploads\/2025\/01\/viber_image_2025-01-29_11-24-15-616-1536x1157.jpg 1536w, https:\/\/www.liceulprometeuprotalent.md\/wp-content\/uploads\/2025\/01\/viber_image_2025-01-29_11-24-15-616.jpg 1600w\" sizes=\"(max-width: 400px) 100vw, 400px\" \/> <img decoding=\"async\" class=\"alignnone wp-image-8214 size-fusion-400\" src=\"https:\/\/www.liceulprometeuprotalent.md\/wp-content\/uploads\/2025\/01\/viber_image_2025-01-29_11-24-16-232-400x301.jpg\" alt=\"\" width=\"400\" height=\"301\" srcset=\"https:\/\/www.liceulprometeuprotalent.md\/wp-content\/uploads\/2025\/01\/viber_image_2025-01-29_11-24-16-232-200x151.jpg 200w, https:\/\/www.liceulprometeuprotalent.md\/wp-content\/uploads\/2025\/01\/viber_image_2025-01-29_11-24-16-232-300x226.jpg 300w, https:\/\/www.liceulprometeuprotalent.md\/wp-content\/uploads\/2025\/01\/viber_image_2025-01-29_11-24-16-232-400x301.jpg 400w, https:\/\/www.liceulprometeuprotalent.md\/wp-content\/uploads\/2025\/01\/viber_image_2025-01-29_11-24-16-232-600x452.jpg 600w, https:\/\/www.liceulprometeuprotalent.md\/wp-content\/uploads\/2025\/01\/viber_image_2025-01-29_11-24-16-232-768x578.jpg 768w, https:\/\/www.liceulprometeuprotalent.md\/wp-content\/uploads\/2025\/01\/viber_image_2025-01-29_11-24-16-232-800x603.jpg 800w, https:\/\/www.liceulprometeuprotalent.md\/wp-content\/uploads\/2025\/01\/viber_image_2025-01-29_11-24-16-232-1024x771.jpg 1024w, https:\/\/www.liceulprometeuprotalent.md\/wp-content\/uploads\/2025\/01\/viber_image_2025-01-29_11-24-16-232-1200x904.jpg 1200w, https:\/\/www.liceulprometeuprotalent.md\/wp-content\/uploads\/2025\/01\/viber_image_2025-01-29_11-24-16-232-1536x1157.jpg 1536w, https:\/\/www.liceulprometeuprotalent.md\/wp-content\/uploads\/2025\/01\/viber_image_2025-01-29_11-24-16-232.jpg 1600w\" sizes=\"(max-width: 400px) 100vw, 400px\" \/><img decoding=\"async\" class=\"alignnone wp-image-8215 size-fusion-400\" src=\"https:\/\/www.liceulprometeuprotalent.md\/wp-content\/uploads\/2025\/01\/viber_image_2025-01-29_11-24-15-909-400x301.jpg\" alt=\"\" width=\"400\" height=\"301\" srcset=\"https:\/\/www.liceulprometeuprotalent.md\/wp-content\/uploads\/2025\/01\/viber_image_2025-01-29_11-24-15-909-200x151.jpg 200w, https:\/\/www.liceulprometeuprotalent.md\/wp-content\/uploads\/2025\/01\/viber_image_2025-01-29_11-24-15-909-300x226.jpg 300w, https:\/\/www.liceulprometeuprotalent.md\/wp-content\/uploads\/2025\/01\/viber_image_2025-01-29_11-24-15-909-400x301.jpg 400w, https:\/\/www.liceulprometeuprotalent.md\/wp-content\/uploads\/2025\/01\/viber_image_2025-01-29_11-24-15-909-600x452.jpg 600w, https:\/\/www.liceulprometeuprotalent.md\/wp-content\/uploads\/2025\/01\/viber_image_2025-01-29_11-24-15-909-768x578.jpg 768w, https:\/\/www.liceulprometeuprotalent.md\/wp-content\/uploads\/2025\/01\/viber_image_2025-01-29_11-24-15-909-800x603.jpg 800w, https:\/\/www.liceulprometeuprotalent.md\/wp-content\/uploads\/2025\/01\/viber_image_2025-01-29_11-24-15-909-1024x771.jpg 1024w, https:\/\/www.liceulprometeuprotalent.md\/wp-content\/uploads\/2025\/01\/viber_image_2025-01-29_11-24-15-909-1200x904.jpg 1200w, https:\/\/www.liceulprometeuprotalent.md\/wp-content\/uploads\/2025\/01\/viber_image_2025-01-29_11-24-15-909-1536x1157.jpg 1536w, https:\/\/www.liceulprometeuprotalent.md\/wp-content\/uploads\/2025\/01\/viber_image_2025-01-29_11-24-15-909.jpg 1600w\" sizes=\"(max-width: 400px) 100vw, 400px\" \/> <img decoding=\"async\" class=\"alignnone wp-image-8216 size-fusion-400\" src=\"https:\/\/www.liceulprometeuprotalent.md\/wp-content\/uploads\/2025\/01\/viber_image_2025-01-29_11-24-14-998-400x301.jpg\" alt=\"\" width=\"400\" height=\"301\" srcset=\"https:\/\/www.liceulprometeuprotalent.md\/wp-content\/uploads\/2025\/01\/viber_image_2025-01-29_11-24-14-998-200x151.jpg 200w, https:\/\/www.liceulprometeuprotalent.md\/wp-content\/uploads\/2025\/01\/viber_image_2025-01-29_11-24-14-998-300x226.jpg 300w, https:\/\/www.liceulprometeuprotalent.md\/wp-content\/uploads\/2025\/01\/viber_image_2025-01-29_11-24-14-998-400x301.jpg 400w, https:\/\/www.liceulprometeuprotalent.md\/wp-content\/uploads\/2025\/01\/viber_image_2025-01-29_11-24-14-998-600x452.jpg 600w, https:\/\/www.liceulprometeuprotalent.md\/wp-content\/uploads\/2025\/01\/viber_image_2025-01-29_11-24-14-998-768x578.jpg 768w, https:\/\/www.liceulprometeuprotalent.md\/wp-content\/uploads\/2025\/01\/viber_image_2025-01-29_11-24-14-998-800x603.jpg 800w, https:\/\/www.liceulprometeuprotalent.md\/wp-content\/uploads\/2025\/01\/viber_image_2025-01-29_11-24-14-998-1024x771.jpg 1024w, https:\/\/www.liceulprometeuprotalent.md\/wp-content\/uploads\/2025\/01\/viber_image_2025-01-29_11-24-14-998-1200x904.jpg 1200w, https:\/\/www.liceulprometeuprotalent.md\/wp-content\/uploads\/2025\/01\/viber_image_2025-01-29_11-24-14-998-1536x1157.jpg 1536w, https:\/\/www.liceulprometeuprotalent.md\/wp-content\/uploads\/2025\/01\/viber_image_2025-01-29_11-24-14-998.jpg 1600w\" sizes=\"(max-width: 400px) 100vw, 400px\" \/><img decoding=\"async\" class=\"alignnone wp-image-8212 size-fusion-800\" src=\"https:\/\/www.liceulprometeuprotalent.md\/wp-content\/uploads\/2025\/01\/20250124_101459-800x360.jpg\" alt=\"\" width=\"800\" height=\"360\" srcset=\"https:\/\/www.liceulprometeuprotalent.md\/wp-content\/uploads\/2025\/01\/20250124_101459-200x90.jpg 200w, https:\/\/www.liceulprometeuprotalent.md\/wp-content\/uploads\/2025\/01\/20250124_101459-300x135.jpg 300w, https:\/\/www.liceulprometeuprotalent.md\/wp-content\/uploads\/2025\/01\/20250124_101459-400x180.jpg 400w, https:\/\/www.liceulprometeuprotalent.md\/wp-content\/uploads\/2025\/01\/20250124_101459-600x270.jpg 600w, https:\/\/www.liceulprometeuprotalent.md\/wp-content\/uploads\/2025\/01\/20250124_101459-768x346.jpg 768w, https:\/\/www.liceulprometeuprotalent.md\/wp-content\/uploads\/2025\/01\/20250124_101459-800x360.jpg 800w, https:\/\/www.liceulprometeuprotalent.md\/wp-content\/uploads\/2025\/01\/20250124_101459-1024x461.jpg 1024w, https:\/\/www.liceulprometeuprotalent.md\/wp-content\/uploads\/2025\/01\/20250124_101459-1200x540.jpg 1200w, https:\/\/www.liceulprometeuprotalent.md\/wp-content\/uploads\/2025\/01\/20250124_101459-1536x691.jpg 1536w\" sizes=\"(max-width: 800px) 100vw, 800px\" \/><\/p>\n","protected":false},"excerpt":{"rendered":"<p>Ziua Interna\u021bional\u0103 de Comemorare a Victimelor Holocaustului, 27 ianuarie 2025, a fost \u00een aten\u021bia elevilor din clasa a X-a a Liceului de Creativitate \u0219i Inventic\u0103 \u201ePrometeu-Prometeu\u201d \u0219i \u00een limba englez\u0103. Sub egida doamnei Natalia Dubencu, profesoar\u0103 de limba englez\u0103, elevii au luat ini\u021bial (24 ianuarie 2025) cuno\u0219tin\u021b\u0103 de tem\u0103, vizion\u00e2nd filmul artistic \u201eHo\u021bul de C\u0103r\u021bi\u201d [&hellip;]<\/p>\n","protected":false},"author":1,"featured_media":8212,"comment_status":"open","ping_status":"open","sticky":false,"template":"","format":"standard","meta":{"_price":"","_stock":"","_tribe_ticket_header":"","_tribe_default_ticket_provider":"","_tribe_ticket_capacity":"0","_ticket_start_date":"","_ticket_end_date":"","_tribe_ticket_show_description":"","_tribe_ticket_show_not_going":false,"_tribe_ticket_use_global_stock":"","_tribe_ticket_global_stock_level":"","_global_stock_mode":"","_global_stock_cap":"","_tribe_rsvp_for_event":"","_tribe_ticket_going_count":"","_tribe_ticket_not_going_count":"","_tribe_tickets_list":"[]","_tribe_ticket_has_attendee_info_fields":false,"footnotes":""},"categories":[89,80,1],"tags":[],"class_list":["post-8211","post","type-post","status-publish","format-standard","has-post-thumbnail","hentry","category-blog","category-toate-categoriile","category-uncategorized"],"_links":{"self":[{"href":"https:\/\/www.liceulprometeuprotalent.md\/index.php?rest_route=\/wp\/v2\/posts\/8211","targetHints":{"allow":["GET"]}}],"collection":[{"href":"https:\/\/www.liceulprometeuprotalent.md\/index.php?rest_route=\/wp\/v2\/posts"}],"about":[{"href":"https:\/\/www.liceulprometeuprotalent.md\/index.php?rest_route=\/wp\/v2\/types\/post"}],"author":[{"embeddable":true,"href":"https:\/\/www.liceulprometeuprotalent.md\/index.php?rest_route=\/wp\/v2\/users\/1"}],"replies":[{"embeddable":true,"href":"https:\/\/www.liceulprometeuprotalent.md\/index.php?rest_route=%2Fwp%2Fv2%2Fcomments&post=8211"}],"version-history":[{"count":1,"href":"https:\/\/www.liceulprometeuprotalent.md\/index.php?rest_route=\/wp\/v2\/posts\/8211\/revisions"}],"predecessor-version":[{"id":8217,"href":"https:\/\/www.liceulprometeuprotalent.md\/index.php?rest_route=\/wp\/v2\/posts\/8211\/revisions\/8217"}],"wp:featuredmedia":[{"embeddable":true,"href":"https:\/\/www.liceulprometeuprotalent.md\/index.php?rest_route=\/wp\/v2\/media\/8212"}],"wp:attachment":[{"href":"https:\/\/www.liceulprometeuprotalent.md\/index.php?rest_route=%2Fwp%2Fv2%2Fmedia&parent=8211"}],"wp:term":[{"taxonomy":"category","embeddable":true,"href":"https:\/\/www.liceulprometeuprotalent.md\/index.php?rest_route=%2Fwp%2Fv2%2Fcategories&post=8211"},{"taxonomy":"post_tag","embeddable":true,"href":"https:\/\/www.liceulprometeuprotalent.md\/index.php?rest_route=%2Fwp%2Fv2%2Ftags&post=8211"}],"curies":[{"name":"wp","href":"https:\/\/api.w.org\/{rel}","templated":true}]}}