{"id":8218,"date":"2025-02-03T13:44:23","date_gmt":"2025-02-03T13:44:23","guid":{"rendered":"https:\/\/www.liceulprometeuprotalent.md\/?p=8218"},"modified":"2025-02-03T13:44:23","modified_gmt":"2025-02-03T13:44:23","slug":"the-tribute-to-the-holocaust-survivors-omagiu-supravietuitorilor-holocaustului","status":"publish","type":"post","link":"https:\/\/www.liceulprometeuprotalent.md\/?p=8218","title":{"rendered":"\u201dThe tribute to the Holocaust survivors\u201d\/ \u201eOmagiu supravie\u021buitorilor Holocaustului\u201d"},"content":{"rendered":"<p>A\u0219a s-a numit activitatea elevilor din clasa a X-a \u201eB\u201d a Liceului de Creativitate \u0219i Inventic\u0103 \u201ePrometeu-Protalent\u201d, dedicat\u0103 Zilei Interna\u021bionale de Comemorare a Victimelor Holocaustului, marcat\u0103 la 27 ianuarie 2025.<\/p>\n<p>Activitatea s-a desf\u0103\u0219urat pe data de 29 ianuarie 2025 \u0219i a prev\u0103zut elaborarea unor discursuri \u00een limba englez\u0103, \u00een care s-a adus un pios omagiu victimelor celei mai mari tragedii ale omenirii, dar \u0219i supravie\u021buitorilor ei \u2013 Holocaustul. Comemorarea victimelor, memorarea atrocit\u0103\u021bilor nemai\u00eent\u00e2nite ale trecutului, omagierea supravie\u021buitorilor, elucidate \u00een discursuri, au r\u0103sunat ca o chemare la edificarea unei lumi bazat\u0103 pe respect reciproc, toleran\u021b\u0103 \u0219i iubire, elimin\u00e2nd orice form\u0103 de discriminare \u0219i ur\u0103 \u00een societatea modern\u0103. Iar temele abordate \u00een lu\u0103rile de cuv\u00e2nt ale elevilor vorbesc de la sine:<\/p>\n<p>\u201dHitler \u2013 the man of war\u201d\/ \u201eHitler &#8211; omul r\u0103zboiului\u201d,\u00a0 <strong>Alexandra Mereacre;<\/strong><\/p>\n<p>\u201dThe night of the broken glass or the cristal night\u201d\/\u201e Noaptea geamurilor sparte sau noaptea de cristal\u201d, <strong>Cristina Racovcen;<\/strong><\/p>\n<p>\u201dThe influence of anti semitic propaganda durind the Holocaust\u201d\/\u201e Influen\u021ba propagandei antisemite \u00een timpul Holocaustului\u201d, <strong>Mark Portas;<\/strong><\/p>\n<p>\u201dThe Jewish geto\u201d\/\u201e Ghetoul evreesc\u201d, <strong>Antonia Cotelea;<\/strong><\/p>\n<p>\u201dAnne Frank\u2019s Diary\u201d\/\u201e Jurnalul Anei Frank\u201d, <strong>Amelia Visan<\/strong><strong>;<\/strong><\/p>\n<p>\u201dMethods of extermination of the Jewish\u201d\/\u201e Metode de exterminare a evreilor\u201d, <strong>Daria Gon\u021ba;<\/strong><\/p>\n<p>\u201dSchindler\u2019s list\u201d\/\u201e Lista lui Schindler\u201d, <strong>Gabriel Rusu;<\/strong><\/p>\n<p>\u201dDoctor Josef Mengele \u2013 the angel of death\u201d\/\u201e Doctor Josef Mengele \u2013 \u00eengerul mor\u021bii\u201d, <strong>Loredana Bor\u0219;<\/strong><\/p>\n<p>\u201dThe Holocaust survivors\u201d\/ \u201eSupravie\u021buitorii Holocaustului\u201d, <strong>Maria Gherlac;<\/strong><\/p>\n<p>\u201dThe Holocaust: the end, the reconstruction of the world after the Holocaust (Warsaw Museum\/Aushwit\u201d\/ \u201eHolocaust: sf\u00e2r\u0219itul, reconstruc\u021bia lumii dup\u0103 Holocaust\/(Muzeul Var\u0219ovia\/Aushwit)\u201d, <strong>Francesca \u021aurcanu.<\/strong><\/p>\n<p>Men\u021bion\u0103m c\u0103 activitatea a avut loc sub egida doamnei <strong>Olga Ciorici<\/strong>, \u0219efa comisiei metodice, profesoar\u0103 de limba englez\u0103, grad didactic unu, fapt pentru care ne exprim\u0103m mul\u021bumirile \u0219i aprecierile pentru efortul de a-i sensibiliza pe elevi fa\u021b\u0103 de una dintre cele mai \u00eentunecate pagini din istoria omenirii.<\/p>\n<p style=\"text-align: center;\"><img decoding=\"async\" class=\"alignnone wp-image-8219 size-fusion-600\" src=\"https:\/\/www.liceulprometeuprotalent.md\/wp-content\/uploads\/2025\/02\/viber_image_2025-01-30_14-34-30-261-600x450.jpg\" alt=\"\" width=\"600\" height=\"450\" srcset=\"https:\/\/www.liceulprometeuprotalent.md\/wp-content\/uploads\/2025\/02\/viber_image_2025-01-30_14-34-30-261-200x150.jpg 200w, https:\/\/www.liceulprometeuprotalent.md\/wp-content\/uploads\/2025\/02\/viber_image_2025-01-30_14-34-30-261-300x225.jpg 300w, https:\/\/www.liceulprometeuprotalent.md\/wp-content\/uploads\/2025\/02\/viber_image_2025-01-30_14-34-30-261-400x300.jpg 400w, https:\/\/www.liceulprometeuprotalent.md\/wp-content\/uploads\/2025\/02\/viber_image_2025-01-30_14-34-30-261-600x450.jpg 600w, https:\/\/www.liceulprometeuprotalent.md\/wp-content\/uploads\/2025\/02\/viber_image_2025-01-30_14-34-30-261-768x576.jpg 768w, https:\/\/www.liceulprometeuprotalent.md\/wp-content\/uploads\/2025\/02\/viber_image_2025-01-30_14-34-30-261-800x600.jpg 800w, https:\/\/www.liceulprometeuprotalent.md\/wp-content\/uploads\/2025\/02\/viber_image_2025-01-30_14-34-30-261-1024x768.jpg 1024w, https:\/\/www.liceulprometeuprotalent.md\/wp-content\/uploads\/2025\/02\/viber_image_2025-01-30_14-34-30-261-1200x900.jpg 1200w, https:\/\/www.liceulprometeuprotalent.md\/wp-content\/uploads\/2025\/02\/viber_image_2025-01-30_14-34-30-261-1536x1152.jpg 1536w, https:\/\/www.liceulprometeuprotalent.md\/wp-content\/uploads\/2025\/02\/viber_image_2025-01-30_14-34-30-261.jpg 1800w\" sizes=\"(max-width: 600px) 100vw, 600px\" \/> \u00a0<img decoding=\"async\" class=\"alignnone wp-image-8221 size-fusion-600\" src=\"https:\/\/www.liceulprometeuprotalent.md\/wp-content\/uploads\/2025\/02\/viber_image_2025-01-30_14-34-29-207-600x450.jpg\" alt=\"\" width=\"600\" height=\"450\" srcset=\"https:\/\/www.liceulprometeuprotalent.md\/wp-content\/uploads\/2025\/02\/viber_image_2025-01-30_14-34-29-207-200x150.jpg 200w, https:\/\/www.liceulprometeuprotalent.md\/wp-content\/uploads\/2025\/02\/viber_image_2025-01-30_14-34-29-207-300x225.jpg 300w, https:\/\/www.liceulprometeuprotalent.md\/wp-content\/uploads\/2025\/02\/viber_image_2025-01-30_14-34-29-207-400x300.jpg 400w, https:\/\/www.liceulprometeuprotalent.md\/wp-content\/uploads\/2025\/02\/viber_image_2025-01-30_14-34-29-207-600x450.jpg 600w, https:\/\/www.liceulprometeuprotalent.md\/wp-content\/uploads\/2025\/02\/viber_image_2025-01-30_14-34-29-207-768x576.jpg 768w, https:\/\/www.liceulprometeuprotalent.md\/wp-content\/uploads\/2025\/02\/viber_image_2025-01-30_14-34-29-207-800x600.jpg 800w, https:\/\/www.liceulprometeuprotalent.md\/wp-content\/uploads\/2025\/02\/viber_image_2025-01-30_14-34-29-207-1024x768.jpg 1024w, https:\/\/www.liceulprometeuprotalent.md\/wp-content\/uploads\/2025\/02\/viber_image_2025-01-30_14-34-29-207-1200x900.jpg 1200w, https:\/\/www.liceulprometeuprotalent.md\/wp-content\/uploads\/2025\/02\/viber_image_2025-01-30_14-34-29-207-1536x1152.jpg 1536w, https:\/\/www.liceulprometeuprotalent.md\/wp-content\/uploads\/2025\/02\/viber_image_2025-01-30_14-34-29-207.jpg 1800w\" sizes=\"(max-width: 600px) 100vw, 600px\" \/><\/p>\n","protected":false},"excerpt":{"rendered":"<p>A\u0219a s-a numit activitatea elevilor din clasa a X-a \u201eB\u201d a Liceului de Creativitate \u0219i Inventic\u0103 \u201ePrometeu-Protalent\u201d, dedicat\u0103 Zilei Interna\u021bionale de Comemorare a Victimelor Holocaustului, marcat\u0103 la 27 ianuarie 2025. Activitatea s-a desf\u0103\u0219urat pe data de 29 ianuarie 2025 \u0219i a prev\u0103zut elaborarea unor discursuri \u00een limba englez\u0103, \u00een care s-a adus un pios omagiu [&hellip;]<\/p>\n","protected":false},"author":1,"featured_media":8221,"comment_status":"open","ping_status":"open","sticky":false,"template":"","format":"standard","meta":{"_price":"","_stock":"","_tribe_ticket_header":"","_tribe_default_ticket_provider":"","_tribe_ticket_capacity":"0","_ticket_start_date":"","_ticket_end_date":"","_tribe_ticket_show_description":"","_tribe_ticket_show_not_going":false,"_tribe_ticket_use_global_stock":"","_tribe_ticket_global_stock_level":"","_global_stock_mode":"","_global_stock_cap":"","_tribe_rsvp_for_event":"","_tribe_ticket_going_count":"","_tribe_ticket_not_going_count":"","_tribe_tickets_list":"[]","_tribe_ticket_has_attendee_info_fields":false,"footnotes":""},"categories":[89,80,1],"tags":[],"class_list":["post-8218","post","type-post","status-publish","format-standard","has-post-thumbnail","hentry","category-blog","category-toate-categoriile","category-uncategorized"],"_links":{"self":[{"href":"https:\/\/www.liceulprometeuprotalent.md\/index.php?rest_route=\/wp\/v2\/posts\/8218","targetHints":{"allow":["GET"]}}],"collection":[{"href":"https:\/\/www.liceulprometeuprotalent.md\/index.php?rest_route=\/wp\/v2\/posts"}],"about":[{"href":"https:\/\/www.liceulprometeuprotalent.md\/index.php?rest_route=\/wp\/v2\/types\/post"}],"author":[{"embeddable":true,"href":"https:\/\/www.liceulprometeuprotalent.md\/index.php?rest_route=\/wp\/v2\/users\/1"}],"replies":[{"embeddable":true,"href":"https:\/\/www.liceulprometeuprotalent.md\/index.php?rest_route=%2Fwp%2Fv2%2Fcomments&post=8218"}],"version-history":[{"count":1,"href":"https:\/\/www.liceulprometeuprotalent.md\/index.php?rest_route=\/wp\/v2\/posts\/8218\/revisions"}],"predecessor-version":[{"id":8222,"href":"https:\/\/www.liceulprometeuprotalent.md\/index.php?rest_route=\/wp\/v2\/posts\/8218\/revisions\/8222"}],"wp:featuredmedia":[{"embeddable":true,"href":"https:\/\/www.liceulprometeuprotalent.md\/index.php?rest_route=\/wp\/v2\/media\/8221"}],"wp:attachment":[{"href":"https:\/\/www.liceulprometeuprotalent.md\/index.php?rest_route=%2Fwp%2Fv2%2Fmedia&parent=8218"}],"wp:term":[{"taxonomy":"category","embeddable":true,"href":"https:\/\/www.liceulprometeuprotalent.md\/index.php?rest_route=%2Fwp%2Fv2%2Fcategories&post=8218"},{"taxonomy":"post_tag","embeddable":true,"href":"https:\/\/www.liceulprometeuprotalent.md\/index.php?rest_route=%2Fwp%2Fv2%2Ftags&post=8218"}],"curies":[{"name":"wp","href":"https:\/\/api.w.org\/{rel}","templated":true}]}}