{"id":8225,"date":"2025-02-03T14:14:29","date_gmt":"2025-02-03T14:14:29","guid":{"rendered":"https:\/\/www.liceulprometeuprotalent.md\/?p=8225"},"modified":"2025-02-03T16:19:02","modified_gmt":"2025-02-03T16:19:02","slug":"campionat-al-sportului-mintii-si-logicii","status":"publish","type":"post","link":"https:\/\/www.liceulprometeuprotalent.md\/?p=8225","title":{"rendered":"Campionat al sportului min\u021bii \u0219i logicii"},"content":{"rendered":"<p>Catedra de educa\u021bie fizic\u0103 \u00een frunte cu domnul \ud835\udc15\ud835\udc1a\ud835\udc1d\ud835\udc22\ud835\udc26 \ud835\udc13\u0326\ud835\udc2e\ud835\udc2b\ud835\udc1c\ud835\udc1a\ud835\udc27, profesor de educa\u021bie fizic\u0103 \u0219i membrii Consiliului elevilor, <strong>Cazacu Raluca<\/strong> (clasa a IX-a \u201eB\u201d) \u0219i <strong>Buzdugan Victor<\/strong> ( clasa a VI-a \u201eA\u201d) ai Liceului de Creativitate \u0219i Inventic\u0103 \u201ePrometeu-Protalent\u201d au organizat \u00een perioada 29-31 ianuarie 2025 campionatul Liceului la \u0219ah. La competi\u021bie au participat \u00een jur de 50 de elevi, \u00eemp\u0103timi\u021bi de jocul numit de marele Goethe drept \u201epiatra de \u00eencercare a inteligen\u021bei\u201d.<\/p>\n<p>Dup\u0103 2 zile de aprig\u0103 concuren\u021b\u0103 colegial\u0103, clasamentul i-a scos \u00een eviden\u021b\u0103 pe cei mai buni \u0219ahi\u0219ti:<\/p>\n<p><strong>Categoria claselor a V-a \u2013 a VI-a <\/strong><\/p>\n<p><strong>Locul I<\/strong> \u2013 <strong>Radu Albu<\/strong>, clasa a V-a \u201eC\u201d;<\/p>\n<p><strong>Locul II \u2013<\/strong> <strong>\u0218tefan Andru\u0219cenco<\/strong>, clasa a VI-a \u201eC\u201d\u00a0;<\/p>\n<p><strong>Locul III <\/strong>\u2013 <strong>Dumitru Cebotari<\/strong>, clasa VI-a \u201eC\u201d\u00a0.<\/p>\n<p><strong>Categoria claselor a VII-a \u2013 a IX-a<\/strong><\/p>\n<p><strong>Locul I<\/strong> \u2013 <strong>Vlad Albu<\/strong>, clasa VIII-a \u201eB\u201d;<\/p>\n<p><strong>Locul II<\/strong> \u2013 <strong>Bogdan Can\u021b\u00eer<\/strong>, clasa a VIII-a \u201eC\u201d;<\/p>\n<p><strong>Locul III<\/strong> \u2013 <strong>Iulian Luca<\/strong>, clasa a IX-a \u201eB\u201d.<\/p>\n<p>Felicit\u0103ri, dragi sportivi ai min\u021bii! \u201e\u0218ahul face cinste spiritului omenesc\u201d, afirma ilustrul scriitor, al Iluminismului francez Voltaire. Persevera\u021bi \u00een jocul min\u021bii \u0219i al logicii! Se spune c\u0103 oamenii de succes neap\u0103rat joac\u0103 sau au jucat \u0219ah \u00een ascensiunea lor profesional\u0103.<\/p>\n<p>Mul\u021bumim catedrei de educa\u021bie fizic\u0103 \u0219i Consiliului elevilor, care au f\u0103cut posibil acest minunat campionat.<\/p>\n<p><img decoding=\"async\" class=\"wp-image-8226 size-fusion-400 alignleft\" src=\"https:\/\/www.liceulprometeuprotalent.md\/wp-content\/uploads\/2025\/02\/viber_image_2025-01-31_23-12-25-222-400x533.jpg\" alt=\"\" width=\"400\" height=\"533\" srcset=\"https:\/\/www.liceulprometeuprotalent.md\/wp-content\/uploads\/2025\/02\/viber_image_2025-01-31_23-12-25-222-200x267.jpg 200w, https:\/\/www.liceulprometeuprotalent.md\/wp-content\/uploads\/2025\/02\/viber_image_2025-01-31_23-12-25-222-225x300.jpg 225w, https:\/\/www.liceulprometeuprotalent.md\/wp-content\/uploads\/2025\/02\/viber_image_2025-01-31_23-12-25-222-400x533.jpg 400w, https:\/\/www.liceulprometeuprotalent.md\/wp-content\/uploads\/2025\/02\/viber_image_2025-01-31_23-12-25-222-600x800.jpg 600w, https:\/\/www.liceulprometeuprotalent.md\/wp-content\/uploads\/2025\/02\/viber_image_2025-01-31_23-12-25-222-768x1024.jpg 768w, https:\/\/www.liceulprometeuprotalent.md\/wp-content\/uploads\/2025\/02\/viber_image_2025-01-31_23-12-25-222-800x1067.jpg 800w, https:\/\/www.liceulprometeuprotalent.md\/wp-content\/uploads\/2025\/02\/viber_image_2025-01-31_23-12-25-222-1152x1536.jpg 1152w, https:\/\/www.liceulprometeuprotalent.md\/wp-content\/uploads\/2025\/02\/viber_image_2025-01-31_23-12-25-222.jpg 1200w\" sizes=\"(max-width: 400px) 100vw, 400px\" \/><img decoding=\"async\" class=\"alignnone wp-image-8228 size-fusion-400 alignleft\" src=\"https:\/\/www.liceulprometeuprotalent.md\/wp-content\/uploads\/2025\/02\/viber_image_2025-01-31_23-12-25-590-400x533.jpg\" alt=\"\" width=\"400\" height=\"533\" srcset=\"https:\/\/www.liceulprometeuprotalent.md\/wp-content\/uploads\/2025\/02\/viber_image_2025-01-31_23-12-25-590-200x267.jpg 200w, https:\/\/www.liceulprometeuprotalent.md\/wp-content\/uploads\/2025\/02\/viber_image_2025-01-31_23-12-25-590-225x300.jpg 225w, https:\/\/www.liceulprometeuprotalent.md\/wp-content\/uploads\/2025\/02\/viber_image_2025-01-31_23-12-25-590-400x533.jpg 400w, https:\/\/www.liceulprometeuprotalent.md\/wp-content\/uploads\/2025\/02\/viber_image_2025-01-31_23-12-25-590-600x800.jpg 600w, https:\/\/www.liceulprometeuprotalent.md\/wp-content\/uploads\/2025\/02\/viber_image_2025-01-31_23-12-25-590-768x1024.jpg 768w, https:\/\/www.liceulprometeuprotalent.md\/wp-content\/uploads\/2025\/02\/viber_image_2025-01-31_23-12-25-590-800x1067.jpg 800w, https:\/\/www.liceulprometeuprotalent.md\/wp-content\/uploads\/2025\/02\/viber_image_2025-01-31_23-12-25-590-1152x1536.jpg 1152w, https:\/\/www.liceulprometeuprotalent.md\/wp-content\/uploads\/2025\/02\/viber_image_2025-01-31_23-12-25-590.jpg 1200w\" sizes=\"(max-width: 400px) 100vw, 400px\" \/><\/p>\n<p>&nbsp;<\/p>\n<p>&nbsp;<\/p>\n<p>&nbsp;<\/p>\n<p>&nbsp;<\/p>\n<p>&nbsp;<\/p>\n<p>&nbsp;<\/p>\n<p>&nbsp;<\/p>\n<p>&nbsp;<\/p>\n<p>&nbsp;<\/p>\n<p>&nbsp;<\/p>\n<p>&nbsp;<\/p>\n<p>&nbsp;<\/p>\n<p>&nbsp;<\/p>\n<p>&nbsp;<\/p>\n<p><img decoding=\"async\" class=\"alignnone wp-image-8227 size-fusion-400 alignleft\" src=\"https:\/\/www.liceulprometeuprotalent.md\/wp-content\/uploads\/2025\/02\/viber_image_2025-01-31_23-12-25-775-400x300.jpg\" alt=\"\" width=\"400\" height=\"300\" srcset=\"https:\/\/www.liceulprometeuprotalent.md\/wp-content\/uploads\/2025\/02\/viber_image_2025-01-31_23-12-25-775-200x150.jpg 200w, https:\/\/www.liceulprometeuprotalent.md\/wp-content\/uploads\/2025\/02\/viber_image_2025-01-31_23-12-25-775-300x225.jpg 300w, https:\/\/www.liceulprometeuprotalent.md\/wp-content\/uploads\/2025\/02\/viber_image_2025-01-31_23-12-25-775-400x300.jpg 400w, https:\/\/www.liceulprometeuprotalent.md\/wp-content\/uploads\/2025\/02\/viber_image_2025-01-31_23-12-25-775-600x450.jpg 600w, https:\/\/www.liceulprometeuprotalent.md\/wp-content\/uploads\/2025\/02\/viber_image_2025-01-31_23-12-25-775-768x576.jpg 768w, https:\/\/www.liceulprometeuprotalent.md\/wp-content\/uploads\/2025\/02\/viber_image_2025-01-31_23-12-25-775-800x600.jpg 800w, https:\/\/www.liceulprometeuprotalent.md\/wp-content\/uploads\/2025\/02\/viber_image_2025-01-31_23-12-25-775-1024x768.jpg 1024w, https:\/\/www.liceulprometeuprotalent.md\/wp-content\/uploads\/2025\/02\/viber_image_2025-01-31_23-12-25-775-1200x900.jpg 1200w, https:\/\/www.liceulprometeuprotalent.md\/wp-content\/uploads\/2025\/02\/viber_image_2025-01-31_23-12-25-775-1536x1152.jpg 1536w, https:\/\/www.liceulprometeuprotalent.md\/wp-content\/uploads\/2025\/02\/viber_image_2025-01-31_23-12-25-775.jpg 1600w\" sizes=\"(max-width: 400px) 100vw, 400px\" \/><\/p>\n<p><img decoding=\"async\" class=\"alignnone wp-image-8230 size-fusion-400 alignleft\" src=\"https:\/\/www.liceulprometeuprotalent.md\/wp-content\/uploads\/2025\/02\/viber_image_2025-01-31_23-12-24-867-400x300.jpg\" alt=\"\" width=\"400\" height=\"300\" srcset=\"https:\/\/www.liceulprometeuprotalent.md\/wp-content\/uploads\/2025\/02\/viber_image_2025-01-31_23-12-24-867-200x150.jpg 200w, https:\/\/www.liceulprometeuprotalent.md\/wp-content\/uploads\/2025\/02\/viber_image_2025-01-31_23-12-24-867-300x225.jpg 300w, https:\/\/www.liceulprometeuprotalent.md\/wp-content\/uploads\/2025\/02\/viber_image_2025-01-31_23-12-24-867-400x300.jpg 400w, https:\/\/www.liceulprometeuprotalent.md\/wp-content\/uploads\/2025\/02\/viber_image_2025-01-31_23-12-24-867-600x450.jpg 600w, https:\/\/www.liceulprometeuprotalent.md\/wp-content\/uploads\/2025\/02\/viber_image_2025-01-31_23-12-24-867-768x576.jpg 768w, https:\/\/www.liceulprometeuprotalent.md\/wp-content\/uploads\/2025\/02\/viber_image_2025-01-31_23-12-24-867-800x600.jpg 800w, https:\/\/www.liceulprometeuprotalent.md\/wp-content\/uploads\/2025\/02\/viber_image_2025-01-31_23-12-24-867-1024x768.jpg 1024w, https:\/\/www.liceulprometeuprotalent.md\/wp-content\/uploads\/2025\/02\/viber_image_2025-01-31_23-12-24-867-1200x900.jpg 1200w, https:\/\/www.liceulprometeuprotalent.md\/wp-content\/uploads\/2025\/02\/viber_image_2025-01-31_23-12-24-867-1536x1152.jpg 1536w, https:\/\/www.liceulprometeuprotalent.md\/wp-content\/uploads\/2025\/02\/viber_image_2025-01-31_23-12-24-867.jpg 1600w\" sizes=\"(max-width: 400px) 100vw, 400px\" \/><\/p>\n","protected":false},"excerpt":{"rendered":"<p>Catedra de educa\u021bie fizic\u0103 \u00een frunte cu domnul \ud835\udc15\ud835\udc1a\ud835\udc1d\ud835\udc22\ud835\udc26 \ud835\udc13\u0326\ud835\udc2e\ud835\udc2b\ud835\udc1c\ud835\udc1a\ud835\udc27, profesor de educa\u021bie fizic\u0103 \u0219i membrii Consiliului elevilor, Cazacu Raluca (clasa a IX-a \u201eB\u201d) \u0219i Buzdugan Victor ( clasa a VI-a \u201eA\u201d) ai Liceului de Creativitate \u0219i Inventic\u0103 \u201ePrometeu-Protalent\u201d au organizat \u00een perioada 29-31 ianuarie 2025 campionatul Liceului la \u0219ah. La competi\u021bie au participat \u00een [&hellip;]<\/p>\n","protected":false},"author":1,"featured_media":8230,"comment_status":"open","ping_status":"open","sticky":false,"template":"","format":"standard","meta":{"_price":"","_stock":"","_tribe_ticket_header":"","_tribe_default_ticket_provider":"","_tribe_ticket_capacity":"0","_ticket_start_date":"","_ticket_end_date":"","_tribe_ticket_show_description":"","_tribe_ticket_show_not_going":false,"_tribe_ticket_use_global_stock":"","_tribe_ticket_global_stock_level":"","_global_stock_mode":"","_global_stock_cap":"","_tribe_rsvp_for_event":"","_tribe_ticket_going_count":"","_tribe_ticket_not_going_count":"","_tribe_tickets_list":"[]","_tribe_ticket_has_attendee_info_fields":false,"footnotes":""},"categories":[89,80,1],"tags":[],"class_list":["post-8225","post","type-post","status-publish","format-standard","has-post-thumbnail","hentry","category-blog","category-toate-categoriile","category-uncategorized"],"_links":{"self":[{"href":"https:\/\/www.liceulprometeuprotalent.md\/index.php?rest_route=\/wp\/v2\/posts\/8225","targetHints":{"allow":["GET"]}}],"collection":[{"href":"https:\/\/www.liceulprometeuprotalent.md\/index.php?rest_route=\/wp\/v2\/posts"}],"about":[{"href":"https:\/\/www.liceulprometeuprotalent.md\/index.php?rest_route=\/wp\/v2\/types\/post"}],"author":[{"embeddable":true,"href":"https:\/\/www.liceulprometeuprotalent.md\/index.php?rest_route=\/wp\/v2\/users\/1"}],"replies":[{"embeddable":true,"href":"https:\/\/www.liceulprometeuprotalent.md\/index.php?rest_route=%2Fwp%2Fv2%2Fcomments&post=8225"}],"version-history":[{"count":2,"href":"https:\/\/www.liceulprometeuprotalent.md\/index.php?rest_route=\/wp\/v2\/posts\/8225\/revisions"}],"predecessor-version":[{"id":8232,"href":"https:\/\/www.liceulprometeuprotalent.md\/index.php?rest_route=\/wp\/v2\/posts\/8225\/revisions\/8232"}],"wp:featuredmedia":[{"embeddable":true,"href":"https:\/\/www.liceulprometeuprotalent.md\/index.php?rest_route=\/wp\/v2\/media\/8230"}],"wp:attachment":[{"href":"https:\/\/www.liceulprometeuprotalent.md\/index.php?rest_route=%2Fwp%2Fv2%2Fmedia&parent=8225"}],"wp:term":[{"taxonomy":"category","embeddable":true,"href":"https:\/\/www.liceulprometeuprotalent.md\/index.php?rest_route=%2Fwp%2Fv2%2Fcategories&post=8225"},{"taxonomy":"post_tag","embeddable":true,"href":"https:\/\/www.liceulprometeuprotalent.md\/index.php?rest_route=%2Fwp%2Fv2%2Ftags&post=8225"}],"curies":[{"name":"wp","href":"https:\/\/api.w.org\/{rel}","templated":true}]}}