{"id":8241,"date":"2025-02-06T09:13:03","date_gmt":"2025-02-06T09:13:03","guid":{"rendered":"https:\/\/www.liceulprometeuprotalent.md\/?p=8241"},"modified":"2025-02-06T09:13:03","modified_gmt":"2025-02-06T09:13:03","slug":"cititul-impreuna-ne-face-mai-buni","status":"publish","type":"post","link":"https:\/\/www.liceulprometeuprotalent.md\/?p=8241","title":{"rendered":"\u201eCititul \u00eempreun\u0103 ne face mai buni\u201d"},"content":{"rendered":"<p>De Ziua Interna\u021bional\u0103 a Cititului \u00cempreun\u0103 cu voce tare, eveniment global la care particip\u0103 milioane de oameni \u00een fiecare an, elevii claselor a XII-a ale Liceului de Creativitate \u0219i Inventic\u0103 \u201ePrometeu-Protalent\u201d au mers la picii din clasele \u00eent\u00e2i ca s\u0103 le citeasc\u0103 cu voce tare pasaje din c\u0103r\u021bile \u00eendr\u0103gite.<\/p>\n<p>Spre exemplu:<\/p>\n<p><strong>Evelina \u021augulea<\/strong> din clasa a XII-a \u201eB\u201d a citit elevilor din clasa I \u201eC\u201d (\u00eenv\u0103\u021b\u0103toare doamna Aurica Groza) un fragment din \u201eOdiseea lui Ollie\u201d de William Joyce; <strong>Nicole Belocosov<\/strong> din clasa a XII-a \u201eB\u201d a citit elevilor din clasa I \u201eA\u201d (\u00eenv\u0103\u021b\u0103toare doamna <strong>Brunchi Cristina<\/strong>) un fragment din \u201eP\u0103durea Fermecat\u0103\u201d de Guid Blyton;<\/p>\n<p><strong>Anastasia Ga\u021bcan<\/strong> din clasa a XII-a \u201eB\u201d a citit elevilor din clasa I \u201eB\u201d (\u00eenv\u0103\u021b\u0103toare doamna <strong>Lilia \u021a\u0103ranu<\/strong>) un fragment din \u201eLumea din copacul dep\u0103rt\u0103rilor\u201d de Guid Blyton;<\/p>\n<p><strong>\u00a0\u00a0\u00a0\u00a0\u00a0\u00a0\u00a0\u00a0 Vlada Gheorghi\u021b\u0103<\/strong> din clasa a XII-a \u201eA\u201d a citit elevilor din clasa I \u201eD\u201d (\u00eenv\u0103\u021b\u0103toare doamna <strong>Maria Banari<\/strong>) un fragment din \u201eMagia copacului dep\u0103rt\u0103rilor\u201d de Guid Blyton;<\/p>\n<p><strong>\u00a0\u00a0\u00a0\u00a0\u00a0\u00a0\u00a0\u00a0 Anastasia Cristiuc<\/strong> din clasa a XII-a \u201eA\u201d a citit elevilor din clasa I \u201eE\u201d (\u00eenv\u0103\u021b\u0103toare doamna <strong>Tatiana B\u00eelici<\/strong>) un fragment din \u201eMatilda\u201d de Roald Dahl.<\/p>\n<p>Elevele din clasele a XII-a, care au f\u0103cut acest frumos \u0219i util gest de prietenie, au fost \u00eendrumate de doamnele <strong>Nelea Croitoru<\/strong> \u0219i <strong>Angela Miron<\/strong>, profesoare de limba \u0219i literatura rom\u00e2n\u0103.<\/p>\n<p>Felicit\u0103ri, tuturor celor implica\u021bi! \u201eCititul \u00eempreun\u0103 ne face mai buni\u201d, gl\u0103suie\u0219te o zical\u0103 celebr\u0103 \u0219i este impetuos necesar s\u0103 \u00eembr\u0103\u021bi\u0219\u0103m acest sfat.<\/p>\n<p style=\"text-align: center;\"><img decoding=\"async\" class=\"alignnone wp-image-8251 size-fusion-400\" src=\"https:\/\/www.liceulprometeuprotalent.md\/wp-content\/uploads\/2025\/02\/viber_image_2025-02-06_09-45-13-093-400x185.jpg\" alt=\"\" width=\"400\" height=\"185\" srcset=\"https:\/\/www.liceulprometeuprotalent.md\/wp-content\/uploads\/2025\/02\/viber_image_2025-02-06_09-45-13-093-200x92.jpg 200w, https:\/\/www.liceulprometeuprotalent.md\/wp-content\/uploads\/2025\/02\/viber_image_2025-02-06_09-45-13-093-300x139.jpg 300w, https:\/\/www.liceulprometeuprotalent.md\/wp-content\/uploads\/2025\/02\/viber_image_2025-02-06_09-45-13-093-400x185.jpg 400w, https:\/\/www.liceulprometeuprotalent.md\/wp-content\/uploads\/2025\/02\/viber_image_2025-02-06_09-45-13-093-600x277.jpg 600w, https:\/\/www.liceulprometeuprotalent.md\/wp-content\/uploads\/2025\/02\/viber_image_2025-02-06_09-45-13-093-768x355.jpg 768w, https:\/\/www.liceulprometeuprotalent.md\/wp-content\/uploads\/2025\/02\/viber_image_2025-02-06_09-45-13-093-800x370.jpg 800w, https:\/\/www.liceulprometeuprotalent.md\/wp-content\/uploads\/2025\/02\/viber_image_2025-02-06_09-45-13-093-1024x473.jpg 1024w, https:\/\/www.liceulprometeuprotalent.md\/wp-content\/uploads\/2025\/02\/viber_image_2025-02-06_09-45-13-093-1200x554.jpg 1200w, https:\/\/www.liceulprometeuprotalent.md\/wp-content\/uploads\/2025\/02\/viber_image_2025-02-06_09-45-13-093-1536x709.jpg 1536w, https:\/\/www.liceulprometeuprotalent.md\/wp-content\/uploads\/2025\/02\/viber_image_2025-02-06_09-45-13-093.jpg 1600w\" sizes=\"(max-width: 400px) 100vw, 400px\" \/> \u00a0<img decoding=\"async\" class=\"alignnone wp-image-8250 size-fusion-400\" src=\"https:\/\/www.liceulprometeuprotalent.md\/wp-content\/uploads\/2025\/02\/viber_image_2025-02-06_09-44-59-524-400x185.jpg\" alt=\"\" width=\"400\" height=\"185\" srcset=\"https:\/\/www.liceulprometeuprotalent.md\/wp-content\/uploads\/2025\/02\/viber_image_2025-02-06_09-44-59-524-200x92.jpg 200w, https:\/\/www.liceulprometeuprotalent.md\/wp-content\/uploads\/2025\/02\/viber_image_2025-02-06_09-44-59-524-300x139.jpg 300w, https:\/\/www.liceulprometeuprotalent.md\/wp-content\/uploads\/2025\/02\/viber_image_2025-02-06_09-44-59-524-400x185.jpg 400w, https:\/\/www.liceulprometeuprotalent.md\/wp-content\/uploads\/2025\/02\/viber_image_2025-02-06_09-44-59-524-600x277.jpg 600w, https:\/\/www.liceulprometeuprotalent.md\/wp-content\/uploads\/2025\/02\/viber_image_2025-02-06_09-44-59-524-768x355.jpg 768w, https:\/\/www.liceulprometeuprotalent.md\/wp-content\/uploads\/2025\/02\/viber_image_2025-02-06_09-44-59-524-800x370.jpg 800w, https:\/\/www.liceulprometeuprotalent.md\/wp-content\/uploads\/2025\/02\/viber_image_2025-02-06_09-44-59-524-1024x473.jpg 1024w, https:\/\/www.liceulprometeuprotalent.md\/wp-content\/uploads\/2025\/02\/viber_image_2025-02-06_09-44-59-524-1200x554.jpg 1200w, https:\/\/www.liceulprometeuprotalent.md\/wp-content\/uploads\/2025\/02\/viber_image_2025-02-06_09-44-59-524-1536x709.jpg 1536w, https:\/\/www.liceulprometeuprotalent.md\/wp-content\/uploads\/2025\/02\/viber_image_2025-02-06_09-44-59-524.jpg 1600w\" sizes=\"(max-width: 400px) 100vw, 400px\" \/><\/p>\n<p style=\"text-align: center;\">\u00a0 <img decoding=\"async\" class=\"alignnone wp-image-8248 size-fusion-400\" src=\"https:\/\/www.liceulprometeuprotalent.md\/wp-content\/uploads\/2025\/02\/viber_image_2025-02-05_20-22-49-301-400x300.jpg\" alt=\"\" width=\"400\" height=\"300\" srcset=\"https:\/\/www.liceulprometeuprotalent.md\/wp-content\/uploads\/2025\/02\/viber_image_2025-02-05_20-22-49-301-200x150.jpg 200w, https:\/\/www.liceulprometeuprotalent.md\/wp-content\/uploads\/2025\/02\/viber_image_2025-02-05_20-22-49-301-300x225.jpg 300w, https:\/\/www.liceulprometeuprotalent.md\/wp-content\/uploads\/2025\/02\/viber_image_2025-02-05_20-22-49-301-400x300.jpg 400w, https:\/\/www.liceulprometeuprotalent.md\/wp-content\/uploads\/2025\/02\/viber_image_2025-02-05_20-22-49-301-600x450.jpg 600w, https:\/\/www.liceulprometeuprotalent.md\/wp-content\/uploads\/2025\/02\/viber_image_2025-02-05_20-22-49-301-768x576.jpg 768w, https:\/\/www.liceulprometeuprotalent.md\/wp-content\/uploads\/2025\/02\/viber_image_2025-02-05_20-22-49-301-800x600.jpg 800w, https:\/\/www.liceulprometeuprotalent.md\/wp-content\/uploads\/2025\/02\/viber_image_2025-02-05_20-22-49-301-1024x768.jpg 1024w, https:\/\/www.liceulprometeuprotalent.md\/wp-content\/uploads\/2025\/02\/viber_image_2025-02-05_20-22-49-301-1200x900.jpg 1200w, https:\/\/www.liceulprometeuprotalent.md\/wp-content\/uploads\/2025\/02\/viber_image_2025-02-05_20-22-49-301-1536x1152.jpg 1536w, https:\/\/www.liceulprometeuprotalent.md\/wp-content\/uploads\/2025\/02\/viber_image_2025-02-05_20-22-49-301.jpg 1600w\" sizes=\"(max-width: 400px) 100vw, 400px\" \/>\u00a0 <img decoding=\"async\" class=\"alignnone wp-image-8246 size-fusion-400\" src=\"https:\/\/www.liceulprometeuprotalent.md\/wp-content\/uploads\/2025\/02\/viber_image_2025-02-05_20-21-53-930-400x300.jpg\" alt=\"\" width=\"400\" height=\"300\" srcset=\"https:\/\/www.liceulprometeuprotalent.md\/wp-content\/uploads\/2025\/02\/viber_image_2025-02-05_20-21-53-930-200x150.jpg 200w, https:\/\/www.liceulprometeuprotalent.md\/wp-content\/uploads\/2025\/02\/viber_image_2025-02-05_20-21-53-930-300x225.jpg 300w, https:\/\/www.liceulprometeuprotalent.md\/wp-content\/uploads\/2025\/02\/viber_image_2025-02-05_20-21-53-930-400x300.jpg 400w, https:\/\/www.liceulprometeuprotalent.md\/wp-content\/uploads\/2025\/02\/viber_image_2025-02-05_20-21-53-930-600x450.jpg 600w, https:\/\/www.liceulprometeuprotalent.md\/wp-content\/uploads\/2025\/02\/viber_image_2025-02-05_20-21-53-930-768x576.jpg 768w, https:\/\/www.liceulprometeuprotalent.md\/wp-content\/uploads\/2025\/02\/viber_image_2025-02-05_20-21-53-930-800x600.jpg 800w, https:\/\/www.liceulprometeuprotalent.md\/wp-content\/uploads\/2025\/02\/viber_image_2025-02-05_20-21-53-930-1024x768.jpg 1024w, https:\/\/www.liceulprometeuprotalent.md\/wp-content\/uploads\/2025\/02\/viber_image_2025-02-05_20-21-53-930-1200x900.jpg 1200w, https:\/\/www.liceulprometeuprotalent.md\/wp-content\/uploads\/2025\/02\/viber_image_2025-02-05_20-21-53-930-1536x1152.jpg 1536w, https:\/\/www.liceulprometeuprotalent.md\/wp-content\/uploads\/2025\/02\/viber_image_2025-02-05_20-21-53-930.jpg 1600w\" sizes=\"(max-width: 400px) 100vw, 400px\" \/><\/p>\n<p style=\"text-align: center;\">\u00a0\u00a0<img decoding=\"async\" class=\"alignnone wp-image-8243 size-fusion-400\" src=\"https:\/\/www.liceulprometeuprotalent.md\/wp-content\/uploads\/2025\/02\/viber_image_2025-02-05_20-18-16-891-400x300.jpg\" alt=\"\" width=\"400\" height=\"300\" srcset=\"https:\/\/www.liceulprometeuprotalent.md\/wp-content\/uploads\/2025\/02\/viber_image_2025-02-05_20-18-16-891-200x150.jpg 200w, https:\/\/www.liceulprometeuprotalent.md\/wp-content\/uploads\/2025\/02\/viber_image_2025-02-05_20-18-16-891-300x225.jpg 300w, https:\/\/www.liceulprometeuprotalent.md\/wp-content\/uploads\/2025\/02\/viber_image_2025-02-05_20-18-16-891-400x300.jpg 400w, https:\/\/www.liceulprometeuprotalent.md\/wp-content\/uploads\/2025\/02\/viber_image_2025-02-05_20-18-16-891-600x450.jpg 600w, https:\/\/www.liceulprometeuprotalent.md\/wp-content\/uploads\/2025\/02\/viber_image_2025-02-05_20-18-16-891-768x576.jpg 768w, https:\/\/www.liceulprometeuprotalent.md\/wp-content\/uploads\/2025\/02\/viber_image_2025-02-05_20-18-16-891-800x600.jpg 800w, https:\/\/www.liceulprometeuprotalent.md\/wp-content\/uploads\/2025\/02\/viber_image_2025-02-05_20-18-16-891-1024x768.jpg 1024w, https:\/\/www.liceulprometeuprotalent.md\/wp-content\/uploads\/2025\/02\/viber_image_2025-02-05_20-18-16-891-1200x900.jpg 1200w, https:\/\/www.liceulprometeuprotalent.md\/wp-content\/uploads\/2025\/02\/viber_image_2025-02-05_20-18-16-891-1536x1152.jpg 1536w, https:\/\/www.liceulprometeuprotalent.md\/wp-content\/uploads\/2025\/02\/viber_image_2025-02-05_20-18-16-891.jpg 1600w\" sizes=\"(max-width: 400px) 100vw, 400px\" \/> \u00a0<img decoding=\"async\" class=\"alignnone wp-image-8249 size-fusion-400\" src=\"https:\/\/www.liceulprometeuprotalent.md\/wp-content\/uploads\/2025\/02\/viber_image_2025-02-05_20-23-23-737-400x300.jpg\" alt=\"\" width=\"400\" height=\"300\" srcset=\"https:\/\/www.liceulprometeuprotalent.md\/wp-content\/uploads\/2025\/02\/viber_image_2025-02-05_20-23-23-737-200x150.jpg 200w, https:\/\/www.liceulprometeuprotalent.md\/wp-content\/uploads\/2025\/02\/viber_image_2025-02-05_20-23-23-737-300x225.jpg 300w, https:\/\/www.liceulprometeuprotalent.md\/wp-content\/uploads\/2025\/02\/viber_image_2025-02-05_20-23-23-737-400x300.jpg 400w, https:\/\/www.liceulprometeuprotalent.md\/wp-content\/uploads\/2025\/02\/viber_image_2025-02-05_20-23-23-737-600x450.jpg 600w, https:\/\/www.liceulprometeuprotalent.md\/wp-content\/uploads\/2025\/02\/viber_image_2025-02-05_20-23-23-737-768x576.jpg 768w, https:\/\/www.liceulprometeuprotalent.md\/wp-content\/uploads\/2025\/02\/viber_image_2025-02-05_20-23-23-737-800x600.jpg 800w, https:\/\/www.liceulprometeuprotalent.md\/wp-content\/uploads\/2025\/02\/viber_image_2025-02-05_20-23-23-737-1024x768.jpg 1024w, https:\/\/www.liceulprometeuprotalent.md\/wp-content\/uploads\/2025\/02\/viber_image_2025-02-05_20-23-23-737-1200x900.jpg 1200w, https:\/\/www.liceulprometeuprotalent.md\/wp-content\/uploads\/2025\/02\/viber_image_2025-02-05_20-23-23-737-1536x1152.jpg 1536w, https:\/\/www.liceulprometeuprotalent.md\/wp-content\/uploads\/2025\/02\/viber_image_2025-02-05_20-23-23-737.jpg 1600w\" sizes=\"(max-width: 400px) 100vw, 400px\" \/><\/p>\n<p style=\"text-align: center;\"><img decoding=\"async\" class=\"alignnone wp-image-8245 size-fusion-400\" src=\"https:\/\/www.liceulprometeuprotalent.md\/wp-content\/uploads\/2025\/02\/viber_image_2025-02-05_20-21-40-938-400x247.jpg\" alt=\"\" width=\"400\" height=\"247\" srcset=\"https:\/\/www.liceulprometeuprotalent.md\/wp-content\/uploads\/2025\/02\/viber_image_2025-02-05_20-21-40-938-200x124.jpg 200w, https:\/\/www.liceulprometeuprotalent.md\/wp-content\/uploads\/2025\/02\/viber_image_2025-02-05_20-21-40-938-300x185.jpg 300w, https:\/\/www.liceulprometeuprotalent.md\/wp-content\/uploads\/2025\/02\/viber_image_2025-02-05_20-21-40-938-400x247.jpg 400w, https:\/\/www.liceulprometeuprotalent.md\/wp-content\/uploads\/2025\/02\/viber_image_2025-02-05_20-21-40-938-600x371.jpg 600w, https:\/\/www.liceulprometeuprotalent.md\/wp-content\/uploads\/2025\/02\/viber_image_2025-02-05_20-21-40-938-768x474.jpg 768w, https:\/\/www.liceulprometeuprotalent.md\/wp-content\/uploads\/2025\/02\/viber_image_2025-02-05_20-21-40-938-800x494.jpg 800w, https:\/\/www.liceulprometeuprotalent.md\/wp-content\/uploads\/2025\/02\/viber_image_2025-02-05_20-21-40-938-1024x632.jpg 1024w, https:\/\/www.liceulprometeuprotalent.md\/wp-content\/uploads\/2025\/02\/viber_image_2025-02-05_20-21-40-938-1200x741.jpg 1200w, https:\/\/www.liceulprometeuprotalent.md\/wp-content\/uploads\/2025\/02\/viber_image_2025-02-05_20-21-40-938-1536x948.jpg 1536w, https:\/\/www.liceulprometeuprotalent.md\/wp-content\/uploads\/2025\/02\/viber_image_2025-02-05_20-21-40-938.jpg 1600w\" sizes=\"(max-width: 400px) 100vw, 400px\" \/> \u00a0<img decoding=\"async\" class=\"alignnone wp-image-8244 size-fusion-400\" src=\"https:\/\/www.liceulprometeuprotalent.md\/wp-content\/uploads\/2025\/02\/viber_image_2025-02-05_20-18-46-435-400x279.jpg\" alt=\"\" width=\"400\" height=\"279\" srcset=\"https:\/\/www.liceulprometeuprotalent.md\/wp-content\/uploads\/2025\/02\/viber_image_2025-02-05_20-18-46-435-200x139.jpg 200w, https:\/\/www.liceulprometeuprotalent.md\/wp-content\/uploads\/2025\/02\/viber_image_2025-02-05_20-18-46-435-300x209.jpg 300w, https:\/\/www.liceulprometeuprotalent.md\/wp-content\/uploads\/2025\/02\/viber_image_2025-02-05_20-18-46-435-400x279.jpg 400w, https:\/\/www.liceulprometeuprotalent.md\/wp-content\/uploads\/2025\/02\/viber_image_2025-02-05_20-18-46-435-600x418.jpg 600w, https:\/\/www.liceulprometeuprotalent.md\/wp-content\/uploads\/2025\/02\/viber_image_2025-02-05_20-18-46-435-768x535.jpg 768w, https:\/\/www.liceulprometeuprotalent.md\/wp-content\/uploads\/2025\/02\/viber_image_2025-02-05_20-18-46-435-800x558.jpg 800w, https:\/\/www.liceulprometeuprotalent.md\/wp-content\/uploads\/2025\/02\/viber_image_2025-02-05_20-18-46-435-1024x714.jpg 1024w, https:\/\/www.liceulprometeuprotalent.md\/wp-content\/uploads\/2025\/02\/viber_image_2025-02-05_20-18-46-435-1200x836.jpg 1200w, https:\/\/www.liceulprometeuprotalent.md\/wp-content\/uploads\/2025\/02\/viber_image_2025-02-05_20-18-46-435-1536x1070.jpg 1536w, https:\/\/www.liceulprometeuprotalent.md\/wp-content\/uploads\/2025\/02\/viber_image_2025-02-05_20-18-46-435.jpg 1600w\" sizes=\"(max-width: 400px) 100vw, 400px\" \/><\/p>\n<p>&nbsp;<\/p>\n","protected":false},"excerpt":{"rendered":"<p>De Ziua Interna\u021bional\u0103 a Cititului \u00cempreun\u0103 cu voce tare, eveniment global la care particip\u0103 milioane de oameni \u00een fiecare an, elevii claselor a XII-a ale Liceului de Creativitate \u0219i Inventic\u0103 \u201ePrometeu-Protalent\u201d au mers la picii din clasele \u00eent\u00e2i ca s\u0103 le citeasc\u0103 cu voce tare pasaje din c\u0103r\u021bile \u00eendr\u0103gite. Spre exemplu: Evelina \u021augulea din clasa [&hellip;]<\/p>\n","protected":false},"author":1,"featured_media":8245,"comment_status":"open","ping_status":"open","sticky":false,"template":"","format":"standard","meta":{"_price":"","_stock":"","_tribe_ticket_header":"","_tribe_default_ticket_provider":"","_tribe_ticket_capacity":"0","_ticket_start_date":"","_ticket_end_date":"","_tribe_ticket_show_description":"","_tribe_ticket_show_not_going":false,"_tribe_ticket_use_global_stock":"","_tribe_ticket_global_stock_level":"","_global_stock_mode":"","_global_stock_cap":"","_tribe_rsvp_for_event":"","_tribe_ticket_going_count":"","_tribe_ticket_not_going_count":"","_tribe_tickets_list":"[]","_tribe_ticket_has_attendee_info_fields":false,"footnotes":""},"categories":[89,80,1],"tags":[],"class_list":["post-8241","post","type-post","status-publish","format-standard","has-post-thumbnail","hentry","category-blog","category-toate-categoriile","category-uncategorized"],"_links":{"self":[{"href":"https:\/\/www.liceulprometeuprotalent.md\/index.php?rest_route=\/wp\/v2\/posts\/8241","targetHints":{"allow":["GET"]}}],"collection":[{"href":"https:\/\/www.liceulprometeuprotalent.md\/index.php?rest_route=\/wp\/v2\/posts"}],"about":[{"href":"https:\/\/www.liceulprometeuprotalent.md\/index.php?rest_route=\/wp\/v2\/types\/post"}],"author":[{"embeddable":true,"href":"https:\/\/www.liceulprometeuprotalent.md\/index.php?rest_route=\/wp\/v2\/users\/1"}],"replies":[{"embeddable":true,"href":"https:\/\/www.liceulprometeuprotalent.md\/index.php?rest_route=%2Fwp%2Fv2%2Fcomments&post=8241"}],"version-history":[{"count":2,"href":"https:\/\/www.liceulprometeuprotalent.md\/index.php?rest_route=\/wp\/v2\/posts\/8241\/revisions"}],"predecessor-version":[{"id":8253,"href":"https:\/\/www.liceulprometeuprotalent.md\/index.php?rest_route=\/wp\/v2\/posts\/8241\/revisions\/8253"}],"wp:featuredmedia":[{"embeddable":true,"href":"https:\/\/www.liceulprometeuprotalent.md\/index.php?rest_route=\/wp\/v2\/media\/8245"}],"wp:attachment":[{"href":"https:\/\/www.liceulprometeuprotalent.md\/index.php?rest_route=%2Fwp%2Fv2%2Fmedia&parent=8241"}],"wp:term":[{"taxonomy":"category","embeddable":true,"href":"https:\/\/www.liceulprometeuprotalent.md\/index.php?rest_route=%2Fwp%2Fv2%2Fcategories&post=8241"},{"taxonomy":"post_tag","embeddable":true,"href":"https:\/\/www.liceulprometeuprotalent.md\/index.php?rest_route=%2Fwp%2Fv2%2Ftags&post=8241"}],"curies":[{"name":"wp","href":"https:\/\/api.w.org\/{rel}","templated":true}]}}