{"id":8255,"date":"2025-02-06T13:14:37","date_gmt":"2025-02-06T13:14:37","guid":{"rendered":"https:\/\/www.liceulprometeuprotalent.md\/?p=8255"},"modified":"2025-02-06T13:14:37","modified_gmt":"2025-02-06T13:14:37","slug":"despre-sublima-creatie-eminesciana-cu-voce-tare","status":"publish","type":"post","link":"https:\/\/www.liceulprometeuprotalent.md\/?p=8255","title":{"rendered":"Despre sublima crea\u021bie eminescian\u0103 cu voce tare"},"content":{"rendered":"<p>\u201eLumea basmelor \u00een crea\u021bia lui Mihai Eminescu\u201d a fost tema discursurilor publice, sus\u021binute de 7 eleve ale Liceului de Creativitate \u0219i Inventic\u0103 \u201ePrometeu-Protalent\u201d pe data de 5 februarie 2025. Discursurile, elaborate impecabil, s-au \u00eenscris printre activit\u0103\u021bile dedicate Zilei Interna\u021bionale a Cititului \u00cempreun\u0103 (cu voce tare), s\u0103rb\u0103torit\u0103 la nivel global de milioane de oameni.<\/p>\n<p>Concursul, ajuns la a XIII-a edi\u021bie, a fost ini\u021biat de <strong>doamna Angela Lungu,<\/strong> profesoar\u0103 de limba \u0219i literatura rom\u00e2n\u0103, grad didactic superior, director adjunct educa\u021bie, treapta gimnazial\u0103 \u0219i liceal\u0103, din necesitatea de a cunoa\u0219te \u00een profunzime \u0219i multilateral opera poetului na\u021bional.<\/p>\n<p>La edi\u021bia actual\u0103, \u00een aten\u021bia protagonistelor a fost lumea basmelor \u00een crea\u021bia lui Mihai Eminescu, care le-a impresionat \u0219i le-a ajutat s-o valorifice excelent, \u00eenc\u00e2t onoratul juriu, din componen\u021ba c\u0103ruia au f\u0103cut parte <strong>domnul Aurelian Silvestru<\/strong>, scriitor, director-fondator al institu\u021biei, <strong>doamna Angela Lungu,<\/strong> profesoar\u0103 de limba \u0219i literatura rom\u00e2n\u0103, doamna <strong>Natalia Ada\u0219an,<\/strong> profesoar\u0103 de limba \u0219i literatura rom\u00e2n\u0103 \u0219i doamna <strong>Cristina Brunchi<\/strong>, \u00eenv\u0103\u021b\u0103toare, director adjunct educa\u021bie, treapta primar\u0103, a fost pus \u00een mare dificultate s\u0103 le eviden\u021bieze pe cele mai bune, care au corespuns totalmente celor \u0219apte criterii de apreciere. Dup\u0103 lungi deliber\u0103ri, discursurile publice au fost evaluate respectiv:<\/p>\n<p><strong>Locul I \u2013 Bianca Onic\u0103,<\/strong> clasa a X-a \u201eB\u201d, <strong>mentor doamna Tatiana Melnic,<\/strong> profesoar\u0103 de limba \u0219i literatura rom\u00e2n\u0103, grad didactic superior, \u0219efa Comisiei metodice de \u0218tiin\u021be Socioumaniste;<\/p>\n<p><strong>Locul II \u2013 Mirela Braga,<\/strong> clasa a X-a \u201eB\u201d,<strong> mentor doamna Tatiana Melnic,<\/strong> profesoar\u0103 de limba \u0219i literatura rom\u00e2n\u0103, grad didactic superior, \u0219efa Comisiei metodice de \u0218tiin\u021be Socioumaniste;<\/p>\n<p><strong>Locul II \u2013 Nicole Belocosov<\/strong>, clasa a XII-a \u201eB\u201d, <strong>mentor doamna Nelea Croitoru<\/strong>, profesoar\u0103 de limba \u0219i literatura rom\u00e2n\u0103, grad didactic superior;<\/p>\n<p><strong>Locul II \u2013 Raluca-Cristiana Cazacu<\/strong>, clasa a IX-a \u201eB\u201d, <strong>mentor doamna Dina Danilov<\/strong>, profesoar\u0103 de limba \u0219i literatura rom\u00e2n\u0103, grad didactic unu;<\/p>\n<p><strong>Locul III \u2013 Codrina-Evelina Codreanu<\/strong>, clasa a XI-a \u201eA\u201d, <strong>mentor doamna Tatiana Melnic,<\/strong> profesoar\u0103 de limba \u0219i literatura rom\u00e2n\u0103, grad didactic superior, \u0219efa Comisiei metodice de \u0218tiin\u021be Socioumaniste;<\/p>\n<p><strong>Locul III \u2013 Alexandra \u0218eptefra\u021b,<\/strong> clasa a IX-a \u201eA\u201d,<strong> mentor doamna Dina Danilov<\/strong>, profesoar\u0103 de limba \u0219i literatura rom\u00e2n\u0103, grad didactic unu;<\/p>\n<p><strong>Locul III \u2013 Diana \u021aanga,<\/strong> clasa a IX-a \u201eC\u201d, <strong>mentor doamna Nelea Croitoru<\/strong>, profesoar\u0103 de limba \u0219i literatura rom\u00e2n\u0103, grad didactic superior.<\/p>\n<p>Men\u021bion\u0103m, c\u0103 recitalul de poezie eminescian\u0103, rostit deosebit de inspirat la deschiderea Concursului de membrii Cercului de dic\u021bie \u0219i art\u0103, condus de doamna <strong>Diana Decusear\u0103-Onic\u0103<\/strong>, <strong>Artist\u0103 a Poporului,<\/strong> a creat o atmosfer\u0103 adecvat\u0103 basmului eminescian, iar <strong>ansamblul \u201ePrometeu\u201d,<\/strong> condus de <strong>domnul Veaceslav Adam<\/strong>, profesor de educa\u021bie muzical\u0103, a \u00eenc\u00e2ntat publicul cu c\u00e2teva piese pe versurile fascinante ale poetului nepereche. Cirea\u0219a de pe tort a evenimentului a fost minunata melodie \u201eDe-a\u0219 avea&#8230;\u201d (versuri Mihai Eminescu, muzic\u0103 Anatol Chiriac), interpretat\u0103 cu m\u0103iestrie de <strong>Gabriel Rodideal<\/strong> din clasa a IX-a \u201eA\u201d.<\/p>\n<p>Au ad\u0103ugat culoare \u0219i viziune inedit\u0103 asupra crea\u021biei eminesciene \u0219i tablourile elevilor <strong>Cornelia Trofim,\u00a0 Ilinca Donici, Melissa Pricop, Iana Onic\u0103<\/strong> din clasa a VII-a \u201eC\u201d, <strong>Alexandrina Rapcea, Bianca Costin, Amelia Maximov<\/strong> din clasa a VIII-a \u201eC\u201d, <strong>Daria Pitu\u0219can<\/strong> din clasa a XI-a \u201eA\u201d, <strong>Jasmin Ve\u0219ca<\/strong> din clasa a IX-a \u201eB\u201d, inclusiv ale elevilor din clasele primare, realizate sub egida <strong>domnului Romeo Schi\u021bco<\/strong>, profesor de educa\u021bie plastic\u0103, care au fost expuse \u00een cadrul evenimentului.<\/p>\n<p>Felicit\u0103ri, dragi elevi! Talentul, pasiunea, perseveren\u021ba \u0219i perspicacitatea voastr\u0103 ne bucur\u0103 foarte mult!<\/p>\n<p>Felicit\u0103ri, stimate cadre didactice! Primi\u021bi reveren\u021bele noastre pentru ceea ce sunte\u021bi \u2013 dasc\u0103li de voca\u021bie!<\/p>\n<p>&nbsp;<\/p>\n<p style=\"text-align: center;\"><img decoding=\"async\" class=\"alignnone wp-image-8256 size-fusion-400\" src=\"https:\/\/www.liceulprometeuprotalent.md\/wp-content\/uploads\/2025\/02\/IMG20250205132639-400x301.jpg\" alt=\"\" width=\"400\" height=\"301\" srcset=\"https:\/\/www.liceulprometeuprotalent.md\/wp-content\/uploads\/2025\/02\/IMG20250205132639-200x151.jpg 200w, https:\/\/www.liceulprometeuprotalent.md\/wp-content\/uploads\/2025\/02\/IMG20250205132639-300x226.jpg 300w, https:\/\/www.liceulprometeuprotalent.md\/wp-content\/uploads\/2025\/02\/IMG20250205132639-400x301.jpg 400w, https:\/\/www.liceulprometeuprotalent.md\/wp-content\/uploads\/2025\/02\/IMG20250205132639-600x452.jpg 600w, https:\/\/www.liceulprometeuprotalent.md\/wp-content\/uploads\/2025\/02\/IMG20250205132639-768x578.jpg 768w, https:\/\/www.liceulprometeuprotalent.md\/wp-content\/uploads\/2025\/02\/IMG20250205132639-800x602.jpg 800w, https:\/\/www.liceulprometeuprotalent.md\/wp-content\/uploads\/2025\/02\/IMG20250205132639-1024x771.jpg 1024w, https:\/\/www.liceulprometeuprotalent.md\/wp-content\/uploads\/2025\/02\/IMG20250205132639-1200x904.jpg 1200w, https:\/\/www.liceulprometeuprotalent.md\/wp-content\/uploads\/2025\/02\/IMG20250205132639-1536x1157.jpg 1536w\" sizes=\"(max-width: 400px) 100vw, 400px\" \/> <img decoding=\"async\" class=\"alignnone wp-image-8257 size-fusion-400\" src=\"https:\/\/www.liceulprometeuprotalent.md\/wp-content\/uploads\/2025\/02\/IMG20250205132601-400x301.jpg\" alt=\"\" width=\"400\" height=\"301\" srcset=\"https:\/\/www.liceulprometeuprotalent.md\/wp-content\/uploads\/2025\/02\/IMG20250205132601-200x151.jpg 200w, https:\/\/www.liceulprometeuprotalent.md\/wp-content\/uploads\/2025\/02\/IMG20250205132601-300x226.jpg 300w, https:\/\/www.liceulprometeuprotalent.md\/wp-content\/uploads\/2025\/02\/IMG20250205132601-400x301.jpg 400w, https:\/\/www.liceulprometeuprotalent.md\/wp-content\/uploads\/2025\/02\/IMG20250205132601-600x452.jpg 600w, https:\/\/www.liceulprometeuprotalent.md\/wp-content\/uploads\/2025\/02\/IMG20250205132601-768x578.jpg 768w, https:\/\/www.liceulprometeuprotalent.md\/wp-content\/uploads\/2025\/02\/IMG20250205132601-800x602.jpg 800w, https:\/\/www.liceulprometeuprotalent.md\/wp-content\/uploads\/2025\/02\/IMG20250205132601-1024x771.jpg 1024w, https:\/\/www.liceulprometeuprotalent.md\/wp-content\/uploads\/2025\/02\/IMG20250205132601-1200x904.jpg 1200w, https:\/\/www.liceulprometeuprotalent.md\/wp-content\/uploads\/2025\/02\/IMG20250205132601-1536x1157.jpg 1536w\" sizes=\"(max-width: 400px) 100vw, 400px\" \/> <img decoding=\"async\" class=\"alignnone wp-image-8258 size-fusion-400\" src=\"https:\/\/www.liceulprometeuprotalent.md\/wp-content\/uploads\/2025\/02\/IMG20250205130629-400x301.jpg\" alt=\"\" width=\"400\" height=\"301\" srcset=\"https:\/\/www.liceulprometeuprotalent.md\/wp-content\/uploads\/2025\/02\/IMG20250205130629-200x151.jpg 200w, https:\/\/www.liceulprometeuprotalent.md\/wp-content\/uploads\/2025\/02\/IMG20250205130629-300x226.jpg 300w, https:\/\/www.liceulprometeuprotalent.md\/wp-content\/uploads\/2025\/02\/IMG20250205130629-400x301.jpg 400w, https:\/\/www.liceulprometeuprotalent.md\/wp-content\/uploads\/2025\/02\/IMG20250205130629-600x452.jpg 600w, https:\/\/www.liceulprometeuprotalent.md\/wp-content\/uploads\/2025\/02\/IMG20250205130629-768x578.jpg 768w, https:\/\/www.liceulprometeuprotalent.md\/wp-content\/uploads\/2025\/02\/IMG20250205130629-800x602.jpg 800w, https:\/\/www.liceulprometeuprotalent.md\/wp-content\/uploads\/2025\/02\/IMG20250205130629-1024x771.jpg 1024w, https:\/\/www.liceulprometeuprotalent.md\/wp-content\/uploads\/2025\/02\/IMG20250205130629-1200x904.jpg 1200w, https:\/\/www.liceulprometeuprotalent.md\/wp-content\/uploads\/2025\/02\/IMG20250205130629-1536x1157.jpg 1536w\" sizes=\"(max-width: 400px) 100vw, 400px\" \/><\/p>\n","protected":false},"excerpt":{"rendered":"<p>\u201eLumea basmelor \u00een crea\u021bia lui Mihai Eminescu\u201d a fost tema discursurilor publice, sus\u021binute de 7 eleve ale Liceului de Creativitate \u0219i Inventic\u0103 \u201ePrometeu-Protalent\u201d pe data de 5 februarie 2025. Discursurile, elaborate impecabil, s-au \u00eenscris printre activit\u0103\u021bile dedicate Zilei Interna\u021bionale a Cititului \u00cempreun\u0103 (cu voce tare), s\u0103rb\u0103torit\u0103 la nivel global de milioane de oameni. Concursul, ajuns [&hellip;]<\/p>\n","protected":false},"author":1,"featured_media":8258,"comment_status":"open","ping_status":"open","sticky":false,"template":"","format":"standard","meta":{"_price":"","_stock":"","_tribe_ticket_header":"","_tribe_default_ticket_provider":"","_tribe_ticket_capacity":"0","_ticket_start_date":"","_ticket_end_date":"","_tribe_ticket_show_description":"","_tribe_ticket_show_not_going":false,"_tribe_ticket_use_global_stock":"","_tribe_ticket_global_stock_level":"","_global_stock_mode":"","_global_stock_cap":"","_tribe_rsvp_for_event":"","_tribe_ticket_going_count":"","_tribe_ticket_not_going_count":"","_tribe_tickets_list":"[]","_tribe_ticket_has_attendee_info_fields":false,"footnotes":""},"categories":[89,80,1],"tags":[],"class_list":["post-8255","post","type-post","status-publish","format-standard","has-post-thumbnail","hentry","category-blog","category-toate-categoriile","category-uncategorized"],"_links":{"self":[{"href":"https:\/\/www.liceulprometeuprotalent.md\/index.php?rest_route=\/wp\/v2\/posts\/8255","targetHints":{"allow":["GET"]}}],"collection":[{"href":"https:\/\/www.liceulprometeuprotalent.md\/index.php?rest_route=\/wp\/v2\/posts"}],"about":[{"href":"https:\/\/www.liceulprometeuprotalent.md\/index.php?rest_route=\/wp\/v2\/types\/post"}],"author":[{"embeddable":true,"href":"https:\/\/www.liceulprometeuprotalent.md\/index.php?rest_route=\/wp\/v2\/users\/1"}],"replies":[{"embeddable":true,"href":"https:\/\/www.liceulprometeuprotalent.md\/index.php?rest_route=%2Fwp%2Fv2%2Fcomments&post=8255"}],"version-history":[{"count":1,"href":"https:\/\/www.liceulprometeuprotalent.md\/index.php?rest_route=\/wp\/v2\/posts\/8255\/revisions"}],"predecessor-version":[{"id":8261,"href":"https:\/\/www.liceulprometeuprotalent.md\/index.php?rest_route=\/wp\/v2\/posts\/8255\/revisions\/8261"}],"wp:featuredmedia":[{"embeddable":true,"href":"https:\/\/www.liceulprometeuprotalent.md\/index.php?rest_route=\/wp\/v2\/media\/8258"}],"wp:attachment":[{"href":"https:\/\/www.liceulprometeuprotalent.md\/index.php?rest_route=%2Fwp%2Fv2%2Fmedia&parent=8255"}],"wp:term":[{"taxonomy":"category","embeddable":true,"href":"https:\/\/www.liceulprometeuprotalent.md\/index.php?rest_route=%2Fwp%2Fv2%2Fcategories&post=8255"},{"taxonomy":"post_tag","embeddable":true,"href":"https:\/\/www.liceulprometeuprotalent.md\/index.php?rest_route=%2Fwp%2Fv2%2Ftags&post=8255"}],"curies":[{"name":"wp","href":"https:\/\/api.w.org\/{rel}","templated":true}]}}