{"id":8262,"date":"2025-02-06T13:15:41","date_gmt":"2025-02-06T13:15:41","guid":{"rendered":"https:\/\/www.liceulprometeuprotalent.md\/?p=8262"},"modified":"2025-02-06T13:16:25","modified_gmt":"2025-02-06T13:16:25","slug":"cunostinte-competitive-la-istoria-romanilor-si-universala","status":"publish","type":"post","link":"https:\/\/www.liceulprometeuprotalent.md\/?p=8262","title":{"rendered":"Cuno\u0219tin\u021be competitive la istoria rom\u00e2nilor \u0219i universal\u0103"},"content":{"rendered":"<p>Elevii Liceului de Creativitate \u0219i Inventic\u0103 \u201ePrometeu-Protalent\u201d au demonstrat \u00een cadrul Olimpiadei la istoria rom\u00e2nilor \u0219i universal\u0103, etapa de sector, care a avut loc pe data de 2 februarie 2025, c\u0103 au \u00eensu\u0219it c\u00e2t se poate de bine maxima Omului de aleas\u0103 cultur\u0103, Nicolae Iorga: \u201eUn popor care nu-\u0219i cunoa\u0219te istoria, e ca un copil care nu-\u0219i cunoa\u0219te p\u0103rin\u021bii\u201d. Ei \u0219i-au dovedit cuno\u0219tin\u021bele competitive despre \u0219tiin\u021ba care studiaz\u0103 evolu\u021bia societ\u0103\u021bii umane de la apari\u021bia omului p\u00e2n\u0103 \u00een prezent, plas\u00e2ndu-se pe locuri de frunte, dup\u0103 cum urmeaz\u0103:<\/p>\n<p><strong>Locul III<\/strong> &#8211; <strong>Alexandrina Barnaciuc,<\/strong> clasa a IX-a \u201eA\u201d, <strong>mentor doamna Daria Fran\u021buz<\/strong>, profesoar\u0103 de istoria rom\u00e2nilor \u0219i universal\u0103, grad didactic superior;<\/p>\n<p><strong>Locul III \u2013 Camelia Munteanu,<\/strong> clasa a XI-a \u201eA\u201d, <strong>mentor doamna Eugenia Negru<\/strong>, profesoar\u0103 de istoria rom\u00e2nilor \u0219i universal\u0103, grad didactic superior;<\/p>\n<p><strong>Men\u021biune \u2013 Codrina-Evelina Codreanu,<\/strong> clasa a XI-a \u201eA\u201d, <strong>mentor doamna Eugenia Negru<\/strong>, profesoar\u0103 de istoria rom\u00e2nilor \u0219i universal\u0103, grad didactic superior.<\/p>\n<p>Felicit\u0103ri, elevilor! Felicit\u0103ri, distinselor profesoare! Istoria ne arat\u0103 ce s-a \u00eent\u00e2mplat \u00een trecut, ne ajut\u0103 s\u0103 \u00een\u021belegem prezentul, ca s\u0103 facem alegeri mai bune pentru viitor.<\/p>\n<p>Men\u021bion\u0103m c\u0103 Olimpiada la istoria rom\u00e2nilor \u0219i universal\u0103 a fost organizat\u0103 de DGETS a Consiliului Municipal Chi\u0219in\u0103u.<\/p>\n<p>&nbsp;<\/p>\n","protected":false},"excerpt":{"rendered":"<p>Elevii Liceului de Creativitate \u0219i Inventic\u0103 \u201ePrometeu-Protalent\u201d au demonstrat \u00een cadrul Olimpiadei la istoria rom\u00e2nilor \u0219i universal\u0103, etapa de sector, care a avut loc pe data de 2 februarie 2025, c\u0103 au \u00eensu\u0219it c\u00e2t se poate de bine maxima Omului de aleas\u0103 cultur\u0103, Nicolae Iorga: \u201eUn popor care nu-\u0219i cunoa\u0219te istoria, e ca un copil [&hellip;]<\/p>\n","protected":false},"author":1,"featured_media":8264,"comment_status":"open","ping_status":"open","sticky":false,"template":"","format":"standard","meta":{"_price":"","_stock":"","_tribe_ticket_header":"","_tribe_default_ticket_provider":"","_tribe_ticket_capacity":"0","_ticket_start_date":"","_ticket_end_date":"","_tribe_ticket_show_description":"","_tribe_ticket_show_not_going":false,"_tribe_ticket_use_global_stock":"","_tribe_ticket_global_stock_level":"","_global_stock_mode":"","_global_stock_cap":"","_tribe_rsvp_for_event":"","_tribe_ticket_going_count":"","_tribe_ticket_not_going_count":"","_tribe_tickets_list":"[]","_tribe_ticket_has_attendee_info_fields":false,"footnotes":""},"categories":[89,80,1],"tags":[],"class_list":["post-8262","post","type-post","status-publish","format-standard","has-post-thumbnail","hentry","category-blog","category-toate-categoriile","category-uncategorized"],"_links":{"self":[{"href":"https:\/\/www.liceulprometeuprotalent.md\/index.php?rest_route=\/wp\/v2\/posts\/8262","targetHints":{"allow":["GET"]}}],"collection":[{"href":"https:\/\/www.liceulprometeuprotalent.md\/index.php?rest_route=\/wp\/v2\/posts"}],"about":[{"href":"https:\/\/www.liceulprometeuprotalent.md\/index.php?rest_route=\/wp\/v2\/types\/post"}],"author":[{"embeddable":true,"href":"https:\/\/www.liceulprometeuprotalent.md\/index.php?rest_route=\/wp\/v2\/users\/1"}],"replies":[{"embeddable":true,"href":"https:\/\/www.liceulprometeuprotalent.md\/index.php?rest_route=%2Fwp%2Fv2%2Fcomments&post=8262"}],"version-history":[{"count":1,"href":"https:\/\/www.liceulprometeuprotalent.md\/index.php?rest_route=\/wp\/v2\/posts\/8262\/revisions"}],"predecessor-version":[{"id":8263,"href":"https:\/\/www.liceulprometeuprotalent.md\/index.php?rest_route=\/wp\/v2\/posts\/8262\/revisions\/8263"}],"wp:featuredmedia":[{"embeddable":true,"href":"https:\/\/www.liceulprometeuprotalent.md\/index.php?rest_route=\/wp\/v2\/media\/8264"}],"wp:attachment":[{"href":"https:\/\/www.liceulprometeuprotalent.md\/index.php?rest_route=%2Fwp%2Fv2%2Fmedia&parent=8262"}],"wp:term":[{"taxonomy":"category","embeddable":true,"href":"https:\/\/www.liceulprometeuprotalent.md\/index.php?rest_route=%2Fwp%2Fv2%2Fcategories&post=8262"},{"taxonomy":"post_tag","embeddable":true,"href":"https:\/\/www.liceulprometeuprotalent.md\/index.php?rest_route=%2Fwp%2Fv2%2Ftags&post=8262"}],"curies":[{"name":"wp","href":"https:\/\/api.w.org\/{rel}","templated":true}]}}