{"id":8265,"date":"2025-02-06T13:18:22","date_gmt":"2025-02-06T13:18:22","guid":{"rendered":"https:\/\/www.liceulprometeuprotalent.md\/?p=8265"},"modified":"2025-02-06T13:18:22","modified_gmt":"2025-02-06T13:18:22","slug":"sensibilizare-si-reflectie-fata-de-ororile-trecutului","status":"publish","type":"post","link":"https:\/\/www.liceulprometeuprotalent.md\/?p=8265","title":{"rendered":"Sensibilizare \u0219i reflec\u021bie fa\u021b\u0103 de ororile trecutului"},"content":{"rendered":"<p>Elevii claselor a IX-a \u201eA\u201d, \u201eB\u201d, \u201eC\u201d ale Liceului de Creativitate \u0219i Inventic\u0103 \u201ePrometeu-Protalent\u201d au participat pe data de 31 ianuarie 2025, la o impresionant\u0103 activitate de sensibilizare \u0219i reflec\u021bie pe marginea celui mai mare masacru din istoria omenirii \u2013 Holocaustul. Activitatea, desf\u0103\u0219urat\u0103 \u00een cadrul S\u0103pt\u0103m\u00e2nii dedicate Comemor\u0103rii Victimelor Holocaustului, a avut ca baz\u0103 vizionarea filmului \u201eReturn to Rivne\u201d, creat \u00een cadrul proiectului Centropa \u00een anul 2017, inclusiv realizarea unei fi\u0219e de lucru.<\/p>\n<p>Fi\u0219a de lucru a avut misiunea s\u0103 atrag\u0103 aten\u021bia asupra curajului personajelor istoriei prezentate: Shelly, Raya, feti\u021be de 5-6 ani, \u0219i familia Poli\u0219ciuc, care le ofer\u0103 ad\u0103post \u0219i hran\u0103 timp de 20 de luni, cu riscul propriei vie\u021bi.<\/p>\n<p>Elevii au apreciat curajul, omenia, empatia celor care s-au implicat \u00een salvarea acestor dou\u0103 feti\u021be \u0219i ale mamelor lor, raport\u00e2ndu-se la \u00een\u021belepciunea celebrului dicton ebraic: \u201eCel care salveaz\u0103 o via\u021b\u0103, salveaz\u0103 o lume \u00eentreag\u0103&#8221;. Totodat\u0103, ei au realizat rolul fotografiei drept surs\u0103 istoric\u0103 \u00een restabilirea evenimentelor din trecut.<\/p>\n<p>Concluzia activit\u0103\u021bii rezid\u0103 \u00een cuvintele marelui Nicolae Iorga: \u201eOmul cu adev\u0103rat bun este doar cel care ar fi putut fi r\u0103u \u0219i n-a fost.&#8221;<\/p>\n<p>Felicit\u0103ri, elevilor pentru compasiune \u0219i atitudine uman\u0103 fa\u021b\u0103 de victimele Holocaustului! Felicit\u0103ri organizatoarelor: doamna <strong>Daria Fran\u021buz<\/strong>, profesoar\u0103 de istoria rom\u00e2nilor \u0219i universal\u0103, doamna\u00a0 <strong>Angela Lungu<\/strong>, profesoar\u0103 de limba \u0219i literatura rom\u00e2n\u0103, director adjunct educa\u021bie, treapta gimnazial\u0103 \u0219i liceal\u0103 \u0219i doamna <strong>Cristina Brunchi<\/strong>, \u00eenv\u0103\u021b\u0103toare, director adjunct educa\u021bie, treapta primar\u0103, pentru sensibilizarea genera\u021biei tinere fa\u021b\u0103 de ororile regretabile ale trecutului, inclusiv de reflec\u021bie asupra lor.<\/p>\n<p><img decoding=\"async\" class=\"alignnone size-full wp-image-8266\" src=\"https:\/\/www.liceulprometeuprotalent.md\/wp-content\/uploads\/2025\/02\/viber_image_2025-02-05_08-41-00-271.jpg\" alt=\"\" width=\"1284\" height=\"689\" srcset=\"https:\/\/www.liceulprometeuprotalent.md\/wp-content\/uploads\/2025\/02\/viber_image_2025-02-05_08-41-00-271-200x107.jpg 200w, https:\/\/www.liceulprometeuprotalent.md\/wp-content\/uploads\/2025\/02\/viber_image_2025-02-05_08-41-00-271-300x161.jpg 300w, https:\/\/www.liceulprometeuprotalent.md\/wp-content\/uploads\/2025\/02\/viber_image_2025-02-05_08-41-00-271-400x215.jpg 400w, https:\/\/www.liceulprometeuprotalent.md\/wp-content\/uploads\/2025\/02\/viber_image_2025-02-05_08-41-00-271-600x322.jpg 600w, https:\/\/www.liceulprometeuprotalent.md\/wp-content\/uploads\/2025\/02\/viber_image_2025-02-05_08-41-00-271-768x412.jpg 768w, https:\/\/www.liceulprometeuprotalent.md\/wp-content\/uploads\/2025\/02\/viber_image_2025-02-05_08-41-00-271-800x429.jpg 800w, https:\/\/www.liceulprometeuprotalent.md\/wp-content\/uploads\/2025\/02\/viber_image_2025-02-05_08-41-00-271-1024x549.jpg 1024w, https:\/\/www.liceulprometeuprotalent.md\/wp-content\/uploads\/2025\/02\/viber_image_2025-02-05_08-41-00-271-1200x644.jpg 1200w, https:\/\/www.liceulprometeuprotalent.md\/wp-content\/uploads\/2025\/02\/viber_image_2025-02-05_08-41-00-271.jpg 1284w\" sizes=\"(max-width: 1284px) 100vw, 1284px\" \/> <img decoding=\"async\" class=\"alignnone size-full wp-image-8267\" src=\"https:\/\/www.liceulprometeuprotalent.md\/wp-content\/uploads\/2025\/02\/viber_image_2025-02-05_08-40-59-326.jpg\" alt=\"\" width=\"740\" height=\"1600\" srcset=\"https:\/\/www.liceulprometeuprotalent.md\/wp-content\/uploads\/2025\/02\/viber_image_2025-02-05_08-40-59-326-139x300.jpg 139w, https:\/\/www.liceulprometeuprotalent.md\/wp-content\/uploads\/2025\/02\/viber_image_2025-02-05_08-40-59-326-200x432.jpg 200w, https:\/\/www.liceulprometeuprotalent.md\/wp-content\/uploads\/2025\/02\/viber_image_2025-02-05_08-40-59-326-400x865.jpg 400w, https:\/\/www.liceulprometeuprotalent.md\/wp-content\/uploads\/2025\/02\/viber_image_2025-02-05_08-40-59-326-474x1024.jpg 474w, https:\/\/www.liceulprometeuprotalent.md\/wp-content\/uploads\/2025\/02\/viber_image_2025-02-05_08-40-59-326-600x1297.jpg 600w, https:\/\/www.liceulprometeuprotalent.md\/wp-content\/uploads\/2025\/02\/viber_image_2025-02-05_08-40-59-326-710x1536.jpg 710w, https:\/\/www.liceulprometeuprotalent.md\/wp-content\/uploads\/2025\/02\/viber_image_2025-02-05_08-40-59-326.jpg 740w\" sizes=\"(max-width: 740px) 100vw, 740px\" \/> <img decoding=\"async\" class=\"alignnone size-full wp-image-8268\" src=\"https:\/\/www.liceulprometeuprotalent.md\/wp-content\/uploads\/2025\/02\/viber_image_2025-02-05_08-40-58-744.jpg\" alt=\"\" width=\"1284\" height=\"703\" srcset=\"https:\/\/www.liceulprometeuprotalent.md\/wp-content\/uploads\/2025\/02\/viber_image_2025-02-05_08-40-58-744-200x110.jpg 200w, https:\/\/www.liceulprometeuprotalent.md\/wp-content\/uploads\/2025\/02\/viber_image_2025-02-05_08-40-58-744-300x164.jpg 300w, https:\/\/www.liceulprometeuprotalent.md\/wp-content\/uploads\/2025\/02\/viber_image_2025-02-05_08-40-58-744-400x219.jpg 400w, https:\/\/www.liceulprometeuprotalent.md\/wp-content\/uploads\/2025\/02\/viber_image_2025-02-05_08-40-58-744-600x329.jpg 600w, https:\/\/www.liceulprometeuprotalent.md\/wp-content\/uploads\/2025\/02\/viber_image_2025-02-05_08-40-58-744-768x420.jpg 768w, https:\/\/www.liceulprometeuprotalent.md\/wp-content\/uploads\/2025\/02\/viber_image_2025-02-05_08-40-58-744-800x438.jpg 800w, https:\/\/www.liceulprometeuprotalent.md\/wp-content\/uploads\/2025\/02\/viber_image_2025-02-05_08-40-58-744-1024x561.jpg 1024w, https:\/\/www.liceulprometeuprotalent.md\/wp-content\/uploads\/2025\/02\/viber_image_2025-02-05_08-40-58-744-1200x657.jpg 1200w, https:\/\/www.liceulprometeuprotalent.md\/wp-content\/uploads\/2025\/02\/viber_image_2025-02-05_08-40-58-744.jpg 1284w\" sizes=\"(max-width: 1284px) 100vw, 1284px\" \/> <img decoding=\"async\" class=\"alignnone size-full wp-image-8269\" src=\"https:\/\/www.liceulprometeuprotalent.md\/wp-content\/uploads\/2025\/02\/viber_image_2025-02-05_08-40-51-232.jpg\" alt=\"\" width=\"740\" height=\"1600\" srcset=\"https:\/\/www.liceulprometeuprotalent.md\/wp-content\/uploads\/2025\/02\/viber_image_2025-02-05_08-40-51-232-139x300.jpg 139w, https:\/\/www.liceulprometeuprotalent.md\/wp-content\/uploads\/2025\/02\/viber_image_2025-02-05_08-40-51-232-200x432.jpg 200w, https:\/\/www.liceulprometeuprotalent.md\/wp-content\/uploads\/2025\/02\/viber_image_2025-02-05_08-40-51-232-400x865.jpg 400w, https:\/\/www.liceulprometeuprotalent.md\/wp-content\/uploads\/2025\/02\/viber_image_2025-02-05_08-40-51-232-474x1024.jpg 474w, https:\/\/www.liceulprometeuprotalent.md\/wp-content\/uploads\/2025\/02\/viber_image_2025-02-05_08-40-51-232-600x1297.jpg 600w, https:\/\/www.liceulprometeuprotalent.md\/wp-content\/uploads\/2025\/02\/viber_image_2025-02-05_08-40-51-232-710x1536.jpg 710w, https:\/\/www.liceulprometeuprotalent.md\/wp-content\/uploads\/2025\/02\/viber_image_2025-02-05_08-40-51-232.jpg 740w\" sizes=\"(max-width: 740px) 100vw, 740px\" \/><\/p>\n","protected":false},"excerpt":{"rendered":"<p>Elevii claselor a IX-a \u201eA\u201d, \u201eB\u201d, \u201eC\u201d ale Liceului de Creativitate \u0219i Inventic\u0103 \u201ePrometeu-Protalent\u201d au participat pe data de 31 ianuarie 2025, la o impresionant\u0103 activitate de sensibilizare \u0219i reflec\u021bie pe marginea celui mai mare masacru din istoria omenirii \u2013 Holocaustul. Activitatea, desf\u0103\u0219urat\u0103 \u00een cadrul S\u0103pt\u0103m\u00e2nii dedicate Comemor\u0103rii Victimelor Holocaustului, a avut ca baz\u0103 vizionarea [&hellip;]<\/p>\n","protected":false},"author":1,"featured_media":8268,"comment_status":"open","ping_status":"open","sticky":false,"template":"","format":"standard","meta":{"_price":"","_stock":"","_tribe_ticket_header":"","_tribe_default_ticket_provider":"","_tribe_ticket_capacity":"0","_ticket_start_date":"","_ticket_end_date":"","_tribe_ticket_show_description":"","_tribe_ticket_show_not_going":false,"_tribe_ticket_use_global_stock":"","_tribe_ticket_global_stock_level":"","_global_stock_mode":"","_global_stock_cap":"","_tribe_rsvp_for_event":"","_tribe_ticket_going_count":"","_tribe_ticket_not_going_count":"","_tribe_tickets_list":"[]","_tribe_ticket_has_attendee_info_fields":false,"footnotes":""},"categories":[89,80,1],"tags":[],"class_list":["post-8265","post","type-post","status-publish","format-standard","has-post-thumbnail","hentry","category-blog","category-toate-categoriile","category-uncategorized"],"_links":{"self":[{"href":"https:\/\/www.liceulprometeuprotalent.md\/index.php?rest_route=\/wp\/v2\/posts\/8265","targetHints":{"allow":["GET"]}}],"collection":[{"href":"https:\/\/www.liceulprometeuprotalent.md\/index.php?rest_route=\/wp\/v2\/posts"}],"about":[{"href":"https:\/\/www.liceulprometeuprotalent.md\/index.php?rest_route=\/wp\/v2\/types\/post"}],"author":[{"embeddable":true,"href":"https:\/\/www.liceulprometeuprotalent.md\/index.php?rest_route=\/wp\/v2\/users\/1"}],"replies":[{"embeddable":true,"href":"https:\/\/www.liceulprometeuprotalent.md\/index.php?rest_route=%2Fwp%2Fv2%2Fcomments&post=8265"}],"version-history":[{"count":1,"href":"https:\/\/www.liceulprometeuprotalent.md\/index.php?rest_route=\/wp\/v2\/posts\/8265\/revisions"}],"predecessor-version":[{"id":8270,"href":"https:\/\/www.liceulprometeuprotalent.md\/index.php?rest_route=\/wp\/v2\/posts\/8265\/revisions\/8270"}],"wp:featuredmedia":[{"embeddable":true,"href":"https:\/\/www.liceulprometeuprotalent.md\/index.php?rest_route=\/wp\/v2\/media\/8268"}],"wp:attachment":[{"href":"https:\/\/www.liceulprometeuprotalent.md\/index.php?rest_route=%2Fwp%2Fv2%2Fmedia&parent=8265"}],"wp:term":[{"taxonomy":"category","embeddable":true,"href":"https:\/\/www.liceulprometeuprotalent.md\/index.php?rest_route=%2Fwp%2Fv2%2Fcategories&post=8265"},{"taxonomy":"post_tag","embeddable":true,"href":"https:\/\/www.liceulprometeuprotalent.md\/index.php?rest_route=%2Fwp%2Fv2%2Ftags&post=8265"}],"curies":[{"name":"wp","href":"https:\/\/api.w.org\/{rel}","templated":true}]}}