{"id":8287,"date":"2025-02-17T13:43:16","date_gmt":"2025-02-17T13:43:16","guid":{"rendered":"https:\/\/www.liceulprometeuprotalent.md\/?p=8287"},"modified":"2025-02-20T13:44:21","modified_gmt":"2025-02-20T13:44:21","slug":"in-fiecare-clipa-iubirea-e-altceva-grigore-vieru","status":"publish","type":"post","link":"https:\/\/www.liceulprometeuprotalent.md\/?p=8287","title":{"rendered":",,\u00cen fiecare clip\u0103 iubirea e altceva&#8230;&#8221; &#8211; Grigore Vieru"},"content":{"rendered":"<p>La 14 februarie 2025, de Ziua Na\u021bional\u0103 a Lecturii \u0219i a Anivers\u0103rii a 90 de ani de la na\u0219terea marelui poet Grigore Vieru, elevii Liceului de Creativitate \u0219i Inventic\u0103 \u201ePrometeu-Protalent\u201d au recitat, de la mic la mare, din versul vierean, exprim\u00e2ndu-\u0219i \u00een acest fel admira\u021bia \u0219i pre\u021buirea fa\u021b\u0103 de inestimabila mo\u0219tenire literar\u0103, pe care renumitul poet a l\u0103sat-o posterit\u0103\u021bii.<\/p>\n<p>Fiecare clas\u0103 a avut declamatorii s\u0103i, care s-au eviden\u021biat prin sensibilitate, inspira\u021bie \u0219i rostire impecabil\u0103 a poeziei lui Grigore Vieru, descoperindu-i opera pagin\u0103 cu pagin\u0103. Printre cei mai iscusi\u021bi dintre ei amintim de elevii clasei a V-a \u201eB\u201d (mentor doamna Natalia Rusica, profesoar\u0103 de limba \u0219i literatura rom\u00e2n\u0103) \u2013 Sofia Scor\u021bescu, Tatiana Mursa, Matei Grosei, Daria Panici, Evelina Chiriac, Selena S\u00eerbu, Gabriela Gajos; de Anastasia \u0218aptefra\u021b din clasa a VII-a \u201eD\u201d \u0219i Alexandra<\/p>\n<p>\u0218aptefra\u021b din clasa a IX-a \u201eA\u201d, de Camelia Munteanu, Evelina Belicenco, Codrina-Evelina Codreanu, Anastasia Calestru, Valeria Calestru, Adelina Arhip, Nicoleta Ciuntu, Ioan Cosoi din clasa a XI-a \u201eA\u201d (mentor doamna Tatiana Melnic, profesoar\u0103 de limba \u0219i literatura rom\u00e2n\u0103); de Teodora Cosoi \u0219i Cr\u0103i\u021ba Munteanu din clasa a IV-a \u201eB\u201d (\u00eenv\u0103\u021b\u0103toare doamna Dorina Andrei); de Gabriel Carapangia din clasa a II-a \u201eD\u201d (\u00eenv\u0103\u021b\u0103toare doamna Larisa Ciorici); de R\u0103zvan Voitov, M\u0103d\u0103lina B\u0103b\u0103l\u0103u,\u00a0 Cornelia Guzun, Alina Cebotariov, Maria-Ilinca Pulbere, Marinela \u0218argarovschi, Mason Nichiforov, Alexandru Nicolaev, Laura Rozembac, Lia Speranza, C\u0103t\u0103lina Steg\u0103rescu, Teodora Gon\u021ba din clasa a V-a \u201eA\u201d (mentor doamna Natalia Ada\u0219an, profesoar\u0103 de limba \u0219i literatura rom\u00e2n\u0103).<\/p>\n<p>Prin evoluarea minunat\u0103 a declamatorilor a fost evocat\u0103 eminenta personalitate a lui Grigore Vieru, despre care academicianul Mihai Cimpoi afirma c\u0103 \u201eleg\u0103m\u00e2ntul s\u0103u (a lui Grigore Vieru) fa\u021b\u0103 de limba rom\u00e2n\u0103 este o mo\u0219tenire de nepre\u021buit\u201d.<\/p>\n<p>Felicit\u0103ri, dragi iubitori ai poeziei lui Grigore Vieru! Omagierea predecesorilor \u0219i a operelor lor denot\u0103 cinste \u0219i onoare celor care o fac \u0219i suntem foarte m\u00e2ndri c\u0103 printre ei v\u0103 afla\u021bi \u0219i voi.<\/p>\n<p>Exprim\u0103m felicit\u0103ri \u0219i mul\u021bumiri distinselor cadre didactice pentru men\u021binerea dragostei permanente fa\u021b\u0103 de poezia vierean\u0103 \u0219i fa\u021b\u0103 de autorul ei.<\/p>\n","protected":false},"excerpt":{"rendered":"<p>La 14 februarie 2025, de Ziua Na\u021bional\u0103 a Lecturii \u0219i a Anivers\u0103rii a 90 de ani de la na\u0219terea marelui poet Grigore Vieru, elevii Liceului de Creativitate \u0219i Inventic\u0103 \u201ePrometeu-Protalent\u201d au recitat, de la mic la mare, din versul vierean, exprim\u00e2ndu-\u0219i \u00een acest fel admira\u021bia \u0219i pre\u021buirea fa\u021b\u0103 de inestimabila mo\u0219tenire literar\u0103, pe care renumitul [&hellip;]<\/p>\n","protected":false},"author":1,"featured_media":8288,"comment_status":"open","ping_status":"open","sticky":false,"template":"","format":"standard","meta":{"_price":"","_stock":"","_tribe_ticket_header":"","_tribe_default_ticket_provider":"","_tribe_ticket_capacity":"0","_ticket_start_date":"","_ticket_end_date":"","_tribe_ticket_show_description":"","_tribe_ticket_show_not_going":false,"_tribe_ticket_use_global_stock":"","_tribe_ticket_global_stock_level":"","_global_stock_mode":"","_global_stock_cap":"","_tribe_rsvp_for_event":"","_tribe_ticket_going_count":"","_tribe_ticket_not_going_count":"","_tribe_tickets_list":"[]","_tribe_ticket_has_attendee_info_fields":false,"footnotes":""},"categories":[89,80,1],"tags":[],"class_list":["post-8287","post","type-post","status-publish","format-standard","has-post-thumbnail","hentry","category-blog","category-toate-categoriile","category-uncategorized"],"_links":{"self":[{"href":"https:\/\/www.liceulprometeuprotalent.md\/index.php?rest_route=\/wp\/v2\/posts\/8287","targetHints":{"allow":["GET"]}}],"collection":[{"href":"https:\/\/www.liceulprometeuprotalent.md\/index.php?rest_route=\/wp\/v2\/posts"}],"about":[{"href":"https:\/\/www.liceulprometeuprotalent.md\/index.php?rest_route=\/wp\/v2\/types\/post"}],"author":[{"embeddable":true,"href":"https:\/\/www.liceulprometeuprotalent.md\/index.php?rest_route=\/wp\/v2\/users\/1"}],"replies":[{"embeddable":true,"href":"https:\/\/www.liceulprometeuprotalent.md\/index.php?rest_route=%2Fwp%2Fv2%2Fcomments&post=8287"}],"version-history":[{"count":1,"href":"https:\/\/www.liceulprometeuprotalent.md\/index.php?rest_route=\/wp\/v2\/posts\/8287\/revisions"}],"predecessor-version":[{"id":8289,"href":"https:\/\/www.liceulprometeuprotalent.md\/index.php?rest_route=\/wp\/v2\/posts\/8287\/revisions\/8289"}],"wp:featuredmedia":[{"embeddable":true,"href":"https:\/\/www.liceulprometeuprotalent.md\/index.php?rest_route=\/wp\/v2\/media\/8288"}],"wp:attachment":[{"href":"https:\/\/www.liceulprometeuprotalent.md\/index.php?rest_route=%2Fwp%2Fv2%2Fmedia&parent=8287"}],"wp:term":[{"taxonomy":"category","embeddable":true,"href":"https:\/\/www.liceulprometeuprotalent.md\/index.php?rest_route=%2Fwp%2Fv2%2Fcategories&post=8287"},{"taxonomy":"post_tag","embeddable":true,"href":"https:\/\/www.liceulprometeuprotalent.md\/index.php?rest_route=%2Fwp%2Fv2%2Ftags&post=8287"}],"curies":[{"name":"wp","href":"https:\/\/api.w.org\/{rel}","templated":true}]}}