{"id":8299,"date":"2025-02-24T10:13:30","date_gmt":"2025-02-24T10:13:30","guid":{"rendered":"https:\/\/www.liceulprometeuprotalent.md\/?p=8299"},"modified":"2025-02-24T10:13:30","modified_gmt":"2025-02-24T10:13:30","slug":"harnicia-e-sora-buna-cu-bucuria","status":"publish","type":"post","link":"https:\/\/www.liceulprometeuprotalent.md\/?p=8299","title":{"rendered":"H\u0103rnicia e sor\u0103 bun\u0103 cu bucuria"},"content":{"rendered":"<p>Elevii claselor a IV-a ale Liceului de Creativitate \u0219i Inventic\u0103 \u201ePrometeu-Protalent\u201d au luat locuri de frunte, al\u0103turi de colegii lor din clasele gimnaziale, la Concursul interdisciplinar de matematic\u0103-fizic\u0103-\u0219tiin\u021be \u201eHenri Coand\u0103\u201d, edi\u021bia a XV-a, care a fost organizat de Colegiul Na\u021bional \u201eGarabet Ibr\u0103ileanu\u201d din Ia\u0219i pe data de 15-16 februarie 2025.<\/p>\n<p>Cu calificativul \u2013 <strong>Men\u021biune<\/strong> \u2013 au fost distin\u0219i elevii:<\/p>\n<p><strong>David Stratan \u0219i Daniel Anton din clasa a IV-a \u201eA\u201d,<\/strong> av\u00e2nd-o \u00een calitate de mentor pe <strong>doamna Svetlana Mihaci,<\/strong> \u00eenv\u0103\u021b\u0103toare, grad didactic doi;<\/p>\n<p><strong>Teodora Cosoi, Cr\u0103i\u021ba Munteanu, Stela Oboroceanu din clasa a IV-a \u201eB\u201d,<\/strong> care au avut-o \u00een calitate de mentor pe <strong>doamna Dorina Andrei,<\/strong> \u00eenv\u0103\u021b\u0103toare, grad didactic superior;<\/p>\n<p><strong>Robert V\u00eerlan, clasa a IV-a \u201eC\u201d,<\/strong> pe care l-a ghidat <strong>doamna Natalia Veste<\/strong>, \u00eenv\u0103\u021b\u0103toare, grad didactic unu.<\/p>\n<p>Felicit\u0103ri, dragi elevi! Apreciem mult faptul c\u0103 a\u021bi demonstrat competen\u021be competitive la acest prestigios concurs. \u201eH\u0103rnicia e sor\u0103 bun\u0103 cu bucuria\u201d, spune un cunoscut proverb rom\u00e2nesc. V\u0103 dorim succese \u00een continuare!<\/p>\n<p>Felicit\u0103ri, stimate doamne \u00eenv\u0103\u021b\u0103toare! Mul\u021bumim pentru motivarea, \u00eencurajarea \u0219i sus\u021binerea elevilor la aceast\u0103 frumoas\u0103 \u0219i benefic\u0103 competi\u021bie cu semenii lor din Rom\u00e2nia.<\/p>\n<p style=\"text-align: center;\">\u00a0<img decoding=\"async\" class=\"alignnone wp-image-8300 size-fusion-400\" src=\"https:\/\/www.liceulprometeuprotalent.md\/wp-content\/uploads\/2025\/02\/viber_image_2025-02-21_10-34-10-924-400x533.jpg\" alt=\"\" width=\"400\" height=\"533\" srcset=\"https:\/\/www.liceulprometeuprotalent.md\/wp-content\/uploads\/2025\/02\/viber_image_2025-02-21_10-34-10-924-200x267.jpg 200w, https:\/\/www.liceulprometeuprotalent.md\/wp-content\/uploads\/2025\/02\/viber_image_2025-02-21_10-34-10-924-225x300.jpg 225w, https:\/\/www.liceulprometeuprotalent.md\/wp-content\/uploads\/2025\/02\/viber_image_2025-02-21_10-34-10-924-400x533.jpg 400w, https:\/\/www.liceulprometeuprotalent.md\/wp-content\/uploads\/2025\/02\/viber_image_2025-02-21_10-34-10-924-600x800.jpg 600w, https:\/\/www.liceulprometeuprotalent.md\/wp-content\/uploads\/2025\/02\/viber_image_2025-02-21_10-34-10-924-768x1024.jpg 768w, https:\/\/www.liceulprometeuprotalent.md\/wp-content\/uploads\/2025\/02\/viber_image_2025-02-21_10-34-10-924-800x1067.jpg 800w, https:\/\/www.liceulprometeuprotalent.md\/wp-content\/uploads\/2025\/02\/viber_image_2025-02-21_10-34-10-924-1152x1536.jpg 1152w, https:\/\/www.liceulprometeuprotalent.md\/wp-content\/uploads\/2025\/02\/viber_image_2025-02-21_10-34-10-924.jpg 1200w\" sizes=\"(max-width: 400px) 100vw, 400px\" \/><\/p>\n","protected":false},"excerpt":{"rendered":"<p>Elevii claselor a IV-a ale Liceului de Creativitate \u0219i Inventic\u0103 \u201ePrometeu-Protalent\u201d au luat locuri de frunte, al\u0103turi de colegii lor din clasele gimnaziale, la Concursul interdisciplinar de matematic\u0103-fizic\u0103-\u0219tiin\u021be \u201eHenri Coand\u0103\u201d, edi\u021bia a XV-a, care a fost organizat de Colegiul Na\u021bional \u201eGarabet Ibr\u0103ileanu\u201d din Ia\u0219i pe data de 15-16 februarie 2025. Cu calificativul \u2013 Men\u021biune \u2013 [&hellip;]<\/p>\n","protected":false},"author":1,"featured_media":8301,"comment_status":"open","ping_status":"open","sticky":false,"template":"","format":"standard","meta":{"_price":"","_stock":"","_tribe_ticket_header":"","_tribe_default_ticket_provider":"","_tribe_ticket_capacity":"0","_ticket_start_date":"","_ticket_end_date":"","_tribe_ticket_show_description":"","_tribe_ticket_show_not_going":false,"_tribe_ticket_use_global_stock":"","_tribe_ticket_global_stock_level":"","_global_stock_mode":"","_global_stock_cap":"","_tribe_rsvp_for_event":"","_tribe_ticket_going_count":"","_tribe_ticket_not_going_count":"","_tribe_tickets_list":"[]","_tribe_ticket_has_attendee_info_fields":false,"footnotes":""},"categories":[89,80,1],"tags":[],"class_list":["post-8299","post","type-post","status-publish","format-standard","has-post-thumbnail","hentry","category-blog","category-toate-categoriile","category-uncategorized"],"_links":{"self":[{"href":"https:\/\/www.liceulprometeuprotalent.md\/index.php?rest_route=\/wp\/v2\/posts\/8299","targetHints":{"allow":["GET"]}}],"collection":[{"href":"https:\/\/www.liceulprometeuprotalent.md\/index.php?rest_route=\/wp\/v2\/posts"}],"about":[{"href":"https:\/\/www.liceulprometeuprotalent.md\/index.php?rest_route=\/wp\/v2\/types\/post"}],"author":[{"embeddable":true,"href":"https:\/\/www.liceulprometeuprotalent.md\/index.php?rest_route=\/wp\/v2\/users\/1"}],"replies":[{"embeddable":true,"href":"https:\/\/www.liceulprometeuprotalent.md\/index.php?rest_route=%2Fwp%2Fv2%2Fcomments&post=8299"}],"version-history":[{"count":1,"href":"https:\/\/www.liceulprometeuprotalent.md\/index.php?rest_route=\/wp\/v2\/posts\/8299\/revisions"}],"predecessor-version":[{"id":8302,"href":"https:\/\/www.liceulprometeuprotalent.md\/index.php?rest_route=\/wp\/v2\/posts\/8299\/revisions\/8302"}],"wp:featuredmedia":[{"embeddable":true,"href":"https:\/\/www.liceulprometeuprotalent.md\/index.php?rest_route=\/wp\/v2\/media\/8301"}],"wp:attachment":[{"href":"https:\/\/www.liceulprometeuprotalent.md\/index.php?rest_route=%2Fwp%2Fv2%2Fmedia&parent=8299"}],"wp:term":[{"taxonomy":"category","embeddable":true,"href":"https:\/\/www.liceulprometeuprotalent.md\/index.php?rest_route=%2Fwp%2Fv2%2Fcategories&post=8299"},{"taxonomy":"post_tag","embeddable":true,"href":"https:\/\/www.liceulprometeuprotalent.md\/index.php?rest_route=%2Fwp%2Fv2%2Ftags&post=8299"}],"curies":[{"name":"wp","href":"https:\/\/api.w.org\/{rel}","templated":true}]}}