{"id":8322,"date":"2025-02-28T10:31:26","date_gmt":"2025-02-28T10:31:26","guid":{"rendered":"https:\/\/www.liceulprometeuprotalent.md\/?p=8322"},"modified":"2025-03-11T15:52:16","modified_gmt":"2025-03-11T15:52:16","slug":"premiul-mare-si-locul-ii-la-concursul-ars-poetica","status":"publish","type":"post","link":"https:\/\/www.liceulprometeuprotalent.md\/?p=8322","title":{"rendered":"Premiul Mare \u0219i Locul II la Concursul \u201eARS POETICA\u201d"},"content":{"rendered":"<p>Elevele Liceului de Creativitate \u0219i Inventic\u0103 \u201ePrometeu-Protalent\u201d, <strong>Monica Andronic din clasa a VII-a \u201eC\u201d \u0219i Anastasia Ursu din clasa a III-a \u201eC\u201d<\/strong> au impresionat, pe parcursul a trei etape consecutiv, Juriul Concursului municipal de recital de poezie pentru copii \u201eARS POETICA\u201d, edi\u021bia a II-a, organizat de DGETS a Consiliului Municipal Chi\u0219in\u0103u \u00een luna februarie 2025, fiind distinse respectiv cu <strong>Premiu Mare \u0219i Locul II. <\/strong><\/p>\n<p>Monica Andronic a recitat fabula \u201eLupul \u0219i oaia\u201d de Diana Sava Daranu\u021ba, iar Anastasia Ursu poezia \u201ePove\u0219ti de iarn\u0103\u201d de Licu\u021ba P\u00e2ntia, \u00eendeplinind toate cerin\u021bele competi\u021biei: dic\u021bie \u0219i articula\u021bie, intona\u021bie \u0219i expresivitate a vorbirii scenice, \u021binut\u0103 scenic\u0103, m\u0103iestrie interpretativ\u0103, valoarea artistic\u0103 a poeziei recitate, corespunderea categoriei de v\u00e2rst\u0103. Pe data de 21 februarie 2025, elevele \u0219i-au ridicat diplomele de merit, dar \u0219i premiile b\u0103ne\u0219ti, prev\u0103zute de regulamentul concursului.<\/p>\n<p>Men\u021bion\u0103m c\u0103 Monica Andronic este membr\u0103 a Cercului de dic\u021bie \u0219i arta cuv\u00e2ntului, condus de <strong>doamna Diana Decusear\u0103-Onic\u0103, artist\u0103 a poporului,<\/strong> de \u00eendemnul \u0219i sprijinul c\u0103reia s-a bucurat \u00een perioada preg\u0103tirii pentru concurs, iar Anastasia Ursu a fost \u00eencurajat\u0103 \u0219i consiliat\u0103 de <strong>doamna Snejana Gogolev-Pahomea, \u00eenv\u0103\u021b\u0103toare \u0219i diriginta clasei a III-a \u201eC\u201d.<\/strong><\/p>\n<p>Felicit\u0103ri, dragi \u00eenving\u0103toare! \u201ePoezia este diminea\u021ba omenirii, istoria sentimentelor \u00een\u0103l\u021b\u0103toare, \u00eendemnul permanent c\u0103tre bine \u0219i adev\u0103r\u201d, spunea Eusebiu Camilar, scriitor \u0219i traduc\u0103tor rom\u00e2n, membru corespondent al Academiei Rom\u00e2ne.<\/p>\n<p>Mul\u021bumiri \u0219i aprecieri exprim\u0103m doamnelor Diana Decusear\u0103-Onic\u0103 \u0219i Snejana Gogolev-Pahomea pentru m\u0103iestria de a cultiva elevilor dragostea pentru cuv\u00e2nt, art\u0103 \u0219i frumos.<\/p>\n<p style=\"text-align: center;\"><img decoding=\"async\" class=\"alignnone wp-image-8323 size-fusion-400\" src=\"https:\/\/www.liceulprometeuprotalent.md\/wp-content\/uploads\/2025\/02\/viber_image_2025-02-26_15-40-08-088-400x300.jpg\" alt=\"\" width=\"400\" height=\"300\" srcset=\"https:\/\/www.liceulprometeuprotalent.md\/wp-content\/uploads\/2025\/02\/viber_image_2025-02-26_15-40-08-088-200x150.jpg 200w, https:\/\/www.liceulprometeuprotalent.md\/wp-content\/uploads\/2025\/02\/viber_image_2025-02-26_15-40-08-088-300x225.jpg 300w, https:\/\/www.liceulprometeuprotalent.md\/wp-content\/uploads\/2025\/02\/viber_image_2025-02-26_15-40-08-088-400x300.jpg 400w, https:\/\/www.liceulprometeuprotalent.md\/wp-content\/uploads\/2025\/02\/viber_image_2025-02-26_15-40-08-088-600x450.jpg 600w, https:\/\/www.liceulprometeuprotalent.md\/wp-content\/uploads\/2025\/02\/viber_image_2025-02-26_15-40-08-088-768x576.jpg 768w, https:\/\/www.liceulprometeuprotalent.md\/wp-content\/uploads\/2025\/02\/viber_image_2025-02-26_15-40-08-088-800x600.jpg 800w, https:\/\/www.liceulprometeuprotalent.md\/wp-content\/uploads\/2025\/02\/viber_image_2025-02-26_15-40-08-088-1024x768.jpg 1024w, https:\/\/www.liceulprometeuprotalent.md\/wp-content\/uploads\/2025\/02\/viber_image_2025-02-26_15-40-08-088-1200x900.jpg 1200w, https:\/\/www.liceulprometeuprotalent.md\/wp-content\/uploads\/2025\/02\/viber_image_2025-02-26_15-40-08-088-1536x1152.jpg 1536w, https:\/\/www.liceulprometeuprotalent.md\/wp-content\/uploads\/2025\/02\/viber_image_2025-02-26_15-40-08-088.jpg 1600w\" sizes=\"(max-width: 400px) 100vw, 400px\" \/> <img decoding=\"async\" class=\"alignnone wp-image-8324 \" src=\"https:\/\/www.liceulprometeuprotalent.md\/wp-content\/uploads\/2025\/02\/viber_image_2025-02-26_15-40-30-028-400x533.jpg\" alt=\"\" width=\"224\" height=\"299\" srcset=\"https:\/\/www.liceulprometeuprotalent.md\/wp-content\/uploads\/2025\/02\/viber_image_2025-02-26_15-40-30-028-200x267.jpg 200w, https:\/\/www.liceulprometeuprotalent.md\/wp-content\/uploads\/2025\/02\/viber_image_2025-02-26_15-40-30-028-225x300.jpg 225w, https:\/\/www.liceulprometeuprotalent.md\/wp-content\/uploads\/2025\/02\/viber_image_2025-02-26_15-40-30-028-400x533.jpg 400w, https:\/\/www.liceulprometeuprotalent.md\/wp-content\/uploads\/2025\/02\/viber_image_2025-02-26_15-40-30-028-600x800.jpg 600w, https:\/\/www.liceulprometeuprotalent.md\/wp-content\/uploads\/2025\/02\/viber_image_2025-02-26_15-40-30-028-768x1024.jpg 768w, https:\/\/www.liceulprometeuprotalent.md\/wp-content\/uploads\/2025\/02\/viber_image_2025-02-26_15-40-30-028-800x1067.jpg 800w, https:\/\/www.liceulprometeuprotalent.md\/wp-content\/uploads\/2025\/02\/viber_image_2025-02-26_15-40-30-028-1152x1536.jpg 1152w, https:\/\/www.liceulprometeuprotalent.md\/wp-content\/uploads\/2025\/02\/viber_image_2025-02-26_15-40-30-028.jpg 1200w\" sizes=\"(max-width: 224px) 100vw, 224px\" \/><\/p>\n","protected":false},"excerpt":{"rendered":"<p>Elevele Liceului de Creativitate \u0219i Inventic\u0103 \u201ePrometeu-Protalent\u201d, Monica Andronic din clasa a VII-a \u201eC\u201d \u0219i Anastasia Ursu din clasa a III-a \u201eC\u201d au impresionat, pe parcursul a trei etape consecutiv, Juriul Concursului municipal de recital de poezie pentru copii \u201eARS POETICA\u201d, edi\u021bia a II-a, organizat de DGETS a Consiliului Municipal Chi\u0219in\u0103u \u00een luna februarie 2025, [&hellip;]<\/p>\n","protected":false},"author":1,"featured_media":8323,"comment_status":"open","ping_status":"open","sticky":false,"template":"","format":"standard","meta":{"_price":"","_stock":"","_tribe_ticket_header":"","_tribe_default_ticket_provider":"","_tribe_ticket_capacity":"0","_ticket_start_date":"","_ticket_end_date":"","_tribe_ticket_show_description":"","_tribe_ticket_show_not_going":false,"_tribe_ticket_use_global_stock":"","_tribe_ticket_global_stock_level":"","_global_stock_mode":"","_global_stock_cap":"","_tribe_rsvp_for_event":"","_tribe_ticket_going_count":"","_tribe_ticket_not_going_count":"","_tribe_tickets_list":"[]","_tribe_ticket_has_attendee_info_fields":false,"footnotes":""},"categories":[89,80,1],"tags":[],"class_list":["post-8322","post","type-post","status-publish","format-standard","has-post-thumbnail","hentry","category-blog","category-toate-categoriile","category-uncategorized"],"_links":{"self":[{"href":"https:\/\/www.liceulprometeuprotalent.md\/index.php?rest_route=\/wp\/v2\/posts\/8322","targetHints":{"allow":["GET"]}}],"collection":[{"href":"https:\/\/www.liceulprometeuprotalent.md\/index.php?rest_route=\/wp\/v2\/posts"}],"about":[{"href":"https:\/\/www.liceulprometeuprotalent.md\/index.php?rest_route=\/wp\/v2\/types\/post"}],"author":[{"embeddable":true,"href":"https:\/\/www.liceulprometeuprotalent.md\/index.php?rest_route=\/wp\/v2\/users\/1"}],"replies":[{"embeddable":true,"href":"https:\/\/www.liceulprometeuprotalent.md\/index.php?rest_route=%2Fwp%2Fv2%2Fcomments&post=8322"}],"version-history":[{"count":2,"href":"https:\/\/www.liceulprometeuprotalent.md\/index.php?rest_route=\/wp\/v2\/posts\/8322\/revisions"}],"predecessor-version":[{"id":8366,"href":"https:\/\/www.liceulprometeuprotalent.md\/index.php?rest_route=\/wp\/v2\/posts\/8322\/revisions\/8366"}],"wp:featuredmedia":[{"embeddable":true,"href":"https:\/\/www.liceulprometeuprotalent.md\/index.php?rest_route=\/wp\/v2\/media\/8323"}],"wp:attachment":[{"href":"https:\/\/www.liceulprometeuprotalent.md\/index.php?rest_route=%2Fwp%2Fv2%2Fmedia&parent=8322"}],"wp:term":[{"taxonomy":"category","embeddable":true,"href":"https:\/\/www.liceulprometeuprotalent.md\/index.php?rest_route=%2Fwp%2Fv2%2Fcategories&post=8322"},{"taxonomy":"post_tag","embeddable":true,"href":"https:\/\/www.liceulprometeuprotalent.md\/index.php?rest_route=%2Fwp%2Fv2%2Ftags&post=8322"}],"curies":[{"name":"wp","href":"https:\/\/api.w.org\/{rel}","templated":true}]}}