{"id":8326,"date":"2025-03-05T14:38:39","date_gmt":"2025-03-05T14:38:39","guid":{"rendered":"https:\/\/www.liceulprometeuprotalent.md\/?p=8326"},"modified":"2025-03-05T14:38:39","modified_gmt":"2025-03-05T14:38:39","slug":"succese-pe-calea-performantei","status":"publish","type":"post","link":"https:\/\/www.liceulprometeuprotalent.md\/?p=8326","title":{"rendered":"Succese pe calea performan\u021bei"},"content":{"rendered":"<p>Elevii Liceului de Creativitate \u0219i Inventic\u0103 \u201ePrometeu-Protalent\u201d au demonstrat cuno\u0219tin\u021be competitive la Olimpiada Republican\u0103 la Matematic\u0103, care s-a desf\u0103\u0219urat \u00een perioada 28 februarie \u2013 3 martie 2025. Performan\u021bele lor deosebite au fost apreciate cu <strong>Diplom\u0103 de gradul III<\/strong> <strong>\u2013 c\u00e2\u0219tig\u0103tor Alexandru Gala\u021banu<\/strong> din clasa a VIII-a \u0219i cu dou\u0103 <strong>Diplome de Men\u021biune<\/strong> <strong>\u2013 c\u00e2\u0219tig\u0103tori Laura Iachimov<\/strong> din clasa a IX-a \u0219i <strong>Robert Untila<\/strong> din clasa a VIII-a. \u00cen perioada de preg\u0103tire pentru Olimpiad\u0103, \u00eenving\u0103torii s-au bucurat de sprijinul \u0219i consultan\u021ba <strong>doamnei<\/strong> <strong>Olga Dru\u021b\u0103, profesoar\u0103 de matematic\u0103,<\/strong> grad didactic unu \u0219i doamnei Maria Iarmenco, profesoar\u0103 de matematic\u0103, grad didactic superior.<\/p>\n<p>Premian\u021bii no\u0219tri au concurat cu 221 de elevi din \u00eentreaga republic\u0103, care au participat la Olimpiada din acest an. Competi\u021bia a fost organizat\u0103 de Agen\u021bia Na\u021bional\u0103 pentru Curriculum \u0219i Evaluare din cadrul Ministerului Educa\u021biei \u0219i Cercet\u0103rii al Republicii Moldova.<\/p>\n<p>Felicit\u0103ri, dragi \u00eenving\u0103tori! Ne-a\u021bi bucurat mult cu presta\u021bia voastr\u0103 de toat\u0103 lauda! V\u0103 dorim s\u0103 ave\u021bi mereu succese pe calea performan\u021bei!<\/p>\n<p>Felicit\u0103ri, stimate doamne profesoare! Apreciem mult profesionalismul Dvs. \u0219i efortul depus pentru ob\u021binerea acestor frumoase rezultate.<\/p>\n<p>&nbsp;<\/p>\n<p><img decoding=\"async\" class=\"alignnone wp-image-8327 size-fusion-400\" src=\"https:\/\/www.liceulprometeuprotalent.md\/wp-content\/uploads\/2025\/03\/viber_image_2025-03-03_13-53-33-352-400x619.jpg\" alt=\"\" width=\"400\" height=\"619\" srcset=\"https:\/\/www.liceulprometeuprotalent.md\/wp-content\/uploads\/2025\/03\/viber_image_2025-03-03_13-53-33-352-194x300.jpg 194w, https:\/\/www.liceulprometeuprotalent.md\/wp-content\/uploads\/2025\/03\/viber_image_2025-03-03_13-53-33-352-200x310.jpg 200w, https:\/\/www.liceulprometeuprotalent.md\/wp-content\/uploads\/2025\/03\/viber_image_2025-03-03_13-53-33-352-400x619.jpg 400w, https:\/\/www.liceulprometeuprotalent.md\/wp-content\/uploads\/2025\/03\/viber_image_2025-03-03_13-53-33-352-600x929.jpg 600w, https:\/\/www.liceulprometeuprotalent.md\/wp-content\/uploads\/2025\/03\/viber_image_2025-03-03_13-53-33-352-661x1024.jpg 661w, https:\/\/www.liceulprometeuprotalent.md\/wp-content\/uploads\/2025\/03\/viber_image_2025-03-03_13-53-33-352-768x1189.jpg 768w, https:\/\/www.liceulprometeuprotalent.md\/wp-content\/uploads\/2025\/03\/viber_image_2025-03-03_13-53-33-352-800x1239.jpg 800w, https:\/\/www.liceulprometeuprotalent.md\/wp-content\/uploads\/2025\/03\/viber_image_2025-03-03_13-53-33-352.jpg 857w\" sizes=\"(max-width: 400px) 100vw, 400px\" \/> <img decoding=\"async\" class=\"alignnone wp-image-8328 size-fusion-400\" src=\"https:\/\/www.liceulprometeuprotalent.md\/wp-content\/uploads\/2025\/03\/viber_image_2025-03-03_13-53-31-962-400x629.jpg\" alt=\"\" width=\"400\" height=\"629\" srcset=\"https:\/\/www.liceulprometeuprotalent.md\/wp-content\/uploads\/2025\/03\/viber_image_2025-03-03_13-53-31-962-191x300.jpg 191w, https:\/\/www.liceulprometeuprotalent.md\/wp-content\/uploads\/2025\/03\/viber_image_2025-03-03_13-53-31-962-200x314.jpg 200w, https:\/\/www.liceulprometeuprotalent.md\/wp-content\/uploads\/2025\/03\/viber_image_2025-03-03_13-53-31-962-400x629.jpg 400w, https:\/\/www.liceulprometeuprotalent.md\/wp-content\/uploads\/2025\/03\/viber_image_2025-03-03_13-53-31-962-600x943.jpg 600w, https:\/\/www.liceulprometeuprotalent.md\/wp-content\/uploads\/2025\/03\/viber_image_2025-03-03_13-53-31-962.jpg 649w\" sizes=\"(max-width: 400px) 100vw, 400px\" \/> <img decoding=\"async\" class=\"alignnone wp-image-8329 size-fusion-400\" src=\"https:\/\/www.liceulprometeuprotalent.md\/wp-content\/uploads\/2025\/03\/viber_image_2025-03-03_12-58-09-831-400x397.jpg\" alt=\"\" width=\"400\" height=\"397\" srcset=\"https:\/\/www.liceulprometeuprotalent.md\/wp-content\/uploads\/2025\/03\/viber_image_2025-03-03_12-58-09-831-66x66.jpg 66w, https:\/\/www.liceulprometeuprotalent.md\/wp-content\/uploads\/2025\/03\/viber_image_2025-03-03_12-58-09-831-150x150.jpg 150w, https:\/\/www.liceulprometeuprotalent.md\/wp-content\/uploads\/2025\/03\/viber_image_2025-03-03_12-58-09-831-200x198.jpg 200w, https:\/\/www.liceulprometeuprotalent.md\/wp-content\/uploads\/2025\/03\/viber_image_2025-03-03_12-58-09-831-300x298.jpg 300w, https:\/\/www.liceulprometeuprotalent.md\/wp-content\/uploads\/2025\/03\/viber_image_2025-03-03_12-58-09-831-400x397.jpg 400w, https:\/\/www.liceulprometeuprotalent.md\/wp-content\/uploads\/2025\/03\/viber_image_2025-03-03_12-58-09-831-600x595.jpg 600w, https:\/\/www.liceulprometeuprotalent.md\/wp-content\/uploads\/2025\/03\/viber_image_2025-03-03_12-58-09-831.jpg 735w\" sizes=\"(max-width: 400px) 100vw, 400px\" \/><\/p>\n","protected":false},"excerpt":{"rendered":"<p>Elevii Liceului de Creativitate \u0219i Inventic\u0103 \u201ePrometeu-Protalent\u201d au demonstrat cuno\u0219tin\u021be competitive la Olimpiada Republican\u0103 la Matematic\u0103, care s-a desf\u0103\u0219urat \u00een perioada 28 februarie \u2013 3 martie 2025. Performan\u021bele lor deosebite au fost apreciate cu Diplom\u0103 de gradul III \u2013 c\u00e2\u0219tig\u0103tor Alexandru Gala\u021banu din clasa a VIII-a \u0219i cu dou\u0103 Diplome de Men\u021biune \u2013 c\u00e2\u0219tig\u0103tori Laura [&hellip;]<\/p>\n","protected":false},"author":1,"featured_media":8329,"comment_status":"open","ping_status":"open","sticky":false,"template":"","format":"standard","meta":{"_price":"","_stock":"","_tribe_ticket_header":"","_tribe_default_ticket_provider":"","_tribe_ticket_capacity":"0","_ticket_start_date":"","_ticket_end_date":"","_tribe_ticket_show_description":"","_tribe_ticket_show_not_going":false,"_tribe_ticket_use_global_stock":"","_tribe_ticket_global_stock_level":"","_global_stock_mode":"","_global_stock_cap":"","_tribe_rsvp_for_event":"","_tribe_ticket_going_count":"","_tribe_ticket_not_going_count":"","_tribe_tickets_list":"[]","_tribe_ticket_has_attendee_info_fields":false,"footnotes":""},"categories":[89,80,1],"tags":[],"class_list":["post-8326","post","type-post","status-publish","format-standard","has-post-thumbnail","hentry","category-blog","category-toate-categoriile","category-uncategorized"],"_links":{"self":[{"href":"https:\/\/www.liceulprometeuprotalent.md\/index.php?rest_route=\/wp\/v2\/posts\/8326","targetHints":{"allow":["GET"]}}],"collection":[{"href":"https:\/\/www.liceulprometeuprotalent.md\/index.php?rest_route=\/wp\/v2\/posts"}],"about":[{"href":"https:\/\/www.liceulprometeuprotalent.md\/index.php?rest_route=\/wp\/v2\/types\/post"}],"author":[{"embeddable":true,"href":"https:\/\/www.liceulprometeuprotalent.md\/index.php?rest_route=\/wp\/v2\/users\/1"}],"replies":[{"embeddable":true,"href":"https:\/\/www.liceulprometeuprotalent.md\/index.php?rest_route=%2Fwp%2Fv2%2Fcomments&post=8326"}],"version-history":[{"count":1,"href":"https:\/\/www.liceulprometeuprotalent.md\/index.php?rest_route=\/wp\/v2\/posts\/8326\/revisions"}],"predecessor-version":[{"id":8330,"href":"https:\/\/www.liceulprometeuprotalent.md\/index.php?rest_route=\/wp\/v2\/posts\/8326\/revisions\/8330"}],"wp:featuredmedia":[{"embeddable":true,"href":"https:\/\/www.liceulprometeuprotalent.md\/index.php?rest_route=\/wp\/v2\/media\/8329"}],"wp:attachment":[{"href":"https:\/\/www.liceulprometeuprotalent.md\/index.php?rest_route=%2Fwp%2Fv2%2Fmedia&parent=8326"}],"wp:term":[{"taxonomy":"category","embeddable":true,"href":"https:\/\/www.liceulprometeuprotalent.md\/index.php?rest_route=%2Fwp%2Fv2%2Fcategories&post=8326"},{"taxonomy":"post_tag","embeddable":true,"href":"https:\/\/www.liceulprometeuprotalent.md\/index.php?rest_route=%2Fwp%2Fv2%2Ftags&post=8326"}],"curies":[{"name":"wp","href":"https:\/\/api.w.org\/{rel}","templated":true}]}}