{"id":8331,"date":"2025-03-05T14:40:12","date_gmt":"2025-03-05T14:40:12","guid":{"rendered":"https:\/\/www.liceulprometeuprotalent.md\/?p=8331"},"modified":"2025-03-08T15:01:05","modified_gmt":"2025-03-08T15:01:05","slug":"invingatori-la-dezlegarea-misterelor-universului","status":"publish","type":"post","link":"https:\/\/www.liceulprometeuprotalent.md\/?p=8331","title":{"rendered":"\u00cenving\u0103tori la dezlegarea misterelor Universului"},"content":{"rendered":"<p>De\u0219i la Liceul de Creativitate \u0219i Inventic\u0103 \u201ePrometeu-Protalent\u201d nu se pred\u0103 astronomia, elevii <strong>C\u0103t\u0103lina Rotari din clasa a IX-a \u201eB\u201d \u0219i Rare\u0219 Miron din clasa a VIII-a \u201eC\u201d<\/strong> au ob\u021binut <strong>Locul II <\/strong>\u0219i respectiv <strong>Locul III <\/strong>la Olimpiada Republican\u0103 de Astronomie \u0219i Astrofizic\u0103, edi\u021bia I, care a avut loc pe data de 22 februarie 2025 la Universitatea Tehnic\u0103 a Moldovei (UTM). Pasiona\u021bi de aceste \u0219tiin\u021be deosebit de interesante, elevii s-au preg\u0103tit din proprie ini\u021biativ\u0103 pentru aceast\u0103 important\u0103 competi\u021bie, fiind ghida\u021bi \u0219i sprijini\u021bi de <strong>dl Sergiu \u0218argarovschi, profesor de fizic\u0103, grad didactic superior, director adjunct. <\/strong><\/p>\n<p>Festivitatea de \u00eenm\u00e2nare a premiilor, prin care au fost celebrate performan\u021bele elevilor, a avut loc pe data de 1 martie 2025, la Universitatea Tehnic\u0103 a Moldovei.<\/p>\n<p>Felicit\u0103ri, dragi \u00eenving\u0103tori! Admirabil\u0103 este pasiunea voastr\u0103 pentru misterele Universului. Conform regulamentului Olimpiadei primii 5 elevi de la ambele categorii de competitori &#8211; juniori \u0219i seniori \u2013 vor fi selecta\u021bi s\u0103 fac\u0103 parte din lotul olimpic, care va reprezenta Republica Moldova la Olimpiadele Interna\u021bionale de Astronomie \u0219i Astrofizic\u0103. V\u0103 dorim succese \u00een continuare!<\/p>\n<p>Felicit\u0103ri, stimate dle profesor Sergiu \u0218argarovschi! Mul\u021bumim pentru motivare \u0219i efort la preg\u0103tirea elevilor pentru participare la astfel de competi\u021bii prestigioase. Apreciem mult dedicarea \u0219i profesionalismul dumneavoastr\u0103!<\/p>\n<p>&nbsp;<\/p>\n<p><strong>Nota Bene:<\/strong><\/p>\n<p>Potrivit organizatorilor, prin participare, elevii \u00ee\u0219i dezvolt\u0103 g\u00e2ndirea logic\u0103, abilit\u0103\u021bile de rezolvare a problemelor complexe \u0219i c\u00e2\u0219tig\u0103 experien\u021b\u0103 pentru competi\u021biile interna\u021bionale. De asemenea, Olimpiada faciliteaz\u0103 schimbul de idei \u00eentre tinerii pasiona\u021bi de \u0219tiin\u021b\u0103 \u0219i exper\u021bii \u00een domeniu.<\/p>\n<p>Evenimentul de referin\u021b\u0103 pentru pasiona\u021bii de astronomie \u0219i astrofizic\u0103 a fost organizat de Asocia\u021bia de Astronomie \u0219i Astrofizic\u0103 din Republica Moldova cu sprijinul partenerilor de \u00eencredere \u2013 Universitatea Tehnic\u0103 a Moldovei, Inspectoratul \u0218colar Jude\u021bean Suceava, Societatea \u0218tiin\u021bific\u0103 Cygnus \u0219i SPARC Moldova.<\/p>\n<p><img decoding=\"async\" class=\"alignnone wp-image-8336 size-fusion-400\" src=\"https:\/\/www.liceulprometeuprotalent.md\/wp-content\/uploads\/2025\/03\/IMG_5412-400x533.jpeg\" alt=\"\" width=\"400\" height=\"533\" srcset=\"https:\/\/www.liceulprometeuprotalent.md\/wp-content\/uploads\/2025\/03\/IMG_5412-200x267.jpeg 200w, https:\/\/www.liceulprometeuprotalent.md\/wp-content\/uploads\/2025\/03\/IMG_5412-225x300.jpeg 225w, https:\/\/www.liceulprometeuprotalent.md\/wp-content\/uploads\/2025\/03\/IMG_5412-400x533.jpeg 400w, https:\/\/www.liceulprometeuprotalent.md\/wp-content\/uploads\/2025\/03\/IMG_5412-600x800.jpeg 600w, https:\/\/www.liceulprometeuprotalent.md\/wp-content\/uploads\/2025\/03\/IMG_5412-768x1024.jpeg 768w, https:\/\/www.liceulprometeuprotalent.md\/wp-content\/uploads\/2025\/03\/IMG_5412-800x1067.jpeg 800w, https:\/\/www.liceulprometeuprotalent.md\/wp-content\/uploads\/2025\/03\/IMG_5412-1152x1536.jpeg 1152w, https:\/\/www.liceulprometeuprotalent.md\/wp-content\/uploads\/2025\/03\/IMG_5412-1200x1600.jpeg 1200w, https:\/\/www.liceulprometeuprotalent.md\/wp-content\/uploads\/2025\/03\/IMG_5412.jpeg 1536w\" sizes=\"(max-width: 400px) 100vw, 400px\" \/><\/p>\n<p><img decoding=\"async\" class=\"wp-image-8332 size-fusion-400 aligncenter\" src=\"https:\/\/www.liceulprometeuprotalent.md\/wp-content\/uploads\/2025\/03\/viber_image_2025-03-03_17-36-32-552-400x814.jpg\" alt=\"\" width=\"400\" height=\"814\" srcset=\"https:\/\/www.liceulprometeuprotalent.md\/wp-content\/uploads\/2025\/03\/viber_image_2025-03-03_17-36-32-552-147x300.jpg 147w, https:\/\/www.liceulprometeuprotalent.md\/wp-content\/uploads\/2025\/03\/viber_image_2025-03-03_17-36-32-552-200x407.jpg 200w, https:\/\/www.liceulprometeuprotalent.md\/wp-content\/uploads\/2025\/03\/viber_image_2025-03-03_17-36-32-552-400x814.jpg 400w, https:\/\/www.liceulprometeuprotalent.md\/wp-content\/uploads\/2025\/03\/viber_image_2025-03-03_17-36-32-552-503x1024.jpg 503w, https:\/\/www.liceulprometeuprotalent.md\/wp-content\/uploads\/2025\/03\/viber_image_2025-03-03_17-36-32-552-600x1221.jpg 600w, https:\/\/www.liceulprometeuprotalent.md\/wp-content\/uploads\/2025\/03\/viber_image_2025-03-03_17-36-32-552-755x1536.jpg 755w, https:\/\/www.liceulprometeuprotalent.md\/wp-content\/uploads\/2025\/03\/viber_image_2025-03-03_17-36-32-552-768x1563.jpg 768w, https:\/\/www.liceulprometeuprotalent.md\/wp-content\/uploads\/2025\/03\/viber_image_2025-03-03_17-36-32-552.jpg 786w\" sizes=\"(max-width: 400px) 100vw, 400px\" \/><\/p>\n","protected":false},"excerpt":{"rendered":"<p>De\u0219i la Liceul de Creativitate \u0219i Inventic\u0103 \u201ePrometeu-Protalent\u201d nu se pred\u0103 astronomia, elevii C\u0103t\u0103lina Rotari din clasa a IX-a \u201eB\u201d \u0219i Rare\u0219 Miron din clasa a VIII-a \u201eC\u201d au ob\u021binut Locul II \u0219i respectiv Locul III la Olimpiada Republican\u0103 de Astronomie \u0219i Astrofizic\u0103, edi\u021bia I, care a avut loc pe data de 22 februarie 2025 [&hellip;]<\/p>\n","protected":false},"author":1,"featured_media":8333,"comment_status":"open","ping_status":"open","sticky":false,"template":"","format":"standard","meta":{"_price":"","_stock":"","_tribe_ticket_header":"","_tribe_default_ticket_provider":"","_tribe_ticket_capacity":"0","_ticket_start_date":"","_ticket_end_date":"","_tribe_ticket_show_description":"","_tribe_ticket_show_not_going":false,"_tribe_ticket_use_global_stock":"","_tribe_ticket_global_stock_level":"","_global_stock_mode":"","_global_stock_cap":"","_tribe_rsvp_for_event":"","_tribe_ticket_going_count":"","_tribe_ticket_not_going_count":"","_tribe_tickets_list":"[]","_tribe_ticket_has_attendee_info_fields":false,"footnotes":""},"categories":[89,80,1],"tags":[],"class_list":["post-8331","post","type-post","status-publish","format-standard","has-post-thumbnail","hentry","category-blog","category-toate-categoriile","category-uncategorized"],"_links":{"self":[{"href":"https:\/\/www.liceulprometeuprotalent.md\/index.php?rest_route=\/wp\/v2\/posts\/8331","targetHints":{"allow":["GET"]}}],"collection":[{"href":"https:\/\/www.liceulprometeuprotalent.md\/index.php?rest_route=\/wp\/v2\/posts"}],"about":[{"href":"https:\/\/www.liceulprometeuprotalent.md\/index.php?rest_route=\/wp\/v2\/types\/post"}],"author":[{"embeddable":true,"href":"https:\/\/www.liceulprometeuprotalent.md\/index.php?rest_route=\/wp\/v2\/users\/1"}],"replies":[{"embeddable":true,"href":"https:\/\/www.liceulprometeuprotalent.md\/index.php?rest_route=%2Fwp%2Fv2%2Fcomments&post=8331"}],"version-history":[{"count":3,"href":"https:\/\/www.liceulprometeuprotalent.md\/index.php?rest_route=\/wp\/v2\/posts\/8331\/revisions"}],"predecessor-version":[{"id":8338,"href":"https:\/\/www.liceulprometeuprotalent.md\/index.php?rest_route=\/wp\/v2\/posts\/8331\/revisions\/8338"}],"wp:featuredmedia":[{"embeddable":true,"href":"https:\/\/www.liceulprometeuprotalent.md\/index.php?rest_route=\/wp\/v2\/media\/8333"}],"wp:attachment":[{"href":"https:\/\/www.liceulprometeuprotalent.md\/index.php?rest_route=%2Fwp%2Fv2%2Fmedia&parent=8331"}],"wp:term":[{"taxonomy":"category","embeddable":true,"href":"https:\/\/www.liceulprometeuprotalent.md\/index.php?rest_route=%2Fwp%2Fv2%2Fcategories&post=8331"},{"taxonomy":"post_tag","embeddable":true,"href":"https:\/\/www.liceulprometeuprotalent.md\/index.php?rest_route=%2Fwp%2Fv2%2Ftags&post=8331"}],"curies":[{"name":"wp","href":"https:\/\/api.w.org\/{rel}","templated":true}]}}