{"id":8340,"date":"2025-03-11T07:08:59","date_gmt":"2025-03-11T07:08:59","guid":{"rendered":"https:\/\/www.liceulprometeuprotalent.md\/?p=8340"},"modified":"2025-03-11T07:10:26","modified_gmt":"2025-03-11T07:10:26","slug":"intru-sporirea-calitatii-educatiei","status":"publish","type":"post","link":"https:\/\/www.liceulprometeuprotalent.md\/?p=8340","title":{"rendered":"\u00centru sporirea calit\u0103\u021bii educa\u021biei"},"content":{"rendered":"<p>Echipa cadrelor didactice ale Liceului de Creativitate \u0219i Inventic\u0103 \u201ePrometeu-Protalent\u201d, din componen\u021ba c\u0103reia au f\u0103cut parte doamna \u00eenv\u0103\u021b\u0103toare Iulia Scripnic, director adjunct instruire, treapta primar\u0103, doamnele \u00eenv\u0103\u021b\u0103toare Tatiana B\u00eelici, Nelea Vicol, Ilona Talma\u021bchi, Aurelia Dodi\u021b\u0103, doamna Mariana Guzun, profesoar\u0103 de matematic\u0103, doamna Tatiana Statii, profesoar\u0103 de biologie, domnul Sergiu \u0218argarovschi, profesor de fizic\u0103, doamna Ecaterina Adam, profesoar\u0103 de informatic\u0103, domnul Veaceslav Adam, profesor de educa\u021bia muzical\u0103, domnul Vasile Cupcea, profesor de educa\u021bia fizic\u0103, doamna Tatiana Melnic, profesoar\u0103 de limba \u0219i literatura rom\u00e2n\u0103, \u0219efa Comisiei metodice \u0218tiin\u021be socioumanistice, doamnele profesoare de limba \u0219i literatura rom\u00e2n\u0103 Natalia Ada\u0219an \u0219i Natalia Rusica, doamna Zinaida V\u00eerlan, profesoar\u0103 de limba francez\u0103, director adjunct instruire, treapta gimnazial\u0103 \u0219i liceal\u0103, doamna Larisa Silvestru, director al LCI \u201ePrometeu-Protalent\u201d, au \u00eentreprins pe data de 6 martie 2025 o vizit\u0103 de r\u0103spuns la Colegiul Na\u021bional \u201eGarabet Ibr\u0103ileanu\u201d din Ia\u0219i, \u00een cadrul proiectului \u201eStrategii didactice inovatoare\u00a0\u00een spa\u021biul\u00a0educa\u021bional transfrontalier\u201d, desf\u0103\u0219urat pe parcursul anului de studii 2024-2025.<\/p>\n<p>Vizita survine dup\u0103 o activitate la LCI \u201ePrometeu-Protalent\u201d, care a avut loc pe data de 25 octombrie 2024, \u00een cadrul c\u0103reia o echip\u0103 de cadre didactice de la institu\u021bia din Ia\u0219i, au sus\u021binut lec\u021bii publice \u00een fa\u021ba elevilor prometei\u0219ti, urm\u0103rindu-se realizarea unui schimb de bune practici, care au menirea s\u0103 \u00eembun\u0103t\u0103\u021beasc\u0103 procesului instructiv-educativ \u0219i s\u0103 creeze oportunit\u0103\u021bi de dezvoltare profesional\u0103 \u0219i cultural\u0103 at\u00e2t pentru cadrele didactice, c\u00e2t \u0219i pentru elevi.<\/p>\n<p>Angaja\u021bi \u00eentr-o experien\u021b\u0103 similar\u0103, cadrele didactice de la LCI \u201ePrometeu-Protalent\u201d au avut prilejul s\u0103-\u0219i demonstreze profesionalismul, creativitatea, inventivitatea, devotamentul \u0219i d\u0103ruirea \u00een fa\u021ba elevilor ie\u0219eni, iar entuziasmul, emo\u021bia, bucuria \u0219i satisfac\u021bia citite pe fe\u021bele pedagogilor \u0219i ale elevilor, au constituit dovezi concludente ale utilit\u0103\u021bii acestui proiect.<\/p>\n<p>\u201eEduca\u021bia ne une\u0219te dincolo de grani\u021be!\u201d afirm\u0103 doamna Daniela Vacarciuc, directoarea Liceului \u201eVasile Alecsandri\u201d, care \u00eempreun\u0103 cu o echip\u0103 excep\u021bional\u0103 de cadre didactice este implicat\u0103 pe parcursul mai multor ani \u00een acest proiect.<\/p>\n<p>Lec\u021biile demonstrative au fost urmate de lucr\u0103rile conferin\u021bei cu tema \u201eStrategii didactice inovatoare \u00een spa\u021biul educa\u021bional transfrontalier\u201d, care a avut loc la Casa Muzeelor \u2013 Muzeul Na\u021bional al Literaturii Rom\u00e2ne Ia\u0219i. Comunic\u0103rile \u201eDemersuri \u00een proiectul transfrontalier\u201d, \u201eStrategii inovatoare: prezentarea volumului \u201eOameni de succes. C\u0103r\u021bi de succes\u201d \u0219i \u201eActivit\u0103\u021bi extracurriculare la biologie\u201d, prezentate respectiv de doamnele Zinaida V\u00eerlan, Natalia Rusica \u0219i Tatiana Statii, au completat \u00een mod reu\u0219it tematica pus\u0103 \u00een discu\u021bie, contribuind la diversificarea strategiilor, tehnicilor \u0219i metodelor inovatoare, menite s\u0103 sporeasc\u0103 calitatea educa\u021biei \u0219i, implicit, a competen\u021belor profesionale ale cadrelor didactice.<\/p>\n<p>Echipa cadrelor didactice de la LCI \u201ePrometeu-Protalent\u201d aduce calde mul\u021bumiri domnului profesor Constantin Chiril\u0103, director al Colegiului Na\u021bional \u201eGarabet Ibr\u0103ileanu\u201d Ia\u0219i, \u00a0care de-a lungul anilor, prin parteneriatele educa\u021bionale, traininguri \u0219i concursuri, ne ofer\u0103 oportunit\u0103\u021bi de perfec\u021bionare \u0219i de asigurare a calit\u0103\u021bii educa\u021biei. Respect \u0219i mul\u021bumiri aducem doamnei Doini\u021ba C\u0103r\u0103u\u0219u, profesoar\u0103 la Colegiul Na\u021bional \u201eGarabet Ibr\u0103ileanu\u201d Ia\u0219i,\u00a0coordonatoarea proiectului \u0219i tuturor cadrelor didactice implicate pentru colaborarea \u00eendelungat\u0103, reciproc avantajoas\u0103 \u0219i ospitalitatea deosebit\u0103.<\/p>\n<div id=\"attachment_8349\" style=\"width: 2570px\" class=\"wp-caption alignnone\"><img decoding=\"async\" aria-describedby=\"caption-attachment-8349\" class=\"size-full wp-image-8349\" src=\"https:\/\/www.liceulprometeuprotalent.md\/wp-content\/uploads\/2025\/03\/IMG20250306145356-scaled.jpg\" alt=\"\" width=\"2560\" height=\"1928\" srcset=\"https:\/\/www.liceulprometeuprotalent.md\/wp-content\/uploads\/2025\/03\/IMG20250306145356-200x151.jpg 200w, https:\/\/www.liceulprometeuprotalent.md\/wp-content\/uploads\/2025\/03\/IMG20250306145356-300x226.jpg 300w, https:\/\/www.liceulprometeuprotalent.md\/wp-content\/uploads\/2025\/03\/IMG20250306145356-400x301.jpg 400w, https:\/\/www.liceulprometeuprotalent.md\/wp-content\/uploads\/2025\/03\/IMG20250306145356-600x452.jpg 600w, https:\/\/www.liceulprometeuprotalent.md\/wp-content\/uploads\/2025\/03\/IMG20250306145356-768x578.jpg 768w, https:\/\/www.liceulprometeuprotalent.md\/wp-content\/uploads\/2025\/03\/IMG20250306145356-800x602.jpg 800w, https:\/\/www.liceulprometeuprotalent.md\/wp-content\/uploads\/2025\/03\/IMG20250306145356-1024x771.jpg 1024w, https:\/\/www.liceulprometeuprotalent.md\/wp-content\/uploads\/2025\/03\/IMG20250306145356-1200x904.jpg 1200w, https:\/\/www.liceulprometeuprotalent.md\/wp-content\/uploads\/2025\/03\/IMG20250306145356-1536x1157.jpg 1536w, https:\/\/www.liceulprometeuprotalent.md\/wp-content\/uploads\/2025\/03\/IMG20250306145356-scaled.jpg 2560w\" sizes=\"(max-width: 2560px) 100vw, 2560px\" \/><p id=\"caption-attachment-8349\" class=\"wp-caption-text\">oplus_0<\/p><\/div>\n<div id=\"attachment_8348\" style=\"width: 2570px\" class=\"wp-caption alignnone\"><img decoding=\"async\" aria-describedby=\"caption-attachment-8348\" class=\"size-full wp-image-8348\" src=\"https:\/\/www.liceulprometeuprotalent.md\/wp-content\/uploads\/2025\/03\/IMG20250306124305-scaled.jpg\" alt=\"\" width=\"2560\" height=\"1928\" srcset=\"https:\/\/www.liceulprometeuprotalent.md\/wp-content\/uploads\/2025\/03\/IMG20250306124305-200x151.jpg 200w, https:\/\/www.liceulprometeuprotalent.md\/wp-content\/uploads\/2025\/03\/IMG20250306124305-300x226.jpg 300w, https:\/\/www.liceulprometeuprotalent.md\/wp-content\/uploads\/2025\/03\/IMG20250306124305-400x301.jpg 400w, https:\/\/www.liceulprometeuprotalent.md\/wp-content\/uploads\/2025\/03\/IMG20250306124305-600x452.jpg 600w, https:\/\/www.liceulprometeuprotalent.md\/wp-content\/uploads\/2025\/03\/IMG20250306124305-768x578.jpg 768w, https:\/\/www.liceulprometeuprotalent.md\/wp-content\/uploads\/2025\/03\/IMG20250306124305-800x602.jpg 800w, https:\/\/www.liceulprometeuprotalent.md\/wp-content\/uploads\/2025\/03\/IMG20250306124305-1024x771.jpg 1024w, https:\/\/www.liceulprometeuprotalent.md\/wp-content\/uploads\/2025\/03\/IMG20250306124305-1200x904.jpg 1200w, https:\/\/www.liceulprometeuprotalent.md\/wp-content\/uploads\/2025\/03\/IMG20250306124305-1536x1157.jpg 1536w, https:\/\/www.liceulprometeuprotalent.md\/wp-content\/uploads\/2025\/03\/IMG20250306124305-scaled.jpg 2560w\" sizes=\"(max-width: 2560px) 100vw, 2560px\" \/><p id=\"caption-attachment-8348\" class=\"wp-caption-text\">oplus_0<\/p><\/div>\n<div id=\"attachment_8347\" style=\"width: 2570px\" class=\"wp-caption alignnone\"><img decoding=\"async\" aria-describedby=\"caption-attachment-8347\" class=\"size-full wp-image-8347\" src=\"https:\/\/www.liceulprometeuprotalent.md\/wp-content\/uploads\/2025\/03\/IMG20250306145406-scaled.jpg\" alt=\"\" width=\"2560\" height=\"1928\" srcset=\"https:\/\/www.liceulprometeuprotalent.md\/wp-content\/uploads\/2025\/03\/IMG20250306145406-200x151.jpg 200w, https:\/\/www.liceulprometeuprotalent.md\/wp-content\/uploads\/2025\/03\/IMG20250306145406-300x226.jpg 300w, https:\/\/www.liceulprometeuprotalent.md\/wp-content\/uploads\/2025\/03\/IMG20250306145406-400x301.jpg 400w, https:\/\/www.liceulprometeuprotalent.md\/wp-content\/uploads\/2025\/03\/IMG20250306145406-600x452.jpg 600w, https:\/\/www.liceulprometeuprotalent.md\/wp-content\/uploads\/2025\/03\/IMG20250306145406-768x578.jpg 768w, https:\/\/www.liceulprometeuprotalent.md\/wp-content\/uploads\/2025\/03\/IMG20250306145406-800x602.jpg 800w, https:\/\/www.liceulprometeuprotalent.md\/wp-content\/uploads\/2025\/03\/IMG20250306145406-1024x771.jpg 1024w, https:\/\/www.liceulprometeuprotalent.md\/wp-content\/uploads\/2025\/03\/IMG20250306145406-1200x904.jpg 1200w, https:\/\/www.liceulprometeuprotalent.md\/wp-content\/uploads\/2025\/03\/IMG20250306145406-1536x1157.jpg 1536w, https:\/\/www.liceulprometeuprotalent.md\/wp-content\/uploads\/2025\/03\/IMG20250306145406-scaled.jpg 2560w\" sizes=\"(max-width: 2560px) 100vw, 2560px\" \/><p id=\"caption-attachment-8347\" class=\"wp-caption-text\">oplus_0<\/p><\/div>\n<div id=\"attachment_8346\" style=\"width: 2570px\" class=\"wp-caption alignnone\"><img decoding=\"async\" aria-describedby=\"caption-attachment-8346\" class=\"size-full wp-image-8346\" src=\"https:\/\/www.liceulprometeuprotalent.md\/wp-content\/uploads\/2025\/03\/IMG20250306111350-scaled.jpg\" alt=\"\" width=\"2560\" height=\"1928\" srcset=\"https:\/\/www.liceulprometeuprotalent.md\/wp-content\/uploads\/2025\/03\/IMG20250306111350-200x151.jpg 200w, https:\/\/www.liceulprometeuprotalent.md\/wp-content\/uploads\/2025\/03\/IMG20250306111350-300x226.jpg 300w, https:\/\/www.liceulprometeuprotalent.md\/wp-content\/uploads\/2025\/03\/IMG20250306111350-400x301.jpg 400w, https:\/\/www.liceulprometeuprotalent.md\/wp-content\/uploads\/2025\/03\/IMG20250306111350-600x452.jpg 600w, https:\/\/www.liceulprometeuprotalent.md\/wp-content\/uploads\/2025\/03\/IMG20250306111350-768x578.jpg 768w, https:\/\/www.liceulprometeuprotalent.md\/wp-content\/uploads\/2025\/03\/IMG20250306111350-800x602.jpg 800w, https:\/\/www.liceulprometeuprotalent.md\/wp-content\/uploads\/2025\/03\/IMG20250306111350-1024x771.jpg 1024w, https:\/\/www.liceulprometeuprotalent.md\/wp-content\/uploads\/2025\/03\/IMG20250306111350-1200x904.jpg 1200w, https:\/\/www.liceulprometeuprotalent.md\/wp-content\/uploads\/2025\/03\/IMG20250306111350-1536x1157.jpg 1536w, https:\/\/www.liceulprometeuprotalent.md\/wp-content\/uploads\/2025\/03\/IMG20250306111350-scaled.jpg 2560w\" sizes=\"(max-width: 2560px) 100vw, 2560px\" \/><p id=\"caption-attachment-8346\" class=\"wp-caption-text\">oplus_0<\/p><\/div>\n<div id=\"attachment_8345\" style=\"width: 2570px\" class=\"wp-caption alignnone\"><img decoding=\"async\" aria-describedby=\"caption-attachment-8345\" class=\"size-full wp-image-8345\" src=\"https:\/\/www.liceulprometeuprotalent.md\/wp-content\/uploads\/2025\/03\/IMG20250306103106-scaled.jpg\" alt=\"\" width=\"2560\" height=\"1928\" srcset=\"https:\/\/www.liceulprometeuprotalent.md\/wp-content\/uploads\/2025\/03\/IMG20250306103106-200x151.jpg 200w, https:\/\/www.liceulprometeuprotalent.md\/wp-content\/uploads\/2025\/03\/IMG20250306103106-300x226.jpg 300w, https:\/\/www.liceulprometeuprotalent.md\/wp-content\/uploads\/2025\/03\/IMG20250306103106-400x301.jpg 400w, https:\/\/www.liceulprometeuprotalent.md\/wp-content\/uploads\/2025\/03\/IMG20250306103106-600x452.jpg 600w, https:\/\/www.liceulprometeuprotalent.md\/wp-content\/uploads\/2025\/03\/IMG20250306103106-768x578.jpg 768w, https:\/\/www.liceulprometeuprotalent.md\/wp-content\/uploads\/2025\/03\/IMG20250306103106-800x602.jpg 800w, https:\/\/www.liceulprometeuprotalent.md\/wp-content\/uploads\/2025\/03\/IMG20250306103106-1024x771.jpg 1024w, https:\/\/www.liceulprometeuprotalent.md\/wp-content\/uploads\/2025\/03\/IMG20250306103106-1200x904.jpg 1200w, https:\/\/www.liceulprometeuprotalent.md\/wp-content\/uploads\/2025\/03\/IMG20250306103106-1536x1157.jpg 1536w, https:\/\/www.liceulprometeuprotalent.md\/wp-content\/uploads\/2025\/03\/IMG20250306103106-scaled.jpg 2560w\" sizes=\"(max-width: 2560px) 100vw, 2560px\" \/><p id=\"caption-attachment-8345\" class=\"wp-caption-text\">oplus_0<\/p><\/div>\n<div id=\"attachment_8344\" style=\"width: 2570px\" class=\"wp-caption alignnone\"><img decoding=\"async\" aria-describedby=\"caption-attachment-8344\" class=\"size-full wp-image-8344\" src=\"https:\/\/www.liceulprometeuprotalent.md\/wp-content\/uploads\/2025\/03\/IMG20250306094103-scaled.jpg\" alt=\"\" width=\"2560\" height=\"1928\" srcset=\"https:\/\/www.liceulprometeuprotalent.md\/wp-content\/uploads\/2025\/03\/IMG20250306094103-200x151.jpg 200w, https:\/\/www.liceulprometeuprotalent.md\/wp-content\/uploads\/2025\/03\/IMG20250306094103-300x226.jpg 300w, https:\/\/www.liceulprometeuprotalent.md\/wp-content\/uploads\/2025\/03\/IMG20250306094103-400x301.jpg 400w, https:\/\/www.liceulprometeuprotalent.md\/wp-content\/uploads\/2025\/03\/IMG20250306094103-600x452.jpg 600w, https:\/\/www.liceulprometeuprotalent.md\/wp-content\/uploads\/2025\/03\/IMG20250306094103-768x578.jpg 768w, https:\/\/www.liceulprometeuprotalent.md\/wp-content\/uploads\/2025\/03\/IMG20250306094103-800x602.jpg 800w, https:\/\/www.liceulprometeuprotalent.md\/wp-content\/uploads\/2025\/03\/IMG20250306094103-1024x771.jpg 1024w, https:\/\/www.liceulprometeuprotalent.md\/wp-content\/uploads\/2025\/03\/IMG20250306094103-1200x904.jpg 1200w, https:\/\/www.liceulprometeuprotalent.md\/wp-content\/uploads\/2025\/03\/IMG20250306094103-1536x1157.jpg 1536w, https:\/\/www.liceulprometeuprotalent.md\/wp-content\/uploads\/2025\/03\/IMG20250306094103-scaled.jpg 2560w\" sizes=\"(max-width: 2560px) 100vw, 2560px\" \/><p id=\"caption-attachment-8344\" class=\"wp-caption-text\">oplus_0<\/p><\/div>\n<div id=\"attachment_8343\" style=\"width: 2570px\" class=\"wp-caption alignnone\"><img decoding=\"async\" aria-describedby=\"caption-attachment-8343\" class=\"size-full wp-image-8343\" src=\"https:\/\/www.liceulprometeuprotalent.md\/wp-content\/uploads\/2025\/03\/IMG20250306094309-scaled.jpg\" alt=\"\" width=\"2560\" height=\"1928\" srcset=\"https:\/\/www.liceulprometeuprotalent.md\/wp-content\/uploads\/2025\/03\/IMG20250306094309-200x151.jpg 200w, https:\/\/www.liceulprometeuprotalent.md\/wp-content\/uploads\/2025\/03\/IMG20250306094309-300x226.jpg 300w, https:\/\/www.liceulprometeuprotalent.md\/wp-content\/uploads\/2025\/03\/IMG20250306094309-400x301.jpg 400w, https:\/\/www.liceulprometeuprotalent.md\/wp-content\/uploads\/2025\/03\/IMG20250306094309-600x452.jpg 600w, https:\/\/www.liceulprometeuprotalent.md\/wp-content\/uploads\/2025\/03\/IMG20250306094309-768x578.jpg 768w, https:\/\/www.liceulprometeuprotalent.md\/wp-content\/uploads\/2025\/03\/IMG20250306094309-800x602.jpg 800w, https:\/\/www.liceulprometeuprotalent.md\/wp-content\/uploads\/2025\/03\/IMG20250306094309-1024x771.jpg 1024w, https:\/\/www.liceulprometeuprotalent.md\/wp-content\/uploads\/2025\/03\/IMG20250306094309-1200x904.jpg 1200w, https:\/\/www.liceulprometeuprotalent.md\/wp-content\/uploads\/2025\/03\/IMG20250306094309-1536x1157.jpg 1536w, https:\/\/www.liceulprometeuprotalent.md\/wp-content\/uploads\/2025\/03\/IMG20250306094309-scaled.jpg 2560w\" sizes=\"(max-width: 2560px) 100vw, 2560px\" \/><p id=\"caption-attachment-8343\" class=\"wp-caption-text\">oplus_0<\/p><\/div>\n<div id=\"attachment_8342\" style=\"width: 2570px\" class=\"wp-caption alignnone\"><img decoding=\"async\" aria-describedby=\"caption-attachment-8342\" class=\"size-full wp-image-8342\" src=\"https:\/\/www.liceulprometeuprotalent.md\/wp-content\/uploads\/2025\/03\/IMG20250306104142-scaled.jpg\" alt=\"\" width=\"2560\" height=\"1928\" srcset=\"https:\/\/www.liceulprometeuprotalent.md\/wp-content\/uploads\/2025\/03\/IMG20250306104142-200x151.jpg 200w, https:\/\/www.liceulprometeuprotalent.md\/wp-content\/uploads\/2025\/03\/IMG20250306104142-300x226.jpg 300w, https:\/\/www.liceulprometeuprotalent.md\/wp-content\/uploads\/2025\/03\/IMG20250306104142-400x301.jpg 400w, https:\/\/www.liceulprometeuprotalent.md\/wp-content\/uploads\/2025\/03\/IMG20250306104142-600x452.jpg 600w, https:\/\/www.liceulprometeuprotalent.md\/wp-content\/uploads\/2025\/03\/IMG20250306104142-768x578.jpg 768w, https:\/\/www.liceulprometeuprotalent.md\/wp-content\/uploads\/2025\/03\/IMG20250306104142-800x602.jpg 800w, https:\/\/www.liceulprometeuprotalent.md\/wp-content\/uploads\/2025\/03\/IMG20250306104142-1024x771.jpg 1024w, https:\/\/www.liceulprometeuprotalent.md\/wp-content\/uploads\/2025\/03\/IMG20250306104142-1200x904.jpg 1200w, https:\/\/www.liceulprometeuprotalent.md\/wp-content\/uploads\/2025\/03\/IMG20250306104142-1536x1157.jpg 1536w, https:\/\/www.liceulprometeuprotalent.md\/wp-content\/uploads\/2025\/03\/IMG20250306104142-scaled.jpg 2560w\" sizes=\"(max-width: 2560px) 100vw, 2560px\" \/><p id=\"caption-attachment-8342\" class=\"wp-caption-text\">oplus_0<\/p><\/div>\n<div id=\"attachment_8341\" style=\"width: 2570px\" class=\"wp-caption alignnone\"><img decoding=\"async\" aria-describedby=\"caption-attachment-8341\" class=\"size-full wp-image-8341\" src=\"https:\/\/www.liceulprometeuprotalent.md\/wp-content\/uploads\/2025\/03\/IMG20250306105211-scaled.jpg\" alt=\"\" width=\"2560\" height=\"1928\" srcset=\"https:\/\/www.liceulprometeuprotalent.md\/wp-content\/uploads\/2025\/03\/IMG20250306105211-200x151.jpg 200w, https:\/\/www.liceulprometeuprotalent.md\/wp-content\/uploads\/2025\/03\/IMG20250306105211-300x226.jpg 300w, https:\/\/www.liceulprometeuprotalent.md\/wp-content\/uploads\/2025\/03\/IMG20250306105211-400x301.jpg 400w, https:\/\/www.liceulprometeuprotalent.md\/wp-content\/uploads\/2025\/03\/IMG20250306105211-600x452.jpg 600w, https:\/\/www.liceulprometeuprotalent.md\/wp-content\/uploads\/2025\/03\/IMG20250306105211-768x578.jpg 768w, https:\/\/www.liceulprometeuprotalent.md\/wp-content\/uploads\/2025\/03\/IMG20250306105211-800x602.jpg 800w, https:\/\/www.liceulprometeuprotalent.md\/wp-content\/uploads\/2025\/03\/IMG20250306105211-1024x771.jpg 1024w, https:\/\/www.liceulprometeuprotalent.md\/wp-content\/uploads\/2025\/03\/IMG20250306105211-1200x904.jpg 1200w, https:\/\/www.liceulprometeuprotalent.md\/wp-content\/uploads\/2025\/03\/IMG20250306105211-1536x1157.jpg 1536w, https:\/\/www.liceulprometeuprotalent.md\/wp-content\/uploads\/2025\/03\/IMG20250306105211-scaled.jpg 2560w\" sizes=\"(max-width: 2560px) 100vw, 2560px\" \/><p id=\"caption-attachment-8341\" class=\"wp-caption-text\">oplus_0<\/p><\/div>\n","protected":false},"excerpt":{"rendered":"<p>Echipa cadrelor didactice ale Liceului de Creativitate \u0219i Inventic\u0103 \u201ePrometeu-Protalent\u201d, din componen\u021ba c\u0103reia au f\u0103cut parte doamna \u00eenv\u0103\u021b\u0103toare Iulia Scripnic, director adjunct instruire, treapta primar\u0103, doamnele \u00eenv\u0103\u021b\u0103toare Tatiana B\u00eelici, Nelea Vicol, Ilona Talma\u021bchi, Aurelia Dodi\u021b\u0103, doamna Mariana Guzun, profesoar\u0103 de matematic\u0103, doamna Tatiana Statii, profesoar\u0103 de biologie, domnul Sergiu \u0218argarovschi, profesor de fizic\u0103, doamna Ecaterina [&hellip;]<\/p>\n","protected":false},"author":1,"featured_media":8344,"comment_status":"open","ping_status":"open","sticky":false,"template":"","format":"standard","meta":{"_price":"","_stock":"","_tribe_ticket_header":"","_tribe_default_ticket_provider":"","_tribe_ticket_capacity":"0","_ticket_start_date":"","_ticket_end_date":"","_tribe_ticket_show_description":"","_tribe_ticket_show_not_going":false,"_tribe_ticket_use_global_stock":"","_tribe_ticket_global_stock_level":"","_global_stock_mode":"","_global_stock_cap":"","_tribe_rsvp_for_event":"","_tribe_ticket_going_count":"","_tribe_ticket_not_going_count":"","_tribe_tickets_list":"[]","_tribe_ticket_has_attendee_info_fields":false,"footnotes":""},"categories":[89,80,1],"tags":[],"class_list":["post-8340","post","type-post","status-publish","format-standard","has-post-thumbnail","hentry","category-blog","category-toate-categoriile","category-uncategorized"],"_links":{"self":[{"href":"https:\/\/www.liceulprometeuprotalent.md\/index.php?rest_route=\/wp\/v2\/posts\/8340","targetHints":{"allow":["GET"]}}],"collection":[{"href":"https:\/\/www.liceulprometeuprotalent.md\/index.php?rest_route=\/wp\/v2\/posts"}],"about":[{"href":"https:\/\/www.liceulprometeuprotalent.md\/index.php?rest_route=\/wp\/v2\/types\/post"}],"author":[{"embeddable":true,"href":"https:\/\/www.liceulprometeuprotalent.md\/index.php?rest_route=\/wp\/v2\/users\/1"}],"replies":[{"embeddable":true,"href":"https:\/\/www.liceulprometeuprotalent.md\/index.php?rest_route=%2Fwp%2Fv2%2Fcomments&post=8340"}],"version-history":[{"count":3,"href":"https:\/\/www.liceulprometeuprotalent.md\/index.php?rest_route=\/wp\/v2\/posts\/8340\/revisions"}],"predecessor-version":[{"id":8351,"href":"https:\/\/www.liceulprometeuprotalent.md\/index.php?rest_route=\/wp\/v2\/posts\/8340\/revisions\/8351"}],"wp:featuredmedia":[{"embeddable":true,"href":"https:\/\/www.liceulprometeuprotalent.md\/index.php?rest_route=\/wp\/v2\/media\/8344"}],"wp:attachment":[{"href":"https:\/\/www.liceulprometeuprotalent.md\/index.php?rest_route=%2Fwp%2Fv2%2Fmedia&parent=8340"}],"wp:term":[{"taxonomy":"category","embeddable":true,"href":"https:\/\/www.liceulprometeuprotalent.md\/index.php?rest_route=%2Fwp%2Fv2%2Fcategories&post=8340"},{"taxonomy":"post_tag","embeddable":true,"href":"https:\/\/www.liceulprometeuprotalent.md\/index.php?rest_route=%2Fwp%2Fv2%2Ftags&post=8340"}],"curies":[{"name":"wp","href":"https:\/\/api.w.org\/{rel}","templated":true}]}}