{"id":8353,"date":"2025-03-11T13:12:12","date_gmt":"2025-03-11T13:12:12","guid":{"rendered":"https:\/\/www.liceulprometeuprotalent.md\/?p=8353"},"modified":"2025-03-11T13:15:28","modified_gmt":"2025-03-11T13:15:28","slug":"spectacol-memorabil-si-impresionant","status":"publish","type":"post","link":"https:\/\/www.liceulprometeuprotalent.md\/?p=8353","title":{"rendered":"Spectacol memorabil \u0219i impresionant"},"content":{"rendered":"<p><strong>Locul I<\/strong> &#8211; pentru echipa Liceului de Creativitate \u0219i Inventic\u0103 \u201ePrometeu-Protalent\u201d, care a prezentat deosebit de reu\u0219it \u0219i inspirat medalionul literar-muzical dedicat poetului na\u021bional Mihai Eminescu: \u201eTrebuiau s\u0103 poarte un nume&#8230;\u201d Distinc\u021bia a fost cucerit\u0103 \u00een cadrul Concursului Municipal \u201eDin dragoste de \u021bar\u0103 \u0219i de grai\u201d, categoria de v\u00e2rst\u0103 II (clasele a V-a \u2013 a VIII-a), care a fost organizat \u00een perioada 28 februarie \u2013 1 martie 2025 de DGETS a Consiliului Municipal Chi\u0219in\u0103u.<\/p>\n<p>La concurs au participat 40 de echipe din 32 de institu\u021bii de \u00eenv\u0103\u021b\u0103m\u00e2nt (primar, gimnazial,\u00a0 liceal \u0219i extra\u0219colar) din municipiul Chi\u0219in\u0103u. Evenimentul s-a constituit \u00eentr-un pios omagiu adus marelui poet \u00een \u201eAnul Eminescu\u201d, proclamat cu ocazia \u00eemplinirii a 175 de ani de la na\u0219tere.<\/p>\n<p>Men\u021bion\u0103m c\u0103 echipa Liceului \u201ePrometeu-Protalent\u201d, din care au f\u0103cut parte elevii Monica Andronic, Ariana C\u0103r\u0103u\u0219, Andreea Carla\u0219uc, Dan Cojocaru, Gloria Iurco, Ilinca Donici, Erica Litra, Gabriel Li\u021bcan, Adelina Matros, Iana Onic\u0103, Laura Pahomi, Melissa Pricop, Cornelia Trofim din clasa a VII-a, a realizat sub egida doamnei Diana Decusear\u0103-Onic\u0103, artist\u0103 a poporului, un spectacol de zile mari, care a corespuns integral cerin\u021belor concursului: originalitate \u0219i creativitate; calitatea interpret\u0103rii; coordonarea dintre literatur\u0103 \u0219i muzic\u0103; impactul artistic \u0219i emo\u021bional; aspectele scenice \u0219i tehnice; coeziunea \u0219i sincronizarea \u00eentre participan\u021bi; respectarea timpului de prezentare.<\/p>\n<p>Echipele \u00eenving\u0103toare au fost distinse cu diplome \u0219i premii b\u0103ne\u0219ti, \u00een baza deciziilor obiective ale juriului.<\/p>\n<p>Felicit\u0103ri, dragi tineri arti\u0219ti! Ne bucur\u0103m mult pentru succesele ob\u021binute. Ne-a\u021bi convins deja c\u0103 evoluarea voastr\u0103 la astfel de competi\u021bii, sub \u00eendrumarea atent\u0103 \u0219i profesionist\u0103 a doamnei Diana Decusear\u0103-Onic\u0103, r\u0103m\u00e2ne a fi memorabil\u0103 \u0219i impresionant\u0103.<\/p>\n<p>Felicit\u0103ri, distins\u0103 doamn\u0103 profesoar\u0103 Angela Lungu, director adjunct educa\u021bie, responsabil\u0103 de aceast\u0103 frumoas\u0103 \u0219i benefic\u0103 activitate!<\/p>\n<p style=\"text-align: center;\"><img decoding=\"async\" class=\"alignnone wp-image-8356 size-fusion-800\" src=\"https:\/\/www.liceulprometeuprotalent.md\/wp-content\/uploads\/2025\/03\/481215835_1067907325364821_7470350792829045587_n-800x600.jpg\" alt=\"\" width=\"800\" height=\"600\" srcset=\"https:\/\/www.liceulprometeuprotalent.md\/wp-content\/uploads\/2025\/03\/481215835_1067907325364821_7470350792829045587_n-200x150.jpg 200w, https:\/\/www.liceulprometeuprotalent.md\/wp-content\/uploads\/2025\/03\/481215835_1067907325364821_7470350792829045587_n-300x225.jpg 300w, https:\/\/www.liceulprometeuprotalent.md\/wp-content\/uploads\/2025\/03\/481215835_1067907325364821_7470350792829045587_n-400x300.jpg 400w, https:\/\/www.liceulprometeuprotalent.md\/wp-content\/uploads\/2025\/03\/481215835_1067907325364821_7470350792829045587_n-600x450.jpg 600w, https:\/\/www.liceulprometeuprotalent.md\/wp-content\/uploads\/2025\/03\/481215835_1067907325364821_7470350792829045587_n-768x576.jpg 768w, https:\/\/www.liceulprometeuprotalent.md\/wp-content\/uploads\/2025\/03\/481215835_1067907325364821_7470350792829045587_n-800x600.jpg 800w, https:\/\/www.liceulprometeuprotalent.md\/wp-content\/uploads\/2025\/03\/481215835_1067907325364821_7470350792829045587_n-1024x768.jpg 1024w, https:\/\/www.liceulprometeuprotalent.md\/wp-content\/uploads\/2025\/03\/481215835_1067907325364821_7470350792829045587_n-1200x900.jpg 1200w, https:\/\/www.liceulprometeuprotalent.md\/wp-content\/uploads\/2025\/03\/481215835_1067907325364821_7470350792829045587_n-1536x1152.jpg 1536w\" sizes=\"(max-width: 800px) 100vw, 800px\" \/> <img decoding=\"async\" class=\"alignnone wp-image-8355 size-fusion-800\" src=\"https:\/\/www.liceulprometeuprotalent.md\/wp-content\/uploads\/2025\/03\/481766854_1067906855364868_8430000811462510665_n-800x600.jpg\" alt=\"\" width=\"800\" height=\"600\" srcset=\"https:\/\/www.liceulprometeuprotalent.md\/wp-content\/uploads\/2025\/03\/481766854_1067906855364868_8430000811462510665_n-200x150.jpg 200w, https:\/\/www.liceulprometeuprotalent.md\/wp-content\/uploads\/2025\/03\/481766854_1067906855364868_8430000811462510665_n-300x225.jpg 300w, https:\/\/www.liceulprometeuprotalent.md\/wp-content\/uploads\/2025\/03\/481766854_1067906855364868_8430000811462510665_n-400x300.jpg 400w, https:\/\/www.liceulprometeuprotalent.md\/wp-content\/uploads\/2025\/03\/481766854_1067906855364868_8430000811462510665_n-600x450.jpg 600w, https:\/\/www.liceulprometeuprotalent.md\/wp-content\/uploads\/2025\/03\/481766854_1067906855364868_8430000811462510665_n-768x576.jpg 768w, https:\/\/www.liceulprometeuprotalent.md\/wp-content\/uploads\/2025\/03\/481766854_1067906855364868_8430000811462510665_n-800x600.jpg 800w, https:\/\/www.liceulprometeuprotalent.md\/wp-content\/uploads\/2025\/03\/481766854_1067906855364868_8430000811462510665_n-1024x768.jpg 1024w, https:\/\/www.liceulprometeuprotalent.md\/wp-content\/uploads\/2025\/03\/481766854_1067906855364868_8430000811462510665_n-1200x900.jpg 1200w, https:\/\/www.liceulprometeuprotalent.md\/wp-content\/uploads\/2025\/03\/481766854_1067906855364868_8430000811462510665_n-1536x1152.jpg 1536w\" sizes=\"(max-width: 800px) 100vw, 800px\" \/> <img decoding=\"async\" class=\"alignnone wp-image-8354 size-fusion-800\" src=\"https:\/\/www.liceulprometeuprotalent.md\/wp-content\/uploads\/2025\/03\/481950594_1067907238698163_2176664235647745556_n-800x600.jpg\" alt=\"\" width=\"800\" height=\"600\" srcset=\"https:\/\/www.liceulprometeuprotalent.md\/wp-content\/uploads\/2025\/03\/481950594_1067907238698163_2176664235647745556_n-200x150.jpg 200w, https:\/\/www.liceulprometeuprotalent.md\/wp-content\/uploads\/2025\/03\/481950594_1067907238698163_2176664235647745556_n-300x225.jpg 300w, https:\/\/www.liceulprometeuprotalent.md\/wp-content\/uploads\/2025\/03\/481950594_1067907238698163_2176664235647745556_n-400x300.jpg 400w, https:\/\/www.liceulprometeuprotalent.md\/wp-content\/uploads\/2025\/03\/481950594_1067907238698163_2176664235647745556_n-600x450.jpg 600w, https:\/\/www.liceulprometeuprotalent.md\/wp-content\/uploads\/2025\/03\/481950594_1067907238698163_2176664235647745556_n-768x576.jpg 768w, https:\/\/www.liceulprometeuprotalent.md\/wp-content\/uploads\/2025\/03\/481950594_1067907238698163_2176664235647745556_n-800x600.jpg 800w, https:\/\/www.liceulprometeuprotalent.md\/wp-content\/uploads\/2025\/03\/481950594_1067907238698163_2176664235647745556_n-1024x768.jpg 1024w, https:\/\/www.liceulprometeuprotalent.md\/wp-content\/uploads\/2025\/03\/481950594_1067907238698163_2176664235647745556_n-1200x900.jpg 1200w, https:\/\/www.liceulprometeuprotalent.md\/wp-content\/uploads\/2025\/03\/481950594_1067907238698163_2176664235647745556_n-1536x1152.jpg 1536w\" sizes=\"(max-width: 800px) 100vw, 800px\" \/> <img decoding=\"async\" class=\"alignnone wp-image-8357 size-fusion-800\" src=\"https:\/\/www.liceulprometeuprotalent.md\/wp-content\/uploads\/2025\/03\/viber_image_2025-03-10_17-07-41-490-800x1095.jpg\" alt=\"\" width=\"800\" height=\"1095\" srcset=\"https:\/\/www.liceulprometeuprotalent.md\/wp-content\/uploads\/2025\/03\/viber_image_2025-03-10_17-07-41-490-200x274.jpg 200w, https:\/\/www.liceulprometeuprotalent.md\/wp-content\/uploads\/2025\/03\/viber_image_2025-03-10_17-07-41-490-219x300.jpg 219w, https:\/\/www.liceulprometeuprotalent.md\/wp-content\/uploads\/2025\/03\/viber_image_2025-03-10_17-07-41-490-400x547.jpg 400w, https:\/\/www.liceulprometeuprotalent.md\/wp-content\/uploads\/2025\/03\/viber_image_2025-03-10_17-07-41-490-600x821.jpg 600w, https:\/\/www.liceulprometeuprotalent.md\/wp-content\/uploads\/2025\/03\/viber_image_2025-03-10_17-07-41-490-748x1024.jpg 748w, https:\/\/www.liceulprometeuprotalent.md\/wp-content\/uploads\/2025\/03\/viber_image_2025-03-10_17-07-41-490-768x1051.jpg 768w, https:\/\/www.liceulprometeuprotalent.md\/wp-content\/uploads\/2025\/03\/viber_image_2025-03-10_17-07-41-490-800x1095.jpg 800w, https:\/\/www.liceulprometeuprotalent.md\/wp-content\/uploads\/2025\/03\/viber_image_2025-03-10_17-07-41-490.jpg 988w\" sizes=\"(max-width: 800px) 100vw, 800px\" \/><\/p>\n<p>&nbsp;<\/p>\n","protected":false},"excerpt":{"rendered":"<p>Locul I &#8211; pentru echipa Liceului de Creativitate \u0219i Inventic\u0103 \u201ePrometeu-Protalent\u201d, care a prezentat deosebit de reu\u0219it \u0219i inspirat medalionul literar-muzical dedicat poetului na\u021bional Mihai Eminescu: \u201eTrebuiau s\u0103 poarte un nume&#8230;\u201d Distinc\u021bia a fost cucerit\u0103 \u00een cadrul Concursului Municipal \u201eDin dragoste de \u021bar\u0103 \u0219i de grai\u201d, categoria de v\u00e2rst\u0103 II (clasele a V-a \u2013 a [&hellip;]<\/p>\n","protected":false},"author":1,"featured_media":8354,"comment_status":"open","ping_status":"open","sticky":false,"template":"","format":"standard","meta":{"_price":"","_stock":"","_tribe_ticket_header":"","_tribe_default_ticket_provider":"","_tribe_ticket_capacity":"0","_ticket_start_date":"","_ticket_end_date":"","_tribe_ticket_show_description":"","_tribe_ticket_show_not_going":false,"_tribe_ticket_use_global_stock":"","_tribe_ticket_global_stock_level":"","_global_stock_mode":"","_global_stock_cap":"","_tribe_rsvp_for_event":"","_tribe_ticket_going_count":"","_tribe_ticket_not_going_count":"","_tribe_tickets_list":"[]","_tribe_ticket_has_attendee_info_fields":false,"footnotes":""},"categories":[89,80,1],"tags":[],"class_list":["post-8353","post","type-post","status-publish","format-standard","has-post-thumbnail","hentry","category-blog","category-toate-categoriile","category-uncategorized"],"_links":{"self":[{"href":"https:\/\/www.liceulprometeuprotalent.md\/index.php?rest_route=\/wp\/v2\/posts\/8353","targetHints":{"allow":["GET"]}}],"collection":[{"href":"https:\/\/www.liceulprometeuprotalent.md\/index.php?rest_route=\/wp\/v2\/posts"}],"about":[{"href":"https:\/\/www.liceulprometeuprotalent.md\/index.php?rest_route=\/wp\/v2\/types\/post"}],"author":[{"embeddable":true,"href":"https:\/\/www.liceulprometeuprotalent.md\/index.php?rest_route=\/wp\/v2\/users\/1"}],"replies":[{"embeddable":true,"href":"https:\/\/www.liceulprometeuprotalent.md\/index.php?rest_route=%2Fwp%2Fv2%2Fcomments&post=8353"}],"version-history":[{"count":8,"href":"https:\/\/www.liceulprometeuprotalent.md\/index.php?rest_route=\/wp\/v2\/posts\/8353\/revisions"}],"predecessor-version":[{"id":8365,"href":"https:\/\/www.liceulprometeuprotalent.md\/index.php?rest_route=\/wp\/v2\/posts\/8353\/revisions\/8365"}],"wp:featuredmedia":[{"embeddable":true,"href":"https:\/\/www.liceulprometeuprotalent.md\/index.php?rest_route=\/wp\/v2\/media\/8354"}],"wp:attachment":[{"href":"https:\/\/www.liceulprometeuprotalent.md\/index.php?rest_route=%2Fwp%2Fv2%2Fmedia&parent=8353"}],"wp:term":[{"taxonomy":"category","embeddable":true,"href":"https:\/\/www.liceulprometeuprotalent.md\/index.php?rest_route=%2Fwp%2Fv2%2Fcategories&post=8353"},{"taxonomy":"post_tag","embeddable":true,"href":"https:\/\/www.liceulprometeuprotalent.md\/index.php?rest_route=%2Fwp%2Fv2%2Ftags&post=8353"}],"curies":[{"name":"wp","href":"https:\/\/api.w.org\/{rel}","templated":true}]}}