{"id":8372,"date":"2025-03-18T13:50:13","date_gmt":"2025-03-18T13:50:13","guid":{"rendered":"https:\/\/www.liceulprometeuprotalent.md\/?p=8372"},"modified":"2025-03-18T13:50:13","modified_gmt":"2025-03-18T13:50:13","slug":"talentele-noastre-fascineaza-mereu","status":"publish","type":"post","link":"https:\/\/www.liceulprometeuprotalent.md\/?p=8372","title":{"rendered":"Talentele noastre fascineaz\u0103 mereu"},"content":{"rendered":"<p><strong>Premiul Mare \u00a0\u2013 pentru Dan Cojocaru din clasa a VII-a ,,C&#8221;\u00a0\u0219i Locul II \u2013 pentru Vitalia Butucel din clasa a VIII-a \u201eC\u201d<\/strong> de la Liceul de Creativitate \u0219i Inventic\u0103 \u201ePrometeu-Protalent\u201d sunt succesele ob\u021binute la Concursul pentru tinerii declamatori, organizat anual de Muzeul de Istorie a Evreilor din Republica Moldova \u0219i dedicat cunoscutului scriitor de origine evreiasc\u0103 Ihil \u0218raibman (1913-2005).<\/p>\n<p>Concursul a avut loc pe data de 16 martie 2025 la Biblioteca Na\u021bional\u0103 a Republicii Moldova, sub egida Ministerului Culturii \u0219i Ministerul Educa\u021biei \u0219i Cercet\u0103rii. La Concurs s-au \u00eenscris peste 30 de elevi de diferite categorii de v\u00e2rst\u0103.<\/p>\n<p>Juriul condus de Natalia Vi\u021binscaia, coordonator al programelor educa\u021bionale ale Muzeului de Istorie a Evreilor a acordat maximum de puncte \u2013 250 lui Dan Cojocaru \u0219i 237 de puncte Vitaliei Butucel pentru recitarea cu deosebit talent, expresivitate artistic\u0103 \u0219i inspira\u021bie a unor lucr\u0103ri literare din crea\u021bia scriitorilor evrei.<\/p>\n<p>Pentru participare la Concurs, elevii no\u0219tri au fost preg\u0103ti\u021bi \u0219i sprijini\u021bi de doamna Diana Decusear\u0103-Onic\u0103, artist\u0103 a poporului, conduc\u0103toarea Cercului de dic\u021bie \u0219i arta vorbirii a Liceului \u201ePrometeu-Protalent\u201d \u0219i de doamna Angela Lungu, profesoar\u0103 de limba \u0219i literatura rom\u00e2n\u0103, director adjunct pentru educa\u021bie, treapta gimnazial\u0103 \u0219i liceal\u0103, fapt pentru care suntem recunosc\u0103tori \u0219i le mul\u021bumim.<\/p>\n<p>De memorat, c\u0103 ambii elevi au impresionat publicul la fiecare evoluare, demonstr\u00e2ndu-\u0219i aptitudinile remarcabile pentru artele scenice, cu care \u00ee\u0219i fascineaz\u0103 mereu spectatorii.<\/p>\n<p>Felicit\u0103ri tuturor celor care au f\u0103cut posibil s\u0103 tr\u0103im \u00eempreun\u0103 aceast\u0103 mare bucurie!<\/p>\n<p><img decoding=\"async\" class=\"alignnone size-full wp-image-8373\" src=\"https:\/\/www.liceulprometeuprotalent.md\/wp-content\/uploads\/2025\/03\/viber_image_2025-03-17_08-40-16-368.jpg\" alt=\"\" width=\"1200\" height=\"1600\" srcset=\"https:\/\/www.liceulprometeuprotalent.md\/wp-content\/uploads\/2025\/03\/viber_image_2025-03-17_08-40-16-368-200x267.jpg 200w, https:\/\/www.liceulprometeuprotalent.md\/wp-content\/uploads\/2025\/03\/viber_image_2025-03-17_08-40-16-368-225x300.jpg 225w, https:\/\/www.liceulprometeuprotalent.md\/wp-content\/uploads\/2025\/03\/viber_image_2025-03-17_08-40-16-368-400x533.jpg 400w, https:\/\/www.liceulprometeuprotalent.md\/wp-content\/uploads\/2025\/03\/viber_image_2025-03-17_08-40-16-368-600x800.jpg 600w, https:\/\/www.liceulprometeuprotalent.md\/wp-content\/uploads\/2025\/03\/viber_image_2025-03-17_08-40-16-368-768x1024.jpg 768w, https:\/\/www.liceulprometeuprotalent.md\/wp-content\/uploads\/2025\/03\/viber_image_2025-03-17_08-40-16-368-800x1067.jpg 800w, https:\/\/www.liceulprometeuprotalent.md\/wp-content\/uploads\/2025\/03\/viber_image_2025-03-17_08-40-16-368-1152x1536.jpg 1152w, https:\/\/www.liceulprometeuprotalent.md\/wp-content\/uploads\/2025\/03\/viber_image_2025-03-17_08-40-16-368.jpg 1200w\" sizes=\"(max-width: 1200px) 100vw, 1200px\" \/> <img decoding=\"async\" class=\"alignnone size-full wp-image-8374\" src=\"https:\/\/www.liceulprometeuprotalent.md\/wp-content\/uploads\/2025\/03\/484099841_23943984545201789_2511972987099652898_n.jpg\" alt=\"\" width=\"600\" height=\"450\" srcset=\"https:\/\/www.liceulprometeuprotalent.md\/wp-content\/uploads\/2025\/03\/484099841_23943984545201789_2511972987099652898_n-200x150.jpg 200w, https:\/\/www.liceulprometeuprotalent.md\/wp-content\/uploads\/2025\/03\/484099841_23943984545201789_2511972987099652898_n-300x225.jpg 300w, https:\/\/www.liceulprometeuprotalent.md\/wp-content\/uploads\/2025\/03\/484099841_23943984545201789_2511972987099652898_n-400x300.jpg 400w, https:\/\/www.liceulprometeuprotalent.md\/wp-content\/uploads\/2025\/03\/484099841_23943984545201789_2511972987099652898_n.jpg 600w\" sizes=\"(max-width: 600px) 100vw, 600px\" \/><\/p>\n<p>&nbsp;<\/p>\n<p>&nbsp;<\/p>\n","protected":false},"excerpt":{"rendered":"<p>Premiul Mare \u00a0\u2013 pentru Dan Cojocaru din clasa a VII-a ,,C&#8221;\u00a0\u0219i Locul II \u2013 pentru Vitalia Butucel din clasa a VIII-a \u201eC\u201d de la Liceul de Creativitate \u0219i Inventic\u0103 \u201ePrometeu-Protalent\u201d sunt succesele ob\u021binute la Concursul pentru tinerii declamatori, organizat anual de Muzeul de Istorie a Evreilor din Republica Moldova \u0219i dedicat cunoscutului scriitor de origine [&hellip;]<\/p>\n","protected":false},"author":1,"featured_media":8374,"comment_status":"open","ping_status":"open","sticky":false,"template":"","format":"standard","meta":{"_price":"","_stock":"","_tribe_ticket_header":"","_tribe_default_ticket_provider":"","_tribe_ticket_capacity":"0","_ticket_start_date":"","_ticket_end_date":"","_tribe_ticket_show_description":"","_tribe_ticket_show_not_going":false,"_tribe_ticket_use_global_stock":"","_tribe_ticket_global_stock_level":"","_global_stock_mode":"","_global_stock_cap":"","_tribe_rsvp_for_event":"","_tribe_ticket_going_count":"","_tribe_ticket_not_going_count":"","_tribe_tickets_list":"[]","_tribe_ticket_has_attendee_info_fields":false,"footnotes":""},"categories":[89,80,1],"tags":[],"class_list":["post-8372","post","type-post","status-publish","format-standard","has-post-thumbnail","hentry","category-blog","category-toate-categoriile","category-uncategorized"],"_links":{"self":[{"href":"https:\/\/www.liceulprometeuprotalent.md\/index.php?rest_route=\/wp\/v2\/posts\/8372","targetHints":{"allow":["GET"]}}],"collection":[{"href":"https:\/\/www.liceulprometeuprotalent.md\/index.php?rest_route=\/wp\/v2\/posts"}],"about":[{"href":"https:\/\/www.liceulprometeuprotalent.md\/index.php?rest_route=\/wp\/v2\/types\/post"}],"author":[{"embeddable":true,"href":"https:\/\/www.liceulprometeuprotalent.md\/index.php?rest_route=\/wp\/v2\/users\/1"}],"replies":[{"embeddable":true,"href":"https:\/\/www.liceulprometeuprotalent.md\/index.php?rest_route=%2Fwp%2Fv2%2Fcomments&post=8372"}],"version-history":[{"count":1,"href":"https:\/\/www.liceulprometeuprotalent.md\/index.php?rest_route=\/wp\/v2\/posts\/8372\/revisions"}],"predecessor-version":[{"id":8375,"href":"https:\/\/www.liceulprometeuprotalent.md\/index.php?rest_route=\/wp\/v2\/posts\/8372\/revisions\/8375"}],"wp:featuredmedia":[{"embeddable":true,"href":"https:\/\/www.liceulprometeuprotalent.md\/index.php?rest_route=\/wp\/v2\/media\/8374"}],"wp:attachment":[{"href":"https:\/\/www.liceulprometeuprotalent.md\/index.php?rest_route=%2Fwp%2Fv2%2Fmedia&parent=8372"}],"wp:term":[{"taxonomy":"category","embeddable":true,"href":"https:\/\/www.liceulprometeuprotalent.md\/index.php?rest_route=%2Fwp%2Fv2%2Fcategories&post=8372"},{"taxonomy":"post_tag","embeddable":true,"href":"https:\/\/www.liceulprometeuprotalent.md\/index.php?rest_route=%2Fwp%2Fv2%2Ftags&post=8372"}],"curies":[{"name":"wp","href":"https:\/\/api.w.org\/{rel}","templated":true}]}}