{"id":8383,"date":"2025-03-21T14:37:10","date_gmt":"2025-03-21T14:37:10","guid":{"rendered":"https:\/\/www.liceulprometeuprotalent.md\/?p=8383"},"modified":"2025-03-22T08:41:53","modified_gmt":"2025-03-22T08:41:53","slug":"bonne-journee-de-la-francophonie","status":"publish","type":"post","link":"https:\/\/www.liceulprometeuprotalent.md\/?p=8383","title":{"rendered":"Bonne Journ\u00e9e de la Francophonie!"},"content":{"rendered":"<p>Bonne Journ\u00e9e de la Francophonie! Acesta a fost mesajul zilei de 20 martie 2025, la Liceul de Creativitate \u0219i Inventic\u0103 \u201ePrometeu-Protalent\u201d, unde s-a s\u0103rb\u0103torit Ziua Interna\u021bional\u0103 a Francofoniei \u00eentr-un mod cu totul inedit.<\/p>\n<p>Inspira\u021bi de doamna dirigint\u0103 Georgeta Ga\u021bcan, profesoar\u0103 de limba francez\u0103 \u0219i englez\u0103, grad didactic superior, elevii clasei a VII-a \u201eD\u201d au creat o atmosfer\u0103 de s\u0103rb\u0103toare chiar de la \u00eenceputul lec\u021biilor. Ei au decorat deosebit de frumos curtea Liceului cu baloane, drapele \u0219i \u00eensemne ale Fran\u021bei \u0219i, pe fundal de muzic\u0103 francez\u0103, \u0219i-au \u00eent\u00e2mpinat colegii \u0219i cadrele didactice cu un salut \u00een limba francez\u0103 \u0219i cu co\u0219ule\u021be cu croissant, m\u00e2ncarea tradi\u021bional\u0103 a francezilor, menite s\u0103 creeze bun\u0103 dispozi\u021bie. Pe fiecare co\u0219ule\u021b au putut fi citite diverse mesaje motiva\u021bionale pentru o zi de neuitat. Un panou, decorat, la fel, cu baloane albastre, albe, ro\u0219ii \u0219i \u00eensemnele Fran\u021bei, reitera cele zece motive de a \u00eenv\u0103\u021ba limba francez\u0103, aceasta fiind tema zilei pentru elevii clasei a VII-a \u201eD\u201d. Ei au r\u0103spuns deosebit de ingenios la \u00eentrebarea: de ce s\u0103 \u00eenv\u0103\u021b\u0103m limba francez\u0103?\/Pourquoi apprendre la langue francaise?<\/p>\n<p>Au amplificat spiritul s\u0103rb\u0103torii \u0219i discipolii doamnei Natalia Caprian, profesoar\u0103 de limba francez\u0103, grad didactic unu. Motivate \u0219i \u00eendrumate de domnia sa, \u0219ase eleve din clasa a VII-a \u201eA\u201d\u00a0 &#8211; Smaranda Munteanu, Svetlana Goropceanu, Ilinca Petrov, Sofia Rotaru, Anastasia Nem\u021banu, Nicoleta Cebotari \u2013 au mers din clas\u0103 \u00een clas\u0103 pentru a le vorbi colegilor despre \u201eFrancofonia \u00een lume\/La Francophonie dans le monde\u201d, ur\u00e2ndu-le tuturor o s\u0103rb\u0103toare c\u00e2t mai frumoas\u0103. Proiecte interesante pe tema \u201eLa France et ses personnalit\u00e9s&#8221; au prezentat \u0219i elevii claselor a VI-a \u201eA\u201d, \u201eB\u201d \u0219i\u00a0 \u201eC\u201d,\u00a0 cele mai bune dintre ele fiind expuse la expozi\u021bia special\u0103 dedicat\u0103 Zilei Interna\u021bionale a Francofoniei. N-au r\u0103mas \u00een urm\u0103 nici elevii claselor primare. Ei au recitat poezii \u00een limba francez\u0103, au interpretat imnul Francofoniei \u0219i au creat embleme \u0219i drapele ale Fran\u021bei, \u021bara de origine a limbii franceze.<\/p>\n<p>Reac\u021bia entuziasmat\u0103 a liceenilor prometei\u0219ti, denot\u0103 o dat\u0103 \u00een plus, c\u0103 limba francez\u0103, care-i conecteaz\u0103 la o prea frumoas\u0103 civiliza\u021bie european\u0103, este preferat\u0103 de fiecare dintre ei. Aceast\u0103 dragoste pentru limba \u0219i cultura francez\u0103 este cultivat\u0103, de-a lungul anilor, de toate doamnele profesoare, \u00een special, de doamna Zinaida V\u00eerlan, Silvia Voroniuc, Georgeta Ga\u021bcan, Fevronia Maler, Liliana Zorila \u0219i Natalia Caprian.<\/p>\n<p>Activit\u0103\u021bile au avut menirea s\u0103 consemneze Ziua Interna\u021bional\u0103 a Francofoniei cu care s-a dat startul S\u0103pt\u0103m\u00e2nii limbii franceze ce se va desf\u0103\u0219ura \u00een cadrul Liceului \u201ePrometeu-Protalent\u201d.<\/p>\n<p>Bravo, dragi iubitori ai limbii franceze! Admir\u0103m implicarea voastr\u0103 \u00een astfel de activit\u0103\u021bi creative.<\/p>\n<p>Exprim\u0103m aprecieri \u0219i mul\u021bumiri tuturor profesorilor de limba francez\u0103, care reu\u0219esc s\u0103 cultive elevilor dragostea \u0219i pasiunea pentru aceast\u0103 minunat\u0103 limb\u0103 european\u0103.<\/p>\n<p style=\"text-align: center;\"><img decoding=\"async\" class=\"alignnone wp-image-8384 size-fusion-400\" src=\"https:\/\/www.liceulprometeuprotalent.md\/wp-content\/uploads\/2025\/03\/viber_image_2025-03-20_12-47-28-678-400x300.jpg\" alt=\"\" width=\"400\" height=\"300\" srcset=\"https:\/\/www.liceulprometeuprotalent.md\/wp-content\/uploads\/2025\/03\/viber_image_2025-03-20_12-47-28-678-200x150.jpg 200w, https:\/\/www.liceulprometeuprotalent.md\/wp-content\/uploads\/2025\/03\/viber_image_2025-03-20_12-47-28-678-300x225.jpg 300w, https:\/\/www.liceulprometeuprotalent.md\/wp-content\/uploads\/2025\/03\/viber_image_2025-03-20_12-47-28-678-400x300.jpg 400w, https:\/\/www.liceulprometeuprotalent.md\/wp-content\/uploads\/2025\/03\/viber_image_2025-03-20_12-47-28-678-600x450.jpg 600w, https:\/\/www.liceulprometeuprotalent.md\/wp-content\/uploads\/2025\/03\/viber_image_2025-03-20_12-47-28-678-768x576.jpg 768w, https:\/\/www.liceulprometeuprotalent.md\/wp-content\/uploads\/2025\/03\/viber_image_2025-03-20_12-47-28-678-800x600.jpg 800w, https:\/\/www.liceulprometeuprotalent.md\/wp-content\/uploads\/2025\/03\/viber_image_2025-03-20_12-47-28-678-1024x768.jpg 1024w, https:\/\/www.liceulprometeuprotalent.md\/wp-content\/uploads\/2025\/03\/viber_image_2025-03-20_12-47-28-678-1200x900.jpg 1200w, https:\/\/www.liceulprometeuprotalent.md\/wp-content\/uploads\/2025\/03\/viber_image_2025-03-20_12-47-28-678-1536x1152.jpg 1536w, https:\/\/www.liceulprometeuprotalent.md\/wp-content\/uploads\/2025\/03\/viber_image_2025-03-20_12-47-28-678.jpg 1600w\" sizes=\"(max-width: 400px) 100vw, 400px\" \/>\u00a0<img decoding=\"async\" class=\"alignnone wp-image-8386 size-fusion-400\" src=\"https:\/\/www.liceulprometeuprotalent.md\/wp-content\/uploads\/2025\/03\/viber_image_2025-03-20_12-50-40-984-400x300.jpg\" alt=\"\" width=\"400\" height=\"300\" srcset=\"https:\/\/www.liceulprometeuprotalent.md\/wp-content\/uploads\/2025\/03\/viber_image_2025-03-20_12-50-40-984-200x150.jpg 200w, https:\/\/www.liceulprometeuprotalent.md\/wp-content\/uploads\/2025\/03\/viber_image_2025-03-20_12-50-40-984-300x225.jpg 300w, https:\/\/www.liceulprometeuprotalent.md\/wp-content\/uploads\/2025\/03\/viber_image_2025-03-20_12-50-40-984-400x300.jpg 400w, https:\/\/www.liceulprometeuprotalent.md\/wp-content\/uploads\/2025\/03\/viber_image_2025-03-20_12-50-40-984-600x450.jpg 600w, https:\/\/www.liceulprometeuprotalent.md\/wp-content\/uploads\/2025\/03\/viber_image_2025-03-20_12-50-40-984-768x576.jpg 768w, https:\/\/www.liceulprometeuprotalent.md\/wp-content\/uploads\/2025\/03\/viber_image_2025-03-20_12-50-40-984-800x600.jpg 800w, https:\/\/www.liceulprometeuprotalent.md\/wp-content\/uploads\/2025\/03\/viber_image_2025-03-20_12-50-40-984-1024x768.jpg 1024w, https:\/\/www.liceulprometeuprotalent.md\/wp-content\/uploads\/2025\/03\/viber_image_2025-03-20_12-50-40-984-1200x900.jpg 1200w, https:\/\/www.liceulprometeuprotalent.md\/wp-content\/uploads\/2025\/03\/viber_image_2025-03-20_12-50-40-984-1536x1152.jpg 1536w, https:\/\/www.liceulprometeuprotalent.md\/wp-content\/uploads\/2025\/03\/viber_image_2025-03-20_12-50-40-984.jpg 1600w\" sizes=\"(max-width: 400px) 100vw, 400px\" \/><\/p>\n<p style=\"text-align: center;\"><img decoding=\"async\" class=\"alignnone wp-image-8385 size-fusion-400\" src=\"https:\/\/www.liceulprometeuprotalent.md\/wp-content\/uploads\/2025\/03\/viber_image_2025-03-20_12-47-28-502-400x533.jpg\" alt=\"\" width=\"400\" height=\"533\" srcset=\"https:\/\/www.liceulprometeuprotalent.md\/wp-content\/uploads\/2025\/03\/viber_image_2025-03-20_12-47-28-502-200x267.jpg 200w, https:\/\/www.liceulprometeuprotalent.md\/wp-content\/uploads\/2025\/03\/viber_image_2025-03-20_12-47-28-502-225x300.jpg 225w, https:\/\/www.liceulprometeuprotalent.md\/wp-content\/uploads\/2025\/03\/viber_image_2025-03-20_12-47-28-502-400x533.jpg 400w, https:\/\/www.liceulprometeuprotalent.md\/wp-content\/uploads\/2025\/03\/viber_image_2025-03-20_12-47-28-502-600x800.jpg 600w, https:\/\/www.liceulprometeuprotalent.md\/wp-content\/uploads\/2025\/03\/viber_image_2025-03-20_12-47-28-502-768x1024.jpg 768w, https:\/\/www.liceulprometeuprotalent.md\/wp-content\/uploads\/2025\/03\/viber_image_2025-03-20_12-47-28-502-800x1067.jpg 800w, https:\/\/www.liceulprometeuprotalent.md\/wp-content\/uploads\/2025\/03\/viber_image_2025-03-20_12-47-28-502-1152x1536.jpg 1152w, https:\/\/www.liceulprometeuprotalent.md\/wp-content\/uploads\/2025\/03\/viber_image_2025-03-20_12-47-28-502.jpg 1200w\" sizes=\"(max-width: 400px) 100vw, 400px\" \/> \u00a0\u00a0<img decoding=\"async\" class=\"alignnone wp-image-8390 size-fusion-400\" src=\"https:\/\/www.liceulprometeuprotalent.md\/wp-content\/uploads\/2025\/03\/viber_image_2025-03-20_16-13-55-070-400x533.jpg\" alt=\"\" width=\"400\" height=\"533\" srcset=\"https:\/\/www.liceulprometeuprotalent.md\/wp-content\/uploads\/2025\/03\/viber_image_2025-03-20_16-13-55-070-200x267.jpg 200w, https:\/\/www.liceulprometeuprotalent.md\/wp-content\/uploads\/2025\/03\/viber_image_2025-03-20_16-13-55-070-225x300.jpg 225w, https:\/\/www.liceulprometeuprotalent.md\/wp-content\/uploads\/2025\/03\/viber_image_2025-03-20_16-13-55-070-400x533.jpg 400w, https:\/\/www.liceulprometeuprotalent.md\/wp-content\/uploads\/2025\/03\/viber_image_2025-03-20_16-13-55-070-600x800.jpg 600w, https:\/\/www.liceulprometeuprotalent.md\/wp-content\/uploads\/2025\/03\/viber_image_2025-03-20_16-13-55-070-768x1024.jpg 768w, https:\/\/www.liceulprometeuprotalent.md\/wp-content\/uploads\/2025\/03\/viber_image_2025-03-20_16-13-55-070-800x1067.jpg 800w, https:\/\/www.liceulprometeuprotalent.md\/wp-content\/uploads\/2025\/03\/viber_image_2025-03-20_16-13-55-070-1152x1536.jpg 1152w, https:\/\/www.liceulprometeuprotalent.md\/wp-content\/uploads\/2025\/03\/viber_image_2025-03-20_16-13-55-070.jpg 1200w\" sizes=\"(max-width: 400px) 100vw, 400px\" \/><\/p>\n<p>\u00a0 \u00a0 \u00a0 \u00a0 \u00a0 \u00a0 \u00a0 \u00a0 \u00a0 \u00a0 \u00a0 \u00a0 \u00a0 \u00a0 \u00a0 \u00a0 \u00a0 \u00a0 \u00a0 \u00a0 \u00a0 \u00a0 \u00a0 \u00a0 \u00a0 \u00a0 \u00a0 \u00a0 \u00a0 \u00a0 \u00a0 \u00a0 \u00a0 \u00a0 \u00a0 \u00a0 <img decoding=\"async\" class=\"wp-image-8391 size-fusion-400 alignnone\" src=\"https:\/\/www.liceulprometeuprotalent.md\/wp-content\/uploads\/2025\/03\/viber_image_2025-03-20_16-22-40-427-400x300.jpg\" alt=\"\" width=\"400\" height=\"300\" srcset=\"https:\/\/www.liceulprometeuprotalent.md\/wp-content\/uploads\/2025\/03\/viber_image_2025-03-20_16-22-40-427-200x150.jpg 200w, https:\/\/www.liceulprometeuprotalent.md\/wp-content\/uploads\/2025\/03\/viber_image_2025-03-20_16-22-40-427-300x225.jpg 300w, https:\/\/www.liceulprometeuprotalent.md\/wp-content\/uploads\/2025\/03\/viber_image_2025-03-20_16-22-40-427-400x300.jpg 400w, https:\/\/www.liceulprometeuprotalent.md\/wp-content\/uploads\/2025\/03\/viber_image_2025-03-20_16-22-40-427-600x450.jpg 600w, https:\/\/www.liceulprometeuprotalent.md\/wp-content\/uploads\/2025\/03\/viber_image_2025-03-20_16-22-40-427-768x576.jpg 768w, https:\/\/www.liceulprometeuprotalent.md\/wp-content\/uploads\/2025\/03\/viber_image_2025-03-20_16-22-40-427-800x600.jpg 800w, https:\/\/www.liceulprometeuprotalent.md\/wp-content\/uploads\/2025\/03\/viber_image_2025-03-20_16-22-40-427-1024x768.jpg 1024w, https:\/\/www.liceulprometeuprotalent.md\/wp-content\/uploads\/2025\/03\/viber_image_2025-03-20_16-22-40-427-1200x900.jpg 1200w, https:\/\/www.liceulprometeuprotalent.md\/wp-content\/uploads\/2025\/03\/viber_image_2025-03-20_16-22-40-427-1536x1152.jpg 1536w, https:\/\/www.liceulprometeuprotalent.md\/wp-content\/uploads\/2025\/03\/viber_image_2025-03-20_16-22-40-427.jpg 1600w\" sizes=\"(max-width: 400px) 100vw, 400px\" \/> \u00a0<img decoding=\"async\" class=\"wp-image-8393 size-fusion-400 alignnone\" src=\"https:\/\/www.liceulprometeuprotalent.md\/wp-content\/uploads\/2025\/03\/viber_image_2025-03-20_16-22-41-425-400x300.jpg\" alt=\"\" width=\"400\" height=\"300\" srcset=\"https:\/\/www.liceulprometeuprotalent.md\/wp-content\/uploads\/2025\/03\/viber_image_2025-03-20_16-22-41-425-200x150.jpg 200w, https:\/\/www.liceulprometeuprotalent.md\/wp-content\/uploads\/2025\/03\/viber_image_2025-03-20_16-22-41-425-300x225.jpg 300w, https:\/\/www.liceulprometeuprotalent.md\/wp-content\/uploads\/2025\/03\/viber_image_2025-03-20_16-22-41-425-400x300.jpg 400w, https:\/\/www.liceulprometeuprotalent.md\/wp-content\/uploads\/2025\/03\/viber_image_2025-03-20_16-22-41-425-600x450.jpg 600w, https:\/\/www.liceulprometeuprotalent.md\/wp-content\/uploads\/2025\/03\/viber_image_2025-03-20_16-22-41-425-768x576.jpg 768w, https:\/\/www.liceulprometeuprotalent.md\/wp-content\/uploads\/2025\/03\/viber_image_2025-03-20_16-22-41-425-800x600.jpg 800w, https:\/\/www.liceulprometeuprotalent.md\/wp-content\/uploads\/2025\/03\/viber_image_2025-03-20_16-22-41-425-1024x768.jpg 1024w, https:\/\/www.liceulprometeuprotalent.md\/wp-content\/uploads\/2025\/03\/viber_image_2025-03-20_16-22-41-425-1200x900.jpg 1200w, https:\/\/www.liceulprometeuprotalent.md\/wp-content\/uploads\/2025\/03\/viber_image_2025-03-20_16-22-41-425-1536x1152.jpg 1536w, https:\/\/www.liceulprometeuprotalent.md\/wp-content\/uploads\/2025\/03\/viber_image_2025-03-20_16-22-41-425.jpg 1600w\" sizes=\"(max-width: 400px) 100vw, 400px\" \/><\/p>\n<p style=\"text-align: center;\"><img decoding=\"async\" class=\"alignnone wp-image-8392 size-fusion-400\" src=\"https:\/\/www.liceulprometeuprotalent.md\/wp-content\/uploads\/2025\/03\/viber_image_2025-03-20_16-13-54-819-400x533.jpg\" alt=\"\" width=\"400\" height=\"533\" srcset=\"https:\/\/www.liceulprometeuprotalent.md\/wp-content\/uploads\/2025\/03\/viber_image_2025-03-20_16-13-54-819-200x267.jpg 200w, https:\/\/www.liceulprometeuprotalent.md\/wp-content\/uploads\/2025\/03\/viber_image_2025-03-20_16-13-54-819-225x300.jpg 225w, https:\/\/www.liceulprometeuprotalent.md\/wp-content\/uploads\/2025\/03\/viber_image_2025-03-20_16-13-54-819-400x533.jpg 400w, https:\/\/www.liceulprometeuprotalent.md\/wp-content\/uploads\/2025\/03\/viber_image_2025-03-20_16-13-54-819-600x800.jpg 600w, https:\/\/www.liceulprometeuprotalent.md\/wp-content\/uploads\/2025\/03\/viber_image_2025-03-20_16-13-54-819-768x1024.jpg 768w, https:\/\/www.liceulprometeuprotalent.md\/wp-content\/uploads\/2025\/03\/viber_image_2025-03-20_16-13-54-819-800x1067.jpg 800w, https:\/\/www.liceulprometeuprotalent.md\/wp-content\/uploads\/2025\/03\/viber_image_2025-03-20_16-13-54-819-1152x1536.jpg 1152w, https:\/\/www.liceulprometeuprotalent.md\/wp-content\/uploads\/2025\/03\/viber_image_2025-03-20_16-13-54-819.jpg 1200w\" sizes=\"(max-width: 400px) 100vw, 400px\" \/> \u00a0<img decoding=\"async\" class=\"alignnone wp-image-8394 size-fusion-400\" src=\"https:\/\/www.liceulprometeuprotalent.md\/wp-content\/uploads\/2025\/03\/viber_image_2025-03-20_16-13-54-704-400x533.jpg\" alt=\"\" width=\"400\" height=\"533\" srcset=\"https:\/\/www.liceulprometeuprotalent.md\/wp-content\/uploads\/2025\/03\/viber_image_2025-03-20_16-13-54-704-200x267.jpg 200w, https:\/\/www.liceulprometeuprotalent.md\/wp-content\/uploads\/2025\/03\/viber_image_2025-03-20_16-13-54-704-225x300.jpg 225w, https:\/\/www.liceulprometeuprotalent.md\/wp-content\/uploads\/2025\/03\/viber_image_2025-03-20_16-13-54-704-400x533.jpg 400w, https:\/\/www.liceulprometeuprotalent.md\/wp-content\/uploads\/2025\/03\/viber_image_2025-03-20_16-13-54-704-600x800.jpg 600w, https:\/\/www.liceulprometeuprotalent.md\/wp-content\/uploads\/2025\/03\/viber_image_2025-03-20_16-13-54-704-768x1024.jpg 768w, https:\/\/www.liceulprometeuprotalent.md\/wp-content\/uploads\/2025\/03\/viber_image_2025-03-20_16-13-54-704-800x1067.jpg 800w, https:\/\/www.liceulprometeuprotalent.md\/wp-content\/uploads\/2025\/03\/viber_image_2025-03-20_16-13-54-704-1152x1536.jpg 1152w, https:\/\/www.liceulprometeuprotalent.md\/wp-content\/uploads\/2025\/03\/viber_image_2025-03-20_16-13-54-704.jpg 1200w\" sizes=\"(max-width: 400px) 100vw, 400px\" \/><\/p>\n<p style=\"text-align: center;\"><img decoding=\"async\" class=\"alignnone wp-image-8395 size-fusion-400\" src=\"https:\/\/www.liceulprometeuprotalent.md\/wp-content\/uploads\/2025\/03\/viber_image_2025-03-20_16-22-39-632-400x225.jpg\" alt=\"\" width=\"400\" height=\"225\" srcset=\"https:\/\/www.liceulprometeuprotalent.md\/wp-content\/uploads\/2025\/03\/viber_image_2025-03-20_16-22-39-632-200x113.jpg 200w, https:\/\/www.liceulprometeuprotalent.md\/wp-content\/uploads\/2025\/03\/viber_image_2025-03-20_16-22-39-632-300x169.jpg 300w, https:\/\/www.liceulprometeuprotalent.md\/wp-content\/uploads\/2025\/03\/viber_image_2025-03-20_16-22-39-632-400x225.jpg 400w, https:\/\/www.liceulprometeuprotalent.md\/wp-content\/uploads\/2025\/03\/viber_image_2025-03-20_16-22-39-632-600x338.jpg 600w, https:\/\/www.liceulprometeuprotalent.md\/wp-content\/uploads\/2025\/03\/viber_image_2025-03-20_16-22-39-632-768x432.jpg 768w, https:\/\/www.liceulprometeuprotalent.md\/wp-content\/uploads\/2025\/03\/viber_image_2025-03-20_16-22-39-632-800x450.jpg 800w, https:\/\/www.liceulprometeuprotalent.md\/wp-content\/uploads\/2025\/03\/viber_image_2025-03-20_16-22-39-632-1024x576.jpg 1024w, https:\/\/www.liceulprometeuprotalent.md\/wp-content\/uploads\/2025\/03\/viber_image_2025-03-20_16-22-39-632-1200x675.jpg 1200w, https:\/\/www.liceulprometeuprotalent.md\/wp-content\/uploads\/2025\/03\/viber_image_2025-03-20_16-22-39-632-1536x864.jpg 1536w, https:\/\/www.liceulprometeuprotalent.md\/wp-content\/uploads\/2025\/03\/viber_image_2025-03-20_16-22-39-632.jpg 1600w\" sizes=\"(max-width: 400px) 100vw, 400px\" \/> <img decoding=\"async\" class=\"wp-image-8396 size-fusion-400\" src=\"https:\/\/www.liceulprometeuprotalent.md\/wp-content\/uploads\/2025\/03\/viber_image_2025-03-20_16-13-55-263-400x300.jpg\" alt=\"\" width=\"400\" height=\"300\" srcset=\"https:\/\/www.liceulprometeuprotalent.md\/wp-content\/uploads\/2025\/03\/viber_image_2025-03-20_16-13-55-263-200x150.jpg 200w, https:\/\/www.liceulprometeuprotalent.md\/wp-content\/uploads\/2025\/03\/viber_image_2025-03-20_16-13-55-263-300x225.jpg 300w, https:\/\/www.liceulprometeuprotalent.md\/wp-content\/uploads\/2025\/03\/viber_image_2025-03-20_16-13-55-263-400x300.jpg 400w, https:\/\/www.liceulprometeuprotalent.md\/wp-content\/uploads\/2025\/03\/viber_image_2025-03-20_16-13-55-263-600x450.jpg 600w, https:\/\/www.liceulprometeuprotalent.md\/wp-content\/uploads\/2025\/03\/viber_image_2025-03-20_16-13-55-263-768x576.jpg 768w, https:\/\/www.liceulprometeuprotalent.md\/wp-content\/uploads\/2025\/03\/viber_image_2025-03-20_16-13-55-263-800x600.jpg 800w, https:\/\/www.liceulprometeuprotalent.md\/wp-content\/uploads\/2025\/03\/viber_image_2025-03-20_16-13-55-263-1024x768.jpg 1024w, https:\/\/www.liceulprometeuprotalent.md\/wp-content\/uploads\/2025\/03\/viber_image_2025-03-20_16-13-55-263-1200x900.jpg 1200w, https:\/\/www.liceulprometeuprotalent.md\/wp-content\/uploads\/2025\/03\/viber_image_2025-03-20_16-13-55-263-1536x1152.jpg 1536w, https:\/\/www.liceulprometeuprotalent.md\/wp-content\/uploads\/2025\/03\/viber_image_2025-03-20_16-13-55-263.jpg 1600w\" sizes=\"(max-width: 400px) 100vw, 400px\" \/><\/p>\n<p style=\"text-align: center;\"><img decoding=\"async\" class=\"alignnone wp-image-8397 size-fusion-400\" src=\"https:\/\/www.liceulprometeuprotalent.md\/wp-content\/uploads\/2025\/03\/viber_image_2025-03-20_16-22-40-996-400x300.jpg\" alt=\"\" width=\"400\" height=\"300\" srcset=\"https:\/\/www.liceulprometeuprotalent.md\/wp-content\/uploads\/2025\/03\/viber_image_2025-03-20_16-22-40-996-200x150.jpg 200w, https:\/\/www.liceulprometeuprotalent.md\/wp-content\/uploads\/2025\/03\/viber_image_2025-03-20_16-22-40-996-300x225.jpg 300w, https:\/\/www.liceulprometeuprotalent.md\/wp-content\/uploads\/2025\/03\/viber_image_2025-03-20_16-22-40-996-400x300.jpg 400w, https:\/\/www.liceulprometeuprotalent.md\/wp-content\/uploads\/2025\/03\/viber_image_2025-03-20_16-22-40-996-600x450.jpg 600w, https:\/\/www.liceulprometeuprotalent.md\/wp-content\/uploads\/2025\/03\/viber_image_2025-03-20_16-22-40-996-768x576.jpg 768w, https:\/\/www.liceulprometeuprotalent.md\/wp-content\/uploads\/2025\/03\/viber_image_2025-03-20_16-22-40-996-800x600.jpg 800w, https:\/\/www.liceulprometeuprotalent.md\/wp-content\/uploads\/2025\/03\/viber_image_2025-03-20_16-22-40-996-1024x768.jpg 1024w, https:\/\/www.liceulprometeuprotalent.md\/wp-content\/uploads\/2025\/03\/viber_image_2025-03-20_16-22-40-996-1200x900.jpg 1200w, https:\/\/www.liceulprometeuprotalent.md\/wp-content\/uploads\/2025\/03\/viber_image_2025-03-20_16-22-40-996-1536x1152.jpg 1536w, https:\/\/www.liceulprometeuprotalent.md\/wp-content\/uploads\/2025\/03\/viber_image_2025-03-20_16-22-40-996.jpg 1600w\" sizes=\"(max-width: 400px) 100vw, 400px\" \/> <img decoding=\"async\" class=\"alignnone wp-image-8398 size-fusion-400\" src=\"https:\/\/www.liceulprometeuprotalent.md\/wp-content\/uploads\/2025\/03\/viber_image_2025-03-20_16-22-40-636-400x300.jpg\" alt=\"\" width=\"400\" height=\"300\" srcset=\"https:\/\/www.liceulprometeuprotalent.md\/wp-content\/uploads\/2025\/03\/viber_image_2025-03-20_16-22-40-636-200x150.jpg 200w, https:\/\/www.liceulprometeuprotalent.md\/wp-content\/uploads\/2025\/03\/viber_image_2025-03-20_16-22-40-636-300x225.jpg 300w, https:\/\/www.liceulprometeuprotalent.md\/wp-content\/uploads\/2025\/03\/viber_image_2025-03-20_16-22-40-636-400x300.jpg 400w, https:\/\/www.liceulprometeuprotalent.md\/wp-content\/uploads\/2025\/03\/viber_image_2025-03-20_16-22-40-636-600x450.jpg 600w, https:\/\/www.liceulprometeuprotalent.md\/wp-content\/uploads\/2025\/03\/viber_image_2025-03-20_16-22-40-636-768x576.jpg 768w, https:\/\/www.liceulprometeuprotalent.md\/wp-content\/uploads\/2025\/03\/viber_image_2025-03-20_16-22-40-636-800x600.jpg 800w, https:\/\/www.liceulprometeuprotalent.md\/wp-content\/uploads\/2025\/03\/viber_image_2025-03-20_16-22-40-636-1024x768.jpg 1024w, https:\/\/www.liceulprometeuprotalent.md\/wp-content\/uploads\/2025\/03\/viber_image_2025-03-20_16-22-40-636-1200x900.jpg 1200w, https:\/\/www.liceulprometeuprotalent.md\/wp-content\/uploads\/2025\/03\/viber_image_2025-03-20_16-22-40-636-1536x1152.jpg 1536w, https:\/\/www.liceulprometeuprotalent.md\/wp-content\/uploads\/2025\/03\/viber_image_2025-03-20_16-22-40-636.jpg 1600w\" sizes=\"(max-width: 400px) 100vw, 400px\" \/><\/p>\n<p style=\"text-align: center;\"><img decoding=\"async\" class=\"alignnone wp-image-8399 size-fusion-400\" src=\"https:\/\/www.liceulprometeuprotalent.md\/wp-content\/uploads\/2025\/03\/viber_image_2025-03-20_16-22-40-184-400x300.jpg\" alt=\"\" width=\"400\" height=\"300\" srcset=\"https:\/\/www.liceulprometeuprotalent.md\/wp-content\/uploads\/2025\/03\/viber_image_2025-03-20_16-22-40-184-200x150.jpg 200w, https:\/\/www.liceulprometeuprotalent.md\/wp-content\/uploads\/2025\/03\/viber_image_2025-03-20_16-22-40-184-300x225.jpg 300w, https:\/\/www.liceulprometeuprotalent.md\/wp-content\/uploads\/2025\/03\/viber_image_2025-03-20_16-22-40-184-400x300.jpg 400w, https:\/\/www.liceulprometeuprotalent.md\/wp-content\/uploads\/2025\/03\/viber_image_2025-03-20_16-22-40-184-600x450.jpg 600w, https:\/\/www.liceulprometeuprotalent.md\/wp-content\/uploads\/2025\/03\/viber_image_2025-03-20_16-22-40-184-768x576.jpg 768w, https:\/\/www.liceulprometeuprotalent.md\/wp-content\/uploads\/2025\/03\/viber_image_2025-03-20_16-22-40-184-800x600.jpg 800w, https:\/\/www.liceulprometeuprotalent.md\/wp-content\/uploads\/2025\/03\/viber_image_2025-03-20_16-22-40-184-1024x768.jpg 1024w, https:\/\/www.liceulprometeuprotalent.md\/wp-content\/uploads\/2025\/03\/viber_image_2025-03-20_16-22-40-184-1200x900.jpg 1200w, https:\/\/www.liceulprometeuprotalent.md\/wp-content\/uploads\/2025\/03\/viber_image_2025-03-20_16-22-40-184-1536x1152.jpg 1536w, https:\/\/www.liceulprometeuprotalent.md\/wp-content\/uploads\/2025\/03\/viber_image_2025-03-20_16-22-40-184.jpg 1600w\" sizes=\"(max-width: 400px) 100vw, 400px\" \/> <img decoding=\"async\" class=\"alignnone wp-image-8400 size-fusion-400\" src=\"https:\/\/www.liceulprometeuprotalent.md\/wp-content\/uploads\/2025\/03\/viber_image_2025-03-20_16-22-39-158-400x533.jpg\" alt=\"\" width=\"400\" height=\"533\" srcset=\"https:\/\/www.liceulprometeuprotalent.md\/wp-content\/uploads\/2025\/03\/viber_image_2025-03-20_16-22-39-158-200x267.jpg 200w, https:\/\/www.liceulprometeuprotalent.md\/wp-content\/uploads\/2025\/03\/viber_image_2025-03-20_16-22-39-158-225x300.jpg 225w, https:\/\/www.liceulprometeuprotalent.md\/wp-content\/uploads\/2025\/03\/viber_image_2025-03-20_16-22-39-158-400x533.jpg 400w, https:\/\/www.liceulprometeuprotalent.md\/wp-content\/uploads\/2025\/03\/viber_image_2025-03-20_16-22-39-158-600x800.jpg 600w, https:\/\/www.liceulprometeuprotalent.md\/wp-content\/uploads\/2025\/03\/viber_image_2025-03-20_16-22-39-158-768x1024.jpg 768w, https:\/\/www.liceulprometeuprotalent.md\/wp-content\/uploads\/2025\/03\/viber_image_2025-03-20_16-22-39-158-800x1067.jpg 800w, https:\/\/www.liceulprometeuprotalent.md\/wp-content\/uploads\/2025\/03\/viber_image_2025-03-20_16-22-39-158-1152x1536.jpg 1152w, https:\/\/www.liceulprometeuprotalent.md\/wp-content\/uploads\/2025\/03\/viber_image_2025-03-20_16-22-39-158.jpg 1200w\" sizes=\"(max-width: 400px) 100vw, 400px\" \/><\/p>\n","protected":false},"excerpt":{"rendered":"<p>Bonne Journ\u00e9e de la Francophonie! Acesta a fost mesajul zilei de 20 martie 2025, la Liceul de Creativitate \u0219i Inventic\u0103 \u201ePrometeu-Protalent\u201d, unde s-a s\u0103rb\u0103torit Ziua Interna\u021bional\u0103 a Francofoniei \u00eentr-un mod cu totul inedit. Inspira\u021bi de doamna dirigint\u0103 Georgeta Ga\u021bcan, profesoar\u0103 de limba francez\u0103 \u0219i englez\u0103, grad didactic superior, elevii clasei a VII-a \u201eD\u201d au creat [&hellip;]<\/p>\n","protected":false},"author":1,"featured_media":8384,"comment_status":"open","ping_status":"open","sticky":false,"template":"","format":"standard","meta":{"_price":"","_stock":"","_tribe_ticket_header":"","_tribe_default_ticket_provider":"","_tribe_ticket_capacity":"0","_ticket_start_date":"","_ticket_end_date":"","_tribe_ticket_show_description":"","_tribe_ticket_show_not_going":false,"_tribe_ticket_use_global_stock":"","_tribe_ticket_global_stock_level":"","_global_stock_mode":"","_global_stock_cap":"","_tribe_rsvp_for_event":"","_tribe_ticket_going_count":"","_tribe_ticket_not_going_count":"","_tribe_tickets_list":"[]","_tribe_ticket_has_attendee_info_fields":false,"footnotes":""},"categories":[89,80,1],"tags":[],"class_list":["post-8383","post","type-post","status-publish","format-standard","has-post-thumbnail","hentry","category-blog","category-toate-categoriile","category-uncategorized"],"_links":{"self":[{"href":"https:\/\/www.liceulprometeuprotalent.md\/index.php?rest_route=\/wp\/v2\/posts\/8383","targetHints":{"allow":["GET"]}}],"collection":[{"href":"https:\/\/www.liceulprometeuprotalent.md\/index.php?rest_route=\/wp\/v2\/posts"}],"about":[{"href":"https:\/\/www.liceulprometeuprotalent.md\/index.php?rest_route=\/wp\/v2\/types\/post"}],"author":[{"embeddable":true,"href":"https:\/\/www.liceulprometeuprotalent.md\/index.php?rest_route=\/wp\/v2\/users\/1"}],"replies":[{"embeddable":true,"href":"https:\/\/www.liceulprometeuprotalent.md\/index.php?rest_route=%2Fwp%2Fv2%2Fcomments&post=8383"}],"version-history":[{"count":4,"href":"https:\/\/www.liceulprometeuprotalent.md\/index.php?rest_route=\/wp\/v2\/posts\/8383\/revisions"}],"predecessor-version":[{"id":8405,"href":"https:\/\/www.liceulprometeuprotalent.md\/index.php?rest_route=\/wp\/v2\/posts\/8383\/revisions\/8405"}],"wp:featuredmedia":[{"embeddable":true,"href":"https:\/\/www.liceulprometeuprotalent.md\/index.php?rest_route=\/wp\/v2\/media\/8384"}],"wp:attachment":[{"href":"https:\/\/www.liceulprometeuprotalent.md\/index.php?rest_route=%2Fwp%2Fv2%2Fmedia&parent=8383"}],"wp:term":[{"taxonomy":"category","embeddable":true,"href":"https:\/\/www.liceulprometeuprotalent.md\/index.php?rest_route=%2Fwp%2Fv2%2Fcategories&post=8383"},{"taxonomy":"post_tag","embeddable":true,"href":"https:\/\/www.liceulprometeuprotalent.md\/index.php?rest_route=%2Fwp%2Fv2%2Ftags&post=8383"}],"curies":[{"name":"wp","href":"https:\/\/api.w.org\/{rel}","templated":true}]}}