{"id":8407,"date":"2025-03-27T13:38:53","date_gmt":"2025-03-27T13:38:53","guid":{"rendered":"https:\/\/www.liceulprometeuprotalent.md\/?p=8407"},"modified":"2025-03-27T13:38:53","modified_gmt":"2025-03-27T13:38:53","slug":"cantecul-francez-completeaza-succesele-elevilor-prometeisti","status":"publish","type":"post","link":"https:\/\/www.liceulprometeuprotalent.md\/?p=8407","title":{"rendered":"C\u00e2ntecul francez completeaz\u0103 succesele elevilor prometei\u0219ti"},"content":{"rendered":"<p>Elevii Liceului de Creativitate \u0219i Inventic\u0103 \u201ePrometeu-Protalent\u201d au demonstrat excelen\u021b\u0103 \u0219i la edi\u021bia a XXIII-a a Festivalului-Concurs Interna\u021bional al c\u00e2ntecului francofon \u201eChantons, amis!\/\u201eHai s\u0103 c\u00e2nt\u0103m, prieteni!\u201d, de altfel ca \u0219i la edi\u021biile precedente ale acestei faimos festival.<\/p>\n<p>Competi\u021bia a avut loc pe data de 22 martie 2025, \u00een incinta ASEM din Chi\u0219in\u0103u.<\/p>\n<p>Astfel, interpretarea impecabil\u0103 a pieselor \u00een limba francez\u0103 de c\u0103tre elevii no\u0219tri a fost apreciat\u0103 de juriul Festivalului-Concurs, respectiv:<\/p>\n<p><strong>Premiul I \u2013<\/strong> Gabriel Rodideal din clasa a VIII-a \u201eA\u201d, \u00eendrum\u0103tor doamna Fevronia Maler, profesoar\u0103 de limba francez\u0103, grad didactic doi;<\/p>\n<p><strong>Premiul III \u2013<\/strong> Ilinca Pulbere din clasa a V-a \u201eA\u201d, \u00eendrum\u0103tor doamna Silvia Voroniuc, profesoar\u0103 de limba francez\u0103, grad didactic superior;<\/p>\n<p><strong>Men\u021biune \u2013 <\/strong>Sofia Arapu din clasa a V-a \u201eD\u201d, \u00eendrum\u0103tor doamna Silvia Voroniuc, profesoar\u0103 de limba francez\u0103, grad didactic superior.<\/p>\n<p>Bravo, dragi tineri arti\u0219ti! Ne bucur\u0103 nespus de mult succesele voastre, \u00een spatele c\u0103rora e mult\u0103 munc\u0103, pasiune \u0219i perseveren\u021b\u0103, depus\u0103 de doamnele profesoare Fevronia Maler \u0219i Silvia Voroniuc.<\/p>\n<p>Felicit\u0103ri, stimate doamne profesoare Silvia Voroniuc \u0219i Fevronia Maler! Apreciem implicarea, personalitatea, profesionalismul \u0219i dedicarea \u00a0Dvs. la promovarea valorilor \u0219i culturii francofone, inclusiv prin c\u00e2ntecul francofon, printre discipoli. V\u0103 mul\u021bumim!<\/p>\n<p><img decoding=\"async\" class=\"alignnone wp-image-8409 size-fusion-400\" src=\"https:\/\/www.liceulprometeuprotalent.md\/wp-content\/uploads\/2025\/03\/viber_image_2025-03-22_20-25-44-128-400x300.jpg\" alt=\"\" width=\"400\" height=\"300\" srcset=\"https:\/\/www.liceulprometeuprotalent.md\/wp-content\/uploads\/2025\/03\/viber_image_2025-03-22_20-25-44-128-200x150.jpg 200w, https:\/\/www.liceulprometeuprotalent.md\/wp-content\/uploads\/2025\/03\/viber_image_2025-03-22_20-25-44-128-300x225.jpg 300w, https:\/\/www.liceulprometeuprotalent.md\/wp-content\/uploads\/2025\/03\/viber_image_2025-03-22_20-25-44-128-400x300.jpg 400w, https:\/\/www.liceulprometeuprotalent.md\/wp-content\/uploads\/2025\/03\/viber_image_2025-03-22_20-25-44-128-600x450.jpg 600w, https:\/\/www.liceulprometeuprotalent.md\/wp-content\/uploads\/2025\/03\/viber_image_2025-03-22_20-25-44-128-768x576.jpg 768w, https:\/\/www.liceulprometeuprotalent.md\/wp-content\/uploads\/2025\/03\/viber_image_2025-03-22_20-25-44-128-800x600.jpg 800w, https:\/\/www.liceulprometeuprotalent.md\/wp-content\/uploads\/2025\/03\/viber_image_2025-03-22_20-25-44-128-1024x768.jpg 1024w, https:\/\/www.liceulprometeuprotalent.md\/wp-content\/uploads\/2025\/03\/viber_image_2025-03-22_20-25-44-128-1200x900.jpg 1200w, https:\/\/www.liceulprometeuprotalent.md\/wp-content\/uploads\/2025\/03\/viber_image_2025-03-22_20-25-44-128-1536x1152.jpg 1536w, https:\/\/www.liceulprometeuprotalent.md\/wp-content\/uploads\/2025\/03\/viber_image_2025-03-22_20-25-44-128.jpg 1600w\" sizes=\"(max-width: 400px) 100vw, 400px\" \/> <img decoding=\"async\" class=\"alignnone wp-image-8410 size-fusion-400\" src=\"https:\/\/www.liceulprometeuprotalent.md\/wp-content\/uploads\/2025\/03\/viber_image_2025-03-22_20-25-43-434-400x300.jpg\" alt=\"\" width=\"400\" height=\"300\" srcset=\"https:\/\/www.liceulprometeuprotalent.md\/wp-content\/uploads\/2025\/03\/viber_image_2025-03-22_20-25-43-434-200x150.jpg 200w, https:\/\/www.liceulprometeuprotalent.md\/wp-content\/uploads\/2025\/03\/viber_image_2025-03-22_20-25-43-434-300x225.jpg 300w, https:\/\/www.liceulprometeuprotalent.md\/wp-content\/uploads\/2025\/03\/viber_image_2025-03-22_20-25-43-434-400x300.jpg 400w, https:\/\/www.liceulprometeuprotalent.md\/wp-content\/uploads\/2025\/03\/viber_image_2025-03-22_20-25-43-434-600x450.jpg 600w, https:\/\/www.liceulprometeuprotalent.md\/wp-content\/uploads\/2025\/03\/viber_image_2025-03-22_20-25-43-434-768x576.jpg 768w, https:\/\/www.liceulprometeuprotalent.md\/wp-content\/uploads\/2025\/03\/viber_image_2025-03-22_20-25-43-434-800x600.jpg 800w, https:\/\/www.liceulprometeuprotalent.md\/wp-content\/uploads\/2025\/03\/viber_image_2025-03-22_20-25-43-434-1024x768.jpg 1024w, https:\/\/www.liceulprometeuprotalent.md\/wp-content\/uploads\/2025\/03\/viber_image_2025-03-22_20-25-43-434-1200x900.jpg 1200w, https:\/\/www.liceulprometeuprotalent.md\/wp-content\/uploads\/2025\/03\/viber_image_2025-03-22_20-25-43-434-1536x1152.jpg 1536w, https:\/\/www.liceulprometeuprotalent.md\/wp-content\/uploads\/2025\/03\/viber_image_2025-03-22_20-25-43-434.jpg 1600w\" sizes=\"(max-width: 400px) 100vw, 400px\" \/> <img decoding=\"async\" class=\"alignnone wp-image-8411 size-fusion-400\" src=\"https:\/\/www.liceulprometeuprotalent.md\/wp-content\/uploads\/2025\/03\/viber_image_2025-03-22_20-25-43-120-400x300.jpg\" alt=\"\" width=\"400\" height=\"300\" srcset=\"https:\/\/www.liceulprometeuprotalent.md\/wp-content\/uploads\/2025\/03\/viber_image_2025-03-22_20-25-43-120-200x150.jpg 200w, https:\/\/www.liceulprometeuprotalent.md\/wp-content\/uploads\/2025\/03\/viber_image_2025-03-22_20-25-43-120-300x225.jpg 300w, https:\/\/www.liceulprometeuprotalent.md\/wp-content\/uploads\/2025\/03\/viber_image_2025-03-22_20-25-43-120-400x300.jpg 400w, https:\/\/www.liceulprometeuprotalent.md\/wp-content\/uploads\/2025\/03\/viber_image_2025-03-22_20-25-43-120-600x450.jpg 600w, https:\/\/www.liceulprometeuprotalent.md\/wp-content\/uploads\/2025\/03\/viber_image_2025-03-22_20-25-43-120-768x576.jpg 768w, https:\/\/www.liceulprometeuprotalent.md\/wp-content\/uploads\/2025\/03\/viber_image_2025-03-22_20-25-43-120-800x600.jpg 800w, https:\/\/www.liceulprometeuprotalent.md\/wp-content\/uploads\/2025\/03\/viber_image_2025-03-22_20-25-43-120-1024x768.jpg 1024w, https:\/\/www.liceulprometeuprotalent.md\/wp-content\/uploads\/2025\/03\/viber_image_2025-03-22_20-25-43-120-1200x900.jpg 1200w, https:\/\/www.liceulprometeuprotalent.md\/wp-content\/uploads\/2025\/03\/viber_image_2025-03-22_20-25-43-120-1536x1152.jpg 1536w, https:\/\/www.liceulprometeuprotalent.md\/wp-content\/uploads\/2025\/03\/viber_image_2025-03-22_20-25-43-120.jpg 1600w\" sizes=\"(max-width: 400px) 100vw, 400px\" \/><img decoding=\"async\" class=\"alignnone wp-image-8408 size-fusion-400\" src=\"https:\/\/www.liceulprometeuprotalent.md\/wp-content\/uploads\/2025\/03\/viber_image_2025-03-22_20-25-42-774-400x533.jpg\" alt=\"\" width=\"400\" height=\"533\" srcset=\"https:\/\/www.liceulprometeuprotalent.md\/wp-content\/uploads\/2025\/03\/viber_image_2025-03-22_20-25-42-774-200x267.jpg 200w, https:\/\/www.liceulprometeuprotalent.md\/wp-content\/uploads\/2025\/03\/viber_image_2025-03-22_20-25-42-774-225x300.jpg 225w, https:\/\/www.liceulprometeuprotalent.md\/wp-content\/uploads\/2025\/03\/viber_image_2025-03-22_20-25-42-774-400x533.jpg 400w, https:\/\/www.liceulprometeuprotalent.md\/wp-content\/uploads\/2025\/03\/viber_image_2025-03-22_20-25-42-774-600x800.jpg 600w, https:\/\/www.liceulprometeuprotalent.md\/wp-content\/uploads\/2025\/03\/viber_image_2025-03-22_20-25-42-774-768x1024.jpg 768w, https:\/\/www.liceulprometeuprotalent.md\/wp-content\/uploads\/2025\/03\/viber_image_2025-03-22_20-25-42-774-800x1067.jpg 800w, https:\/\/www.liceulprometeuprotalent.md\/wp-content\/uploads\/2025\/03\/viber_image_2025-03-22_20-25-42-774-1152x1536.jpg 1152w, https:\/\/www.liceulprometeuprotalent.md\/wp-content\/uploads\/2025\/03\/viber_image_2025-03-22_20-25-42-774.jpg 1200w\" sizes=\"(max-width: 400px) 100vw, 400px\" \/><\/p>\n","protected":false},"excerpt":{"rendered":"<p>Elevii Liceului de Creativitate \u0219i Inventic\u0103 \u201ePrometeu-Protalent\u201d au demonstrat excelen\u021b\u0103 \u0219i la edi\u021bia a XXIII-a a Festivalului-Concurs Interna\u021bional al c\u00e2ntecului francofon \u201eChantons, amis!\/\u201eHai s\u0103 c\u00e2nt\u0103m, prieteni!\u201d, de altfel ca \u0219i la edi\u021biile precedente ale acestei faimos festival. Competi\u021bia a avut loc pe data de 22 martie 2025, \u00een incinta ASEM din Chi\u0219in\u0103u. Astfel, interpretarea impecabil\u0103 [&hellip;]<\/p>\n","protected":false},"author":1,"featured_media":8411,"comment_status":"open","ping_status":"open","sticky":false,"template":"","format":"standard","meta":{"_price":"","_stock":"","_tribe_ticket_header":"","_tribe_default_ticket_provider":"","_tribe_ticket_capacity":"0","_ticket_start_date":"","_ticket_end_date":"","_tribe_ticket_show_description":"","_tribe_ticket_show_not_going":false,"_tribe_ticket_use_global_stock":"","_tribe_ticket_global_stock_level":"","_global_stock_mode":"","_global_stock_cap":"","_tribe_rsvp_for_event":"","_tribe_ticket_going_count":"","_tribe_ticket_not_going_count":"","_tribe_tickets_list":"[]","_tribe_ticket_has_attendee_info_fields":false,"footnotes":""},"categories":[89,80,1],"tags":[],"class_list":["post-8407","post","type-post","status-publish","format-standard","has-post-thumbnail","hentry","category-blog","category-toate-categoriile","category-uncategorized"],"_links":{"self":[{"href":"https:\/\/www.liceulprometeuprotalent.md\/index.php?rest_route=\/wp\/v2\/posts\/8407","targetHints":{"allow":["GET"]}}],"collection":[{"href":"https:\/\/www.liceulprometeuprotalent.md\/index.php?rest_route=\/wp\/v2\/posts"}],"about":[{"href":"https:\/\/www.liceulprometeuprotalent.md\/index.php?rest_route=\/wp\/v2\/types\/post"}],"author":[{"embeddable":true,"href":"https:\/\/www.liceulprometeuprotalent.md\/index.php?rest_route=\/wp\/v2\/users\/1"}],"replies":[{"embeddable":true,"href":"https:\/\/www.liceulprometeuprotalent.md\/index.php?rest_route=%2Fwp%2Fv2%2Fcomments&post=8407"}],"version-history":[{"count":1,"href":"https:\/\/www.liceulprometeuprotalent.md\/index.php?rest_route=\/wp\/v2\/posts\/8407\/revisions"}],"predecessor-version":[{"id":8412,"href":"https:\/\/www.liceulprometeuprotalent.md\/index.php?rest_route=\/wp\/v2\/posts\/8407\/revisions\/8412"}],"wp:featuredmedia":[{"embeddable":true,"href":"https:\/\/www.liceulprometeuprotalent.md\/index.php?rest_route=\/wp\/v2\/media\/8411"}],"wp:attachment":[{"href":"https:\/\/www.liceulprometeuprotalent.md\/index.php?rest_route=%2Fwp%2Fv2%2Fmedia&parent=8407"}],"wp:term":[{"taxonomy":"category","embeddable":true,"href":"https:\/\/www.liceulprometeuprotalent.md\/index.php?rest_route=%2Fwp%2Fv2%2Fcategories&post=8407"},{"taxonomy":"post_tag","embeddable":true,"href":"https:\/\/www.liceulprometeuprotalent.md\/index.php?rest_route=%2Fwp%2Fv2%2Ftags&post=8407"}],"curies":[{"name":"wp","href":"https:\/\/api.w.org\/{rel}","templated":true}]}}