{"id":8418,"date":"2025-03-28T12:52:35","date_gmt":"2025-03-28T12:52:35","guid":{"rendered":"https:\/\/www.liceulprometeuprotalent.md\/?p=8418"},"modified":"2025-03-28T12:52:35","modified_gmt":"2025-03-28T12:52:35","slug":"ma-educ-deci-actionez","status":"publish","type":"post","link":"https:\/\/www.liceulprometeuprotalent.md\/?p=8418","title":{"rendered":"\u201eM\u0103 educ, deci ac\u021bionez\u201d"},"content":{"rendered":"<p>\u201e<strong><em>Je m\u2019\u00e9duque, donc j\u2019agis<\/em><\/strong>\u201d (\u201e<strong><em>M\u0103 educ, deci ac\u021bionez<\/em><\/strong>\u201d) este tema Zilei Interna\u021bionale a Francofoniei din anul 2025, care a fost reflectat\u0103 \u00een activit\u0103\u021bile realizate de doamna Silvia Voroniuc, profesoar\u0103 de limba francez\u0103, grad didactic superior, formator na\u021bional, \u00een perioada 24-27 martie curent.<\/p>\n<p>Doamna Silvia Voroniuc a ini\u021biat lec\u021bii-concurs \u00een clasele a V-a \u201eA\u201d, a V-a \u201eB\u201d \u0219i a V-a \u201eD\u201d, cu genericul \u201e<strong><em>La francophonie, \u00e7a s\u2019\u00e9duque<\/em><\/strong>\u201d, implic\u00e2nd \u00een activitate to\u021bi elevii. Concursul a fost prezentat \u00eentr-o form\u0103 accesibil\u0103 \u0219i atractiv\u0103, a con\u021binut momente de surpriz\u0103, care au trezit curiozitatea \u0219i interesul concuren\u021bilor. Regulile jocului au fost prestabilite, fiind obligatorii pentru to\u021bi. O varietate de sarcini didactice cu aspect aplicativ, adaptate la v\u00e2rst\u0103, \u00eenso\u021bite de suport iconografic \u0219i digital, au motivat elevii la o participare activ\u0103. Stimularea creativit\u0103\u021bii a fost realizat\u0103 prin utilizarea tablei interactive. Doamna Voroniuc a propus jocuri interactive cu diverse grade de dificultate, atractive \u0219i inedite. Elevii au identificat rapid \u0219i cu entuziasm, r\u0103spunsuri corecte, au asociat elemente dispersate \u0219i au completat fraze lacunare. \u00cen consecin\u021b\u0103 au fost dezvoltate abilit\u0103\u021bile cognitive \u0219i sociale ale elevilor.<\/p>\n<p>C\u0103pitanii ale\u0219i \u0219i-au asumat rolul de lider \u0219i au gestionat presta\u021bia echipelor cu originalitate \u0219i pricepere. Au excelat c\u0103pitanii M\u0103d\u0103lina B\u0103b\u0103l\u0103u (clasa a V-a \u201eA\u201d), Sofia Scor\u021bescu (clasa a V-a \u201eB\u201d) \u0219i Sofia Nagacevschi (clasa a V-a \u201eD\u201d), care au manifestat calit\u0103\u021bi remarcabile de conduc\u0103tor, au sus\u021binut ini\u021biativele colegilor, au condus inteligent \u0219i empatic, prin arta comunic\u0103rii \u0219i exemplul personal, echipele spre victorie.<\/p>\n<p>Prietenia dintre elev, carte \u0219i Inteligen\u021ba Artificial\u0103, un pilon al educa\u021biei moderne, a fost transpus\u0103 artistic \u00een pictura elevei Lia Speranza (clasa a V-a \u201eA\u201d), iar Cornelia Guzun (clasa a V-a \u201eA\u201d) a confec\u021bionat Simbolul Organiza\u021biei Interna\u021bionale a Francofoniei \u0219i l-a oferit colegilor de clas\u0103.<\/p>\n<p>\u00cen clasa a VII-a \u201eC\u201d, elevii au realizat \u00een binom activit\u0103\u021bi de cercetare pe subiecte tematice referitoare la personalit\u0103\u021bi franceze notorii: Victor Hugo, Jules Verne, Louis Pasteur, Henri Poincar\u00e9, Coco Chanel etc. \u0219i au creat prezent\u0103ri \u00een format digital, con\u021bin\u00e2nd informa\u021bii captivante despre activit\u0103\u021bile \u0219tiin\u021bifice \u0219i culturale, succesele inovatoare \u0219i impactul lor asupra dezvolt\u0103rii societ\u0103\u021bii.<\/p>\n<p>Elevii au realizat conexiuni intra &#8211; \u0219i interdisciplinare \u00een diverse situa\u021bii \u0219i contexte de comunicare, valorific\u00e2nd astfel competen\u021bele formate \u0219i dezvoltate \u00een cadrul orelor de limb\u0103 francez\u0103: lingvistic\u0103, sociolingvistic\u0103, pragmatic\u0103, (pluri\/inter) cultural\u0103.<\/p>\n<p>Prin metode didactice interactive, doamna Silvia Voroniuc a privilegiat o abordare educa\u021bional\u0103 progresiv\u0103, care contribuie la ob\u021binerea performan\u021bei academice \u00een baza con\u021binuturilor tematice \u0219i lingvistice cu valoare cognitiv\u0103 relevant\u0103.<\/p>\n<p>V\u0103 mul\u021bumim, distins\u0103 doamn\u0103 profesoar\u0103 Silvia Voroniuc. Admir\u0103m abilit\u0103\u021bile \u0219i profesionalismul Dvs. cu care reu\u0219i\u021bi s\u0103 conecta\u021bi elevii la fascinanta cultur\u0103 francez\u0103 \u0219i s\u0103-i motiva\u021bi s\u0103 \u00eensu\u0219easc\u0103 \u0219i s\u0103 iubeasc\u0103 aceast\u0103 minunat\u0103 limb\u0103 european\u0103.<\/p>\n<p>Bravo, dragi elevi! Suntem \u00eenc\u00e2nta\u021bi de dragostea ce-o purta\u021bi limbii franceze \u0219i de implicarea voastr\u0103 \u00een activit\u0103\u021bile dedicate Zilei Interna\u021bionale a Francofoniei!<\/p>\n<p style=\"text-align: center;\">\u00a0<img decoding=\"async\" class=\"alignnone wp-image-8420 size-fusion-400\" src=\"https:\/\/www.liceulprometeuprotalent.md\/wp-content\/uploads\/2025\/03\/viber_image_2025-03-27_18-29-38-704-400x351.jpg\" alt=\"\" width=\"400\" height=\"351\" srcset=\"https:\/\/www.liceulprometeuprotalent.md\/wp-content\/uploads\/2025\/03\/viber_image_2025-03-27_18-29-38-704-200x175.jpg 200w, https:\/\/www.liceulprometeuprotalent.md\/wp-content\/uploads\/2025\/03\/viber_image_2025-03-27_18-29-38-704-300x263.jpg 300w, https:\/\/www.liceulprometeuprotalent.md\/wp-content\/uploads\/2025\/03\/viber_image_2025-03-27_18-29-38-704-400x351.jpg 400w, https:\/\/www.liceulprometeuprotalent.md\/wp-content\/uploads\/2025\/03\/viber_image_2025-03-27_18-29-38-704-600x526.jpg 600w, https:\/\/www.liceulprometeuprotalent.md\/wp-content\/uploads\/2025\/03\/viber_image_2025-03-27_18-29-38-704-768x673.jpg 768w, https:\/\/www.liceulprometeuprotalent.md\/wp-content\/uploads\/2025\/03\/viber_image_2025-03-27_18-29-38-704-800x701.jpg 800w, https:\/\/www.liceulprometeuprotalent.md\/wp-content\/uploads\/2025\/03\/viber_image_2025-03-27_18-29-38-704-1024x897.jpg 1024w, https:\/\/www.liceulprometeuprotalent.md\/wp-content\/uploads\/2025\/03\/viber_image_2025-03-27_18-29-38-704-1200x1052.jpg 1200w, https:\/\/www.liceulprometeuprotalent.md\/wp-content\/uploads\/2025\/03\/viber_image_2025-03-27_18-29-38-704-1536x1346.jpg 1536w, https:\/\/www.liceulprometeuprotalent.md\/wp-content\/uploads\/2025\/03\/viber_image_2025-03-27_18-29-38-704.jpg 1600w\" sizes=\"(max-width: 400px) 100vw, 400px\" \/>\u00a0<img decoding=\"async\" class=\"alignnone wp-image-8422 size-fusion-400\" src=\"https:\/\/www.liceulprometeuprotalent.md\/wp-content\/uploads\/2025\/03\/viber_image_2025-03-27_18-29-38-804-400x438.jpg\" alt=\"\" width=\"400\" height=\"438\" srcset=\"https:\/\/www.liceulprometeuprotalent.md\/wp-content\/uploads\/2025\/03\/viber_image_2025-03-27_18-29-38-804-200x219.jpg 200w, https:\/\/www.liceulprometeuprotalent.md\/wp-content\/uploads\/2025\/03\/viber_image_2025-03-27_18-29-38-804-274x300.jpg 274w, https:\/\/www.liceulprometeuprotalent.md\/wp-content\/uploads\/2025\/03\/viber_image_2025-03-27_18-29-38-804-400x438.jpg 400w, https:\/\/www.liceulprometeuprotalent.md\/wp-content\/uploads\/2025\/03\/viber_image_2025-03-27_18-29-38-804-600x658.jpg 600w, https:\/\/www.liceulprometeuprotalent.md\/wp-content\/uploads\/2025\/03\/viber_image_2025-03-27_18-29-38-804-768x842.jpg 768w, https:\/\/www.liceulprometeuprotalent.md\/wp-content\/uploads\/2025\/03\/viber_image_2025-03-27_18-29-38-804-800x877.jpg 800w, https:\/\/www.liceulprometeuprotalent.md\/wp-content\/uploads\/2025\/03\/viber_image_2025-03-27_18-29-38-804-934x1024.jpg 934w, https:\/\/www.liceulprometeuprotalent.md\/wp-content\/uploads\/2025\/03\/viber_image_2025-03-27_18-29-38-804-1200x1315.jpg 1200w, https:\/\/www.liceulprometeuprotalent.md\/wp-content\/uploads\/2025\/03\/viber_image_2025-03-27_18-29-38-804-1402x1536.jpg 1402w, https:\/\/www.liceulprometeuprotalent.md\/wp-content\/uploads\/2025\/03\/viber_image_2025-03-27_18-29-38-804.jpg 1460w\" sizes=\"(max-width: 400px) 100vw, 400px\" \/><\/p>\n<p style=\"text-align: center;\">\u00a0 \u00a0<img decoding=\"async\" class=\"alignnone wp-image-8423 size-fusion-400\" src=\"https:\/\/www.liceulprometeuprotalent.md\/wp-content\/uploads\/2025\/03\/viber_image_2025-03-27_18-29-40-845-400x535.jpg\" alt=\"\" width=\"400\" height=\"535\" srcset=\"https:\/\/www.liceulprometeuprotalent.md\/wp-content\/uploads\/2025\/03\/viber_image_2025-03-27_18-29-40-845-200x267.jpg 200w, https:\/\/www.liceulprometeuprotalent.md\/wp-content\/uploads\/2025\/03\/viber_image_2025-03-27_18-29-40-845-224x300.jpg 224w, https:\/\/www.liceulprometeuprotalent.md\/wp-content\/uploads\/2025\/03\/viber_image_2025-03-27_18-29-40-845-400x535.jpg 400w, https:\/\/www.liceulprometeuprotalent.md\/wp-content\/uploads\/2025\/03\/viber_image_2025-03-27_18-29-40-845-600x802.jpg 600w, https:\/\/www.liceulprometeuprotalent.md\/wp-content\/uploads\/2025\/03\/viber_image_2025-03-27_18-29-40-845-766x1024.jpg 766w, https:\/\/www.liceulprometeuprotalent.md\/wp-content\/uploads\/2025\/03\/viber_image_2025-03-27_18-29-40-845-768x1027.jpg 768w, https:\/\/www.liceulprometeuprotalent.md\/wp-content\/uploads\/2025\/03\/viber_image_2025-03-27_18-29-40-845-800x1069.jpg 800w, https:\/\/www.liceulprometeuprotalent.md\/wp-content\/uploads\/2025\/03\/viber_image_2025-03-27_18-29-40-845-1149x1536.jpg 1149w, https:\/\/www.liceulprometeuprotalent.md\/wp-content\/uploads\/2025\/03\/viber_image_2025-03-27_18-29-40-845.jpg 1197w\" sizes=\"(max-width: 400px) 100vw, 400px\" \/> <img decoding=\"async\" class=\"alignnone wp-image-8419 size-fusion-400\" src=\"https:\/\/www.liceulprometeuprotalent.md\/wp-content\/uploads\/2025\/03\/viber_image_2025-03-27_18-29-38-658-400x533.jpg\" alt=\"\" width=\"400\" height=\"533\" srcset=\"https:\/\/www.liceulprometeuprotalent.md\/wp-content\/uploads\/2025\/03\/viber_image_2025-03-27_18-29-38-658-200x267.jpg 200w, https:\/\/www.liceulprometeuprotalent.md\/wp-content\/uploads\/2025\/03\/viber_image_2025-03-27_18-29-38-658-225x300.jpg 225w, https:\/\/www.liceulprometeuprotalent.md\/wp-content\/uploads\/2025\/03\/viber_image_2025-03-27_18-29-38-658-400x533.jpg 400w, https:\/\/www.liceulprometeuprotalent.md\/wp-content\/uploads\/2025\/03\/viber_image_2025-03-27_18-29-38-658-600x800.jpg 600w, https:\/\/www.liceulprometeuprotalent.md\/wp-content\/uploads\/2025\/03\/viber_image_2025-03-27_18-29-38-658-768x1024.jpg 768w, https:\/\/www.liceulprometeuprotalent.md\/wp-content\/uploads\/2025\/03\/viber_image_2025-03-27_18-29-38-658-800x1067.jpg 800w, https:\/\/www.liceulprometeuprotalent.md\/wp-content\/uploads\/2025\/03\/viber_image_2025-03-27_18-29-38-658-1152x1536.jpg 1152w, https:\/\/www.liceulprometeuprotalent.md\/wp-content\/uploads\/2025\/03\/viber_image_2025-03-27_18-29-38-658.jpg 1200w\" sizes=\"(max-width: 400px) 100vw, 400px\" \/><\/p>\n<p style=\"text-align: center;\">\u00a0<img decoding=\"async\" class=\"alignnone wp-image-8425 size-fusion-400\" src=\"https:\/\/www.liceulprometeuprotalent.md\/wp-content\/uploads\/2025\/03\/viber_image_2025-03-27_18-29-40-794-400x535.jpg\" alt=\"\" width=\"400\" height=\"535\" srcset=\"https:\/\/www.liceulprometeuprotalent.md\/wp-content\/uploads\/2025\/03\/viber_image_2025-03-27_18-29-40-794-200x267.jpg 200w, https:\/\/www.liceulprometeuprotalent.md\/wp-content\/uploads\/2025\/03\/viber_image_2025-03-27_18-29-40-794-224x300.jpg 224w, https:\/\/www.liceulprometeuprotalent.md\/wp-content\/uploads\/2025\/03\/viber_image_2025-03-27_18-29-40-794-400x535.jpg 400w, https:\/\/www.liceulprometeuprotalent.md\/wp-content\/uploads\/2025\/03\/viber_image_2025-03-27_18-29-40-794-600x802.jpg 600w, https:\/\/www.liceulprometeuprotalent.md\/wp-content\/uploads\/2025\/03\/viber_image_2025-03-27_18-29-40-794-766x1024.jpg 766w, https:\/\/www.liceulprometeuprotalent.md\/wp-content\/uploads\/2025\/03\/viber_image_2025-03-27_18-29-40-794-768x1027.jpg 768w, https:\/\/www.liceulprometeuprotalent.md\/wp-content\/uploads\/2025\/03\/viber_image_2025-03-27_18-29-40-794-800x1069.jpg 800w, https:\/\/www.liceulprometeuprotalent.md\/wp-content\/uploads\/2025\/03\/viber_image_2025-03-27_18-29-40-794-1149x1536.jpg 1149w, https:\/\/www.liceulprometeuprotalent.md\/wp-content\/uploads\/2025\/03\/viber_image_2025-03-27_18-29-40-794.jpg 1197w\" sizes=\"(max-width: 400px) 100vw, 400px\" \/> \u00a0<img decoding=\"async\" class=\"alignnone wp-image-8426 size-fusion-400\" src=\"https:\/\/www.liceulprometeuprotalent.md\/wp-content\/uploads\/2025\/03\/viber_image_2025-03-27_18-29-40-748-400x535.jpg\" alt=\"\" width=\"400\" height=\"535\" srcset=\"https:\/\/www.liceulprometeuprotalent.md\/wp-content\/uploads\/2025\/03\/viber_image_2025-03-27_18-29-40-748-200x267.jpg 200w, https:\/\/www.liceulprometeuprotalent.md\/wp-content\/uploads\/2025\/03\/viber_image_2025-03-27_18-29-40-748-224x300.jpg 224w, https:\/\/www.liceulprometeuprotalent.md\/wp-content\/uploads\/2025\/03\/viber_image_2025-03-27_18-29-40-748-400x535.jpg 400w, https:\/\/www.liceulprometeuprotalent.md\/wp-content\/uploads\/2025\/03\/viber_image_2025-03-27_18-29-40-748-600x802.jpg 600w, https:\/\/www.liceulprometeuprotalent.md\/wp-content\/uploads\/2025\/03\/viber_image_2025-03-27_18-29-40-748-766x1024.jpg 766w, https:\/\/www.liceulprometeuprotalent.md\/wp-content\/uploads\/2025\/03\/viber_image_2025-03-27_18-29-40-748-768x1027.jpg 768w, https:\/\/www.liceulprometeuprotalent.md\/wp-content\/uploads\/2025\/03\/viber_image_2025-03-27_18-29-40-748-800x1069.jpg 800w, https:\/\/www.liceulprometeuprotalent.md\/wp-content\/uploads\/2025\/03\/viber_image_2025-03-27_18-29-40-748-1149x1536.jpg 1149w, https:\/\/www.liceulprometeuprotalent.md\/wp-content\/uploads\/2025\/03\/viber_image_2025-03-27_18-29-40-748.jpg 1197w\" sizes=\"(max-width: 400px) 100vw, 400px\" \/><\/p>\n<p style=\"text-align: center;\"><img decoding=\"async\" class=\"alignnone wp-image-8427 size-fusion-400\" src=\"https:\/\/www.liceulprometeuprotalent.md\/wp-content\/uploads\/2025\/03\/viber_image_2025-03-27_18-29-40-697-400x299.jpg\" alt=\"\" width=\"400\" height=\"299\" srcset=\"https:\/\/www.liceulprometeuprotalent.md\/wp-content\/uploads\/2025\/03\/viber_image_2025-03-27_18-29-40-697-200x150.jpg 200w, https:\/\/www.liceulprometeuprotalent.md\/wp-content\/uploads\/2025\/03\/viber_image_2025-03-27_18-29-40-697-300x224.jpg 300w, https:\/\/www.liceulprometeuprotalent.md\/wp-content\/uploads\/2025\/03\/viber_image_2025-03-27_18-29-40-697-400x299.jpg 400w, https:\/\/www.liceulprometeuprotalent.md\/wp-content\/uploads\/2025\/03\/viber_image_2025-03-27_18-29-40-697-600x449.jpg 600w, https:\/\/www.liceulprometeuprotalent.md\/wp-content\/uploads\/2025\/03\/viber_image_2025-03-27_18-29-40-697-768x575.jpg 768w, https:\/\/www.liceulprometeuprotalent.md\/wp-content\/uploads\/2025\/03\/viber_image_2025-03-27_18-29-40-697-800x599.jpg 800w, https:\/\/www.liceulprometeuprotalent.md\/wp-content\/uploads\/2025\/03\/viber_image_2025-03-27_18-29-40-697-1024x766.jpg 1024w, https:\/\/www.liceulprometeuprotalent.md\/wp-content\/uploads\/2025\/03\/viber_image_2025-03-27_18-29-40-697-1200x898.jpg 1200w, https:\/\/www.liceulprometeuprotalent.md\/wp-content\/uploads\/2025\/03\/viber_image_2025-03-27_18-29-40-697-1536x1149.jpg 1536w, https:\/\/www.liceulprometeuprotalent.md\/wp-content\/uploads\/2025\/03\/viber_image_2025-03-27_18-29-40-697.jpg 1600w\" sizes=\"(max-width: 400px) 100vw, 400px\" \/> \u00a0<img decoding=\"async\" class=\"alignnone wp-image-8424 size-fusion-400\" src=\"https:\/\/www.liceulprometeuprotalent.md\/wp-content\/uploads\/2025\/03\/viber_image_2025-03-27_18-29-38-760-400x341.jpg\" alt=\"\" width=\"400\" height=\"341\" srcset=\"https:\/\/www.liceulprometeuprotalent.md\/wp-content\/uploads\/2025\/03\/viber_image_2025-03-27_18-29-38-760-200x170.jpg 200w, https:\/\/www.liceulprometeuprotalent.md\/wp-content\/uploads\/2025\/03\/viber_image_2025-03-27_18-29-38-760-300x256.jpg 300w, https:\/\/www.liceulprometeuprotalent.md\/wp-content\/uploads\/2025\/03\/viber_image_2025-03-27_18-29-38-760-400x341.jpg 400w, https:\/\/www.liceulprometeuprotalent.md\/wp-content\/uploads\/2025\/03\/viber_image_2025-03-27_18-29-38-760-600x511.jpg 600w, https:\/\/www.liceulprometeuprotalent.md\/wp-content\/uploads\/2025\/03\/viber_image_2025-03-27_18-29-38-760-768x654.jpg 768w, https:\/\/www.liceulprometeuprotalent.md\/wp-content\/uploads\/2025\/03\/viber_image_2025-03-27_18-29-38-760-800x682.jpg 800w, https:\/\/www.liceulprometeuprotalent.md\/wp-content\/uploads\/2025\/03\/viber_image_2025-03-27_18-29-38-760-1024x872.jpg 1024w, https:\/\/www.liceulprometeuprotalent.md\/wp-content\/uploads\/2025\/03\/viber_image_2025-03-27_18-29-38-760-1200x1022.jpg 1200w, https:\/\/www.liceulprometeuprotalent.md\/wp-content\/uploads\/2025\/03\/viber_image_2025-03-27_18-29-38-760-1536x1308.jpg 1536w, https:\/\/www.liceulprometeuprotalent.md\/wp-content\/uploads\/2025\/03\/viber_image_2025-03-27_18-29-38-760.jpg 1600w\" sizes=\"(max-width: 400px) 100vw, 400px\" \/><\/p>\n<p style=\"text-align: center;\"><img decoding=\"async\" class=\"alignnone wp-image-8428 size-fusion-400\" src=\"https:\/\/www.liceulprometeuprotalent.md\/wp-content\/uploads\/2025\/03\/viber_image_2025-03-27_18-29-40-484-400x535.jpg\" alt=\"\" width=\"400\" height=\"535\" srcset=\"https:\/\/www.liceulprometeuprotalent.md\/wp-content\/uploads\/2025\/03\/viber_image_2025-03-27_18-29-40-484-200x267.jpg 200w, https:\/\/www.liceulprometeuprotalent.md\/wp-content\/uploads\/2025\/03\/viber_image_2025-03-27_18-29-40-484-224x300.jpg 224w, https:\/\/www.liceulprometeuprotalent.md\/wp-content\/uploads\/2025\/03\/viber_image_2025-03-27_18-29-40-484-400x535.jpg 400w, https:\/\/www.liceulprometeuprotalent.md\/wp-content\/uploads\/2025\/03\/viber_image_2025-03-27_18-29-40-484-600x802.jpg 600w, https:\/\/www.liceulprometeuprotalent.md\/wp-content\/uploads\/2025\/03\/viber_image_2025-03-27_18-29-40-484-766x1024.jpg 766w, https:\/\/www.liceulprometeuprotalent.md\/wp-content\/uploads\/2025\/03\/viber_image_2025-03-27_18-29-40-484-768x1027.jpg 768w, https:\/\/www.liceulprometeuprotalent.md\/wp-content\/uploads\/2025\/03\/viber_image_2025-03-27_18-29-40-484-800x1069.jpg 800w, https:\/\/www.liceulprometeuprotalent.md\/wp-content\/uploads\/2025\/03\/viber_image_2025-03-27_18-29-40-484-1149x1536.jpg 1149w, https:\/\/www.liceulprometeuprotalent.md\/wp-content\/uploads\/2025\/03\/viber_image_2025-03-27_18-29-40-484.jpg 1197w\" sizes=\"(max-width: 400px) 100vw, 400px\" \/> \u00a0<img decoding=\"async\" class=\"alignnone wp-image-8429 size-fusion-400\" src=\"https:\/\/www.liceulprometeuprotalent.md\/wp-content\/uploads\/2025\/03\/viber_image_2025-03-27_18-29-39-876-400x535.jpg\" alt=\"\" width=\"400\" height=\"535\" srcset=\"https:\/\/www.liceulprometeuprotalent.md\/wp-content\/uploads\/2025\/03\/viber_image_2025-03-27_18-29-39-876-200x267.jpg 200w, https:\/\/www.liceulprometeuprotalent.md\/wp-content\/uploads\/2025\/03\/viber_image_2025-03-27_18-29-39-876-224x300.jpg 224w, https:\/\/www.liceulprometeuprotalent.md\/wp-content\/uploads\/2025\/03\/viber_image_2025-03-27_18-29-39-876-400x535.jpg 400w, https:\/\/www.liceulprometeuprotalent.md\/wp-content\/uploads\/2025\/03\/viber_image_2025-03-27_18-29-39-876-600x802.jpg 600w, https:\/\/www.liceulprometeuprotalent.md\/wp-content\/uploads\/2025\/03\/viber_image_2025-03-27_18-29-39-876-766x1024.jpg 766w, https:\/\/www.liceulprometeuprotalent.md\/wp-content\/uploads\/2025\/03\/viber_image_2025-03-27_18-29-39-876-768x1027.jpg 768w, https:\/\/www.liceulprometeuprotalent.md\/wp-content\/uploads\/2025\/03\/viber_image_2025-03-27_18-29-39-876-800x1069.jpg 800w, https:\/\/www.liceulprometeuprotalent.md\/wp-content\/uploads\/2025\/03\/viber_image_2025-03-27_18-29-39-876-1149x1536.jpg 1149w, https:\/\/www.liceulprometeuprotalent.md\/wp-content\/uploads\/2025\/03\/viber_image_2025-03-27_18-29-39-876.jpg 1197w\" sizes=\"(max-width: 400px) 100vw, 400px\" \/><\/p>\n<p style=\"text-align: center;\"><img decoding=\"async\" class=\"alignnone wp-image-8430 size-fusion-400\" src=\"https:\/\/www.liceulprometeuprotalent.md\/wp-content\/uploads\/2025\/03\/viber_image_2025-03-27_18-29-39-603-400x323.jpg\" alt=\"\" width=\"400\" height=\"323\" srcset=\"https:\/\/www.liceulprometeuprotalent.md\/wp-content\/uploads\/2025\/03\/viber_image_2025-03-27_18-29-39-603-177x142.jpg 177w, https:\/\/www.liceulprometeuprotalent.md\/wp-content\/uploads\/2025\/03\/viber_image_2025-03-27_18-29-39-603-200x162.jpg 200w, https:\/\/www.liceulprometeuprotalent.md\/wp-content\/uploads\/2025\/03\/viber_image_2025-03-27_18-29-39-603-300x242.jpg 300w, https:\/\/www.liceulprometeuprotalent.md\/wp-content\/uploads\/2025\/03\/viber_image_2025-03-27_18-29-39-603-400x323.jpg 400w, https:\/\/www.liceulprometeuprotalent.md\/wp-content\/uploads\/2025\/03\/viber_image_2025-03-27_18-29-39-603-600x485.jpg 600w, https:\/\/www.liceulprometeuprotalent.md\/wp-content\/uploads\/2025\/03\/viber_image_2025-03-27_18-29-39-603-768x621.jpg 768w, https:\/\/www.liceulprometeuprotalent.md\/wp-content\/uploads\/2025\/03\/viber_image_2025-03-27_18-29-39-603-800x647.jpg 800w, https:\/\/www.liceulprometeuprotalent.md\/wp-content\/uploads\/2025\/03\/viber_image_2025-03-27_18-29-39-603-1024x828.jpg 1024w, https:\/\/www.liceulprometeuprotalent.md\/wp-content\/uploads\/2025\/03\/viber_image_2025-03-27_18-29-39-603-1200x970.jpg 1200w, https:\/\/www.liceulprometeuprotalent.md\/wp-content\/uploads\/2025\/03\/viber_image_2025-03-27_18-29-39-603-1536x1241.jpg 1536w, https:\/\/www.liceulprometeuprotalent.md\/wp-content\/uploads\/2025\/03\/viber_image_2025-03-27_18-29-39-603.jpg 1600w\" sizes=\"(max-width: 400px) 100vw, 400px\" \/> \u00a0<img decoding=\"async\" class=\"alignnone wp-image-8431 size-fusion-400\" src=\"https:\/\/www.liceulprometeuprotalent.md\/wp-content\/uploads\/2025\/03\/viber_image_2025-03-27_18-29-42-722-400x299.jpg\" alt=\"\" width=\"400\" height=\"299\" srcset=\"https:\/\/www.liceulprometeuprotalent.md\/wp-content\/uploads\/2025\/03\/viber_image_2025-03-27_18-29-42-722-200x150.jpg 200w, https:\/\/www.liceulprometeuprotalent.md\/wp-content\/uploads\/2025\/03\/viber_image_2025-03-27_18-29-42-722-300x224.jpg 300w, https:\/\/www.liceulprometeuprotalent.md\/wp-content\/uploads\/2025\/03\/viber_image_2025-03-27_18-29-42-722-400x299.jpg 400w, https:\/\/www.liceulprometeuprotalent.md\/wp-content\/uploads\/2025\/03\/viber_image_2025-03-27_18-29-42-722-600x449.jpg 600w, https:\/\/www.liceulprometeuprotalent.md\/wp-content\/uploads\/2025\/03\/viber_image_2025-03-27_18-29-42-722-768x575.jpg 768w, https:\/\/www.liceulprometeuprotalent.md\/wp-content\/uploads\/2025\/03\/viber_image_2025-03-27_18-29-42-722-800x599.jpg 800w, https:\/\/www.liceulprometeuprotalent.md\/wp-content\/uploads\/2025\/03\/viber_image_2025-03-27_18-29-42-722-1024x766.jpg 1024w, https:\/\/www.liceulprometeuprotalent.md\/wp-content\/uploads\/2025\/03\/viber_image_2025-03-27_18-29-42-722-1200x898.jpg 1200w, https:\/\/www.liceulprometeuprotalent.md\/wp-content\/uploads\/2025\/03\/viber_image_2025-03-27_18-29-42-722-1536x1149.jpg 1536w, https:\/\/www.liceulprometeuprotalent.md\/wp-content\/uploads\/2025\/03\/viber_image_2025-03-27_18-29-42-722.jpg 1600w\" sizes=\"(max-width: 400px) 100vw, 400px\" \/><\/p>\n<p style=\"text-align: center;\">\u00a0 <img decoding=\"async\" class=\"alignnone wp-image-8433 size-fusion-400\" src=\"https:\/\/www.liceulprometeuprotalent.md\/wp-content\/uploads\/2025\/03\/viber_image_2025-03-27_18-29-39-662-400x318.jpg\" alt=\"\" width=\"400\" height=\"318\" srcset=\"https:\/\/www.liceulprometeuprotalent.md\/wp-content\/uploads\/2025\/03\/viber_image_2025-03-27_18-29-39-662-177x142.jpg 177w, https:\/\/www.liceulprometeuprotalent.md\/wp-content\/uploads\/2025\/03\/viber_image_2025-03-27_18-29-39-662-200x159.jpg 200w, https:\/\/www.liceulprometeuprotalent.md\/wp-content\/uploads\/2025\/03\/viber_image_2025-03-27_18-29-39-662-300x239.jpg 300w, https:\/\/www.liceulprometeuprotalent.md\/wp-content\/uploads\/2025\/03\/viber_image_2025-03-27_18-29-39-662-400x318.jpg 400w, https:\/\/www.liceulprometeuprotalent.md\/wp-content\/uploads\/2025\/03\/viber_image_2025-03-27_18-29-39-662-600x477.jpg 600w, https:\/\/www.liceulprometeuprotalent.md\/wp-content\/uploads\/2025\/03\/viber_image_2025-03-27_18-29-39-662-768x611.jpg 768w, https:\/\/www.liceulprometeuprotalent.md\/wp-content\/uploads\/2025\/03\/viber_image_2025-03-27_18-29-39-662-800x636.jpg 800w, https:\/\/www.liceulprometeuprotalent.md\/wp-content\/uploads\/2025\/03\/viber_image_2025-03-27_18-29-39-662-1024x814.jpg 1024w, https:\/\/www.liceulprometeuprotalent.md\/wp-content\/uploads\/2025\/03\/viber_image_2025-03-27_18-29-39-662-1200x954.jpg 1200w, https:\/\/www.liceulprometeuprotalent.md\/wp-content\/uploads\/2025\/03\/viber_image_2025-03-27_18-29-39-662-1536x1221.jpg 1536w, https:\/\/www.liceulprometeuprotalent.md\/wp-content\/uploads\/2025\/03\/viber_image_2025-03-27_18-29-39-662.jpg 1600w\" sizes=\"(max-width: 400px) 100vw, 400px\" \/> \u00a0<img decoding=\"async\" class=\"alignnone wp-image-8434 size-fusion-400\" src=\"https:\/\/www.liceulprometeuprotalent.md\/wp-content\/uploads\/2025\/03\/viber_image_2025-03-27_18-29-39-461-400x316.jpg\" alt=\"\" width=\"400\" height=\"316\" srcset=\"https:\/\/www.liceulprometeuprotalent.md\/wp-content\/uploads\/2025\/03\/viber_image_2025-03-27_18-29-39-461-200x158.jpg 200w, https:\/\/www.liceulprometeuprotalent.md\/wp-content\/uploads\/2025\/03\/viber_image_2025-03-27_18-29-39-461-300x237.jpg 300w, https:\/\/www.liceulprometeuprotalent.md\/wp-content\/uploads\/2025\/03\/viber_image_2025-03-27_18-29-39-461-400x316.jpg 400w, https:\/\/www.liceulprometeuprotalent.md\/wp-content\/uploads\/2025\/03\/viber_image_2025-03-27_18-29-39-461-600x473.jpg 600w, https:\/\/www.liceulprometeuprotalent.md\/wp-content\/uploads\/2025\/03\/viber_image_2025-03-27_18-29-39-461-768x606.jpg 768w, https:\/\/www.liceulprometeuprotalent.md\/wp-content\/uploads\/2025\/03\/viber_image_2025-03-27_18-29-39-461-800x631.jpg 800w, https:\/\/www.liceulprometeuprotalent.md\/wp-content\/uploads\/2025\/03\/viber_image_2025-03-27_18-29-39-461-1024x808.jpg 1024w, https:\/\/www.liceulprometeuprotalent.md\/wp-content\/uploads\/2025\/03\/viber_image_2025-03-27_18-29-39-461-1200x947.jpg 1200w, https:\/\/www.liceulprometeuprotalent.md\/wp-content\/uploads\/2025\/03\/viber_image_2025-03-27_18-29-39-461-1536x1212.jpg 1536w, https:\/\/www.liceulprometeuprotalent.md\/wp-content\/uploads\/2025\/03\/viber_image_2025-03-27_18-29-39-461.jpg 1600w\" sizes=\"(max-width: 400px) 100vw, 400px\" \/><\/p>\n<p style=\"text-align: center;\">\u00a0 <img decoding=\"async\" class=\"alignnone wp-image-8437 size-fusion-400\" src=\"https:\/\/www.liceulprometeuprotalent.md\/wp-content\/uploads\/2025\/03\/viber_image_2025-03-27_18-29-42-154-400x535.jpg\" alt=\"\" width=\"400\" height=\"535\" srcset=\"https:\/\/www.liceulprometeuprotalent.md\/wp-content\/uploads\/2025\/03\/viber_image_2025-03-27_18-29-42-154-200x267.jpg 200w, https:\/\/www.liceulprometeuprotalent.md\/wp-content\/uploads\/2025\/03\/viber_image_2025-03-27_18-29-42-154-224x300.jpg 224w, https:\/\/www.liceulprometeuprotalent.md\/wp-content\/uploads\/2025\/03\/viber_image_2025-03-27_18-29-42-154-400x535.jpg 400w, https:\/\/www.liceulprometeuprotalent.md\/wp-content\/uploads\/2025\/03\/viber_image_2025-03-27_18-29-42-154-600x802.jpg 600w, https:\/\/www.liceulprometeuprotalent.md\/wp-content\/uploads\/2025\/03\/viber_image_2025-03-27_18-29-42-154-766x1024.jpg 766w, https:\/\/www.liceulprometeuprotalent.md\/wp-content\/uploads\/2025\/03\/viber_image_2025-03-27_18-29-42-154-768x1027.jpg 768w, https:\/\/www.liceulprometeuprotalent.md\/wp-content\/uploads\/2025\/03\/viber_image_2025-03-27_18-29-42-154-800x1069.jpg 800w, https:\/\/www.liceulprometeuprotalent.md\/wp-content\/uploads\/2025\/03\/viber_image_2025-03-27_18-29-42-154-1149x1536.jpg 1149w, https:\/\/www.liceulprometeuprotalent.md\/wp-content\/uploads\/2025\/03\/viber_image_2025-03-27_18-29-42-154.jpg 1197w\" sizes=\"(max-width: 400px) 100vw, 400px\" \/> <img decoding=\"async\" class=\"alignnone wp-image-8436 size-fusion-400\" src=\"https:\/\/www.liceulprometeuprotalent.md\/wp-content\/uploads\/2025\/03\/viber_image_2025-03-27_18-29-42-370-400x535.jpg\" alt=\"\" width=\"400\" height=\"535\" srcset=\"https:\/\/www.liceulprometeuprotalent.md\/wp-content\/uploads\/2025\/03\/viber_image_2025-03-27_18-29-42-370-200x267.jpg 200w, https:\/\/www.liceulprometeuprotalent.md\/wp-content\/uploads\/2025\/03\/viber_image_2025-03-27_18-29-42-370-224x300.jpg 224w, https:\/\/www.liceulprometeuprotalent.md\/wp-content\/uploads\/2025\/03\/viber_image_2025-03-27_18-29-42-370-400x535.jpg 400w, https:\/\/www.liceulprometeuprotalent.md\/wp-content\/uploads\/2025\/03\/viber_image_2025-03-27_18-29-42-370-600x802.jpg 600w, https:\/\/www.liceulprometeuprotalent.md\/wp-content\/uploads\/2025\/03\/viber_image_2025-03-27_18-29-42-370-766x1024.jpg 766w, https:\/\/www.liceulprometeuprotalent.md\/wp-content\/uploads\/2025\/03\/viber_image_2025-03-27_18-29-42-370-768x1027.jpg 768w, https:\/\/www.liceulprometeuprotalent.md\/wp-content\/uploads\/2025\/03\/viber_image_2025-03-27_18-29-42-370-800x1069.jpg 800w, https:\/\/www.liceulprometeuprotalent.md\/wp-content\/uploads\/2025\/03\/viber_image_2025-03-27_18-29-42-370-1149x1536.jpg 1149w, https:\/\/www.liceulprometeuprotalent.md\/wp-content\/uploads\/2025\/03\/viber_image_2025-03-27_18-29-42-370.jpg 1197w\" sizes=\"(max-width: 400px) 100vw, 400px\" \/><\/p>\n<p style=\"text-align: center;\"><img decoding=\"async\" class=\"alignnone wp-image-8432 size-fusion-400\" src=\"https:\/\/www.liceulprometeuprotalent.md\/wp-content\/uploads\/2025\/03\/viber_image_2025-03-27_18-29-42-547-400x535.jpg\" alt=\"\" width=\"400\" height=\"535\" srcset=\"https:\/\/www.liceulprometeuprotalent.md\/wp-content\/uploads\/2025\/03\/viber_image_2025-03-27_18-29-42-547-200x267.jpg 200w, https:\/\/www.liceulprometeuprotalent.md\/wp-content\/uploads\/2025\/03\/viber_image_2025-03-27_18-29-42-547-224x300.jpg 224w, https:\/\/www.liceulprometeuprotalent.md\/wp-content\/uploads\/2025\/03\/viber_image_2025-03-27_18-29-42-547-400x535.jpg 400w, https:\/\/www.liceulprometeuprotalent.md\/wp-content\/uploads\/2025\/03\/viber_image_2025-03-27_18-29-42-547-600x802.jpg 600w, https:\/\/www.liceulprometeuprotalent.md\/wp-content\/uploads\/2025\/03\/viber_image_2025-03-27_18-29-42-547-766x1024.jpg 766w, https:\/\/www.liceulprometeuprotalent.md\/wp-content\/uploads\/2025\/03\/viber_image_2025-03-27_18-29-42-547-768x1027.jpg 768w, https:\/\/www.liceulprometeuprotalent.md\/wp-content\/uploads\/2025\/03\/viber_image_2025-03-27_18-29-42-547-800x1069.jpg 800w, https:\/\/www.liceulprometeuprotalent.md\/wp-content\/uploads\/2025\/03\/viber_image_2025-03-27_18-29-42-547-1149x1536.jpg 1149w, https:\/\/www.liceulprometeuprotalent.md\/wp-content\/uploads\/2025\/03\/viber_image_2025-03-27_18-29-42-547.jpg 1197w\" sizes=\"(max-width: 400px) 100vw, 400px\" \/><img decoding=\"async\" class=\"alignnone wp-image-8435 size-fusion-400\" src=\"https:\/\/www.liceulprometeuprotalent.md\/wp-content\/uploads\/2025\/03\/viber_image_2025-03-27_18-29-42-497-400x299.jpg\" alt=\"\" width=\"400\" height=\"299\" srcset=\"https:\/\/www.liceulprometeuprotalent.md\/wp-content\/uploads\/2025\/03\/viber_image_2025-03-27_18-29-42-497-200x150.jpg 200w, https:\/\/www.liceulprometeuprotalent.md\/wp-content\/uploads\/2025\/03\/viber_image_2025-03-27_18-29-42-497-300x224.jpg 300w, https:\/\/www.liceulprometeuprotalent.md\/wp-content\/uploads\/2025\/03\/viber_image_2025-03-27_18-29-42-497-400x299.jpg 400w, https:\/\/www.liceulprometeuprotalent.md\/wp-content\/uploads\/2025\/03\/viber_image_2025-03-27_18-29-42-497-600x449.jpg 600w, https:\/\/www.liceulprometeuprotalent.md\/wp-content\/uploads\/2025\/03\/viber_image_2025-03-27_18-29-42-497-768x575.jpg 768w, https:\/\/www.liceulprometeuprotalent.md\/wp-content\/uploads\/2025\/03\/viber_image_2025-03-27_18-29-42-497-800x599.jpg 800w, https:\/\/www.liceulprometeuprotalent.md\/wp-content\/uploads\/2025\/03\/viber_image_2025-03-27_18-29-42-497-1024x766.jpg 1024w, https:\/\/www.liceulprometeuprotalent.md\/wp-content\/uploads\/2025\/03\/viber_image_2025-03-27_18-29-42-497-1200x898.jpg 1200w, https:\/\/www.liceulprometeuprotalent.md\/wp-content\/uploads\/2025\/03\/viber_image_2025-03-27_18-29-42-497-1536x1149.jpg 1536w, https:\/\/www.liceulprometeuprotalent.md\/wp-content\/uploads\/2025\/03\/viber_image_2025-03-27_18-29-42-497.jpg 1600w\" sizes=\"(max-width: 400px) 100vw, 400px\" \/><\/p>\n","protected":false},"excerpt":{"rendered":"<p>\u201eJe m\u2019\u00e9duque, donc j\u2019agis\u201d (\u201eM\u0103 educ, deci ac\u021bionez\u201d) este tema Zilei Interna\u021bionale a Francofoniei din anul 2025, care a fost reflectat\u0103 \u00een activit\u0103\u021bile realizate de doamna Silvia Voroniuc, profesoar\u0103 de limba francez\u0103, grad didactic superior, formator na\u021bional, \u00een perioada 24-27 martie curent. Doamna Silvia Voroniuc a ini\u021biat lec\u021bii-concurs \u00een clasele a V-a \u201eA\u201d, a V-a [&hellip;]<\/p>\n","protected":false},"author":1,"featured_media":8424,"comment_status":"open","ping_status":"open","sticky":false,"template":"","format":"standard","meta":{"_price":"","_stock":"","_tribe_ticket_header":"","_tribe_default_ticket_provider":"","_tribe_ticket_capacity":"0","_ticket_start_date":"","_ticket_end_date":"","_tribe_ticket_show_description":"","_tribe_ticket_show_not_going":false,"_tribe_ticket_use_global_stock":"","_tribe_ticket_global_stock_level":"","_global_stock_mode":"","_global_stock_cap":"","_tribe_rsvp_for_event":"","_tribe_ticket_going_count":"","_tribe_ticket_not_going_count":"","_tribe_tickets_list":"[]","_tribe_ticket_has_attendee_info_fields":false,"footnotes":""},"categories":[89,80,1],"tags":[],"class_list":["post-8418","post","type-post","status-publish","format-standard","has-post-thumbnail","hentry","category-blog","category-toate-categoriile","category-uncategorized"],"_links":{"self":[{"href":"https:\/\/www.liceulprometeuprotalent.md\/index.php?rest_route=\/wp\/v2\/posts\/8418","targetHints":{"allow":["GET"]}}],"collection":[{"href":"https:\/\/www.liceulprometeuprotalent.md\/index.php?rest_route=\/wp\/v2\/posts"}],"about":[{"href":"https:\/\/www.liceulprometeuprotalent.md\/index.php?rest_route=\/wp\/v2\/types\/post"}],"author":[{"embeddable":true,"href":"https:\/\/www.liceulprometeuprotalent.md\/index.php?rest_route=\/wp\/v2\/users\/1"}],"replies":[{"embeddable":true,"href":"https:\/\/www.liceulprometeuprotalent.md\/index.php?rest_route=%2Fwp%2Fv2%2Fcomments&post=8418"}],"version-history":[{"count":1,"href":"https:\/\/www.liceulprometeuprotalent.md\/index.php?rest_route=\/wp\/v2\/posts\/8418\/revisions"}],"predecessor-version":[{"id":8438,"href":"https:\/\/www.liceulprometeuprotalent.md\/index.php?rest_route=\/wp\/v2\/posts\/8418\/revisions\/8438"}],"wp:featuredmedia":[{"embeddable":true,"href":"https:\/\/www.liceulprometeuprotalent.md\/index.php?rest_route=\/wp\/v2\/media\/8424"}],"wp:attachment":[{"href":"https:\/\/www.liceulprometeuprotalent.md\/index.php?rest_route=%2Fwp%2Fv2%2Fmedia&parent=8418"}],"wp:term":[{"taxonomy":"category","embeddable":true,"href":"https:\/\/www.liceulprometeuprotalent.md\/index.php?rest_route=%2Fwp%2Fv2%2Fcategories&post=8418"},{"taxonomy":"post_tag","embeddable":true,"href":"https:\/\/www.liceulprometeuprotalent.md\/index.php?rest_route=%2Fwp%2Fv2%2Ftags&post=8418"}],"curies":[{"name":"wp","href":"https:\/\/api.w.org\/{rel}","templated":true}]}}