{"id":8448,"date":"2025-04-04T08:34:41","date_gmt":"2025-04-04T08:34:41","guid":{"rendered":"https:\/\/www.liceulprometeuprotalent.md\/?p=8448"},"modified":"2025-04-04T08:34:41","modified_gmt":"2025-04-04T08:34:41","slug":"festin-al-eruditiei-inteligentei-si-exuberantei","status":"publish","type":"post","link":"https:\/\/www.liceulprometeuprotalent.md\/?p=8448","title":{"rendered":"Festin al erudi\u021biei, inteligen\u021bei \u0219i exuberan\u021bei"},"content":{"rendered":"<p>Echipa profesorilor de la Liceul de Creativitate \u0219i Inventic\u0103 \u201ePrometeu-Protalent\u201d a c\u00e2\u0219tigat <strong>Premiul Mare<\/strong>, \u00eenvrednicindu-se de prestigiosul titlu \u201eBufni\u021bele\u201d \u0219i de trofeul cu imaginea Bufni\u021bei \u2013 simbolul \u00een\u021belepciunii, la Concursul tradi\u021bional de erudi\u021bie \u0219i inteligen\u021b\u0103 \u201eErudit &#8211; Prometeu-Protalent\u201d, care s-a desf\u0103\u0219urat pe data de 1 aprilie 2025. La competi\u021bie au participat alte patru echipe, formate din elevii claselor a VIII-a \u2013 a XI-a, performan\u021bele c\u0103rora au fost clasificate respectiv:<\/p>\n<p><strong>Locul II <\/strong>\u2013 echipa clasei a XI-a \u201eB\u201d<strong>;<\/strong><\/p>\n<p><strong>Locul III<\/strong> \u2013 echipa clasei a IX-a \u201eC\u201d<strong>;<\/strong><\/p>\n<p><strong>Men\u021biune<\/strong> \u2013 echipele claselor a VIII-a \u201eB\u201d \u0219i a XI-a \u201eA\u201d.<\/p>\n<p>Competi\u021bia organizat\u0103 de doamna Zinaida V\u00eerlan, director adjunct instruire \u0219i doamna Angela Lungu, director adjunct educa\u021bie, cu sprijinul asumat al Consiliului elevilor, a fost moderat\u0103 de domnul Aurelian Silvestru, director-fondator al Liceului \u201ePrometeu-Protalent\u201d. Cele 25 de \u00eentreb\u0103ri din diferite domenii, foarte variate \u0219i incitante, au pus la mare \u00eencercare logica \u0219i iste\u021bimea fiec\u0103rui competitor, constituindu-se \u00eentr-un adev\u0103rat festin al inteligen\u021bei, erudi\u021biei \u0219i exuberan\u021bei.<\/p>\n<p>Echipele concurente au trebuit s\u0103 respecte un anumit regulament, av\u00e2nd la dispozi\u021bie timp limitat pentru a r\u0103spunde \u00eentreb\u0103rilor. Anima\u021bi de sarcinile concursului \u0219i de atmosfera concuren\u021bial\u0103, care s-a transformat \u00eentr-un veritabil test de cultur\u0103 general\u0103, participan\u021bii s-au \u00eentrecut pe sine \u00een c\u0103utarea r\u0103spunsurilor corecte. Parte din \u00eentreb\u0103ri au avut menirea s\u0103 stimuleze inclusiv sim\u021bul umorului la concuren\u021bi, av\u00e2nd \u00een vedere c\u0103 palpitanta competi\u021bie a avut loc la 1 aprilie \u2013 Ziua Interna\u021bional\u0103 a Umorului, iar fundalul muzical adecvat, asigurat de domnul Veaceslav Adam, profesor de educa\u021bie muzical\u0103, grad didactic unu, a contribuit la impulsionarea creativit\u0103\u021bii concuren\u021bilor.<\/p>\n<p>Men\u021bion\u0103m c\u0103 aceasta a fost runda final\u0103 a Concursului \u201eErudit \u2013 Prometeu-Protalent\u201d, dup\u0103 alte dou\u0103 runde, organizate de doamna Angela Lungu \u00eempreun\u0103 cu Consiliul elevilor \u00een prima jum\u0103tate a lunii martie, care au scos \u00een eviden\u021b\u0103 viitorii participan\u021bi la runda de \u00eencheiere a competi\u021biei.<\/p>\n<p>Amintim c\u0103 organizarea Concursului \u201eErudit \u2013 Prometeu-Protalent\u201d a fost ini\u021biat\u0103 mul\u021bi ani \u00een urm\u0103 de doamna Zinaida V\u00eerlan, profesoar\u0103 de limba francez\u0103, grad didactic superior, devenind \u00een timp foarte popular\u0103, captivant\u0103 \u0219i emo\u021bionant\u0103 at\u00e2t printre elevi, c\u00e2t \u0219i printre profesori.<\/p>\n<p>Felicit\u0103ri tuturor participan\u021bilor!<\/p>\n<p>Mul\u021bumirile \u0219i aprecierile noastre se \u00eendreapt\u0103 c\u0103tre toate cadrele didactice, care cultiv\u0103 elevilor spiritul competitiv al cunoa\u0219terii \u0219i, \u00eendeosebi, c\u0103tre doamnele diriginte Tatiana Melnic, profesoar\u0103 de limba \u0219i literatura rom\u00e2n\u0103, grad didactic superior, \u0219efa Comisiei metodice \u0218tiin\u021be Socioumanistice, Maria Iarmenco, profesoar\u0103 de matematic\u0103, grad didactic superior \u0219i Olga Ciorici, profesoar\u0103 de limba englez\u0103, grad didactic unu, discipolii c\u0103rora ne-au oferit acest fabulos festin al erudi\u021biei, inteligen\u021bei \u0219i exuberan\u021bei.<\/p>\n<p style=\"text-align: center;\">\n<div id=\"attachment_8449\" style=\"width: 410px\" class=\"wp-caption aligncenter\"><img decoding=\"async\" aria-describedby=\"caption-attachment-8449\" class=\"wp-image-8449 size-fusion-400\" src=\"https:\/\/www.liceulprometeuprotalent.md\/wp-content\/uploads\/2025\/04\/IMG20250401140234-400x301.jpg\" alt=\"\" width=\"400\" height=\"301\" srcset=\"https:\/\/www.liceulprometeuprotalent.md\/wp-content\/uploads\/2025\/04\/IMG20250401140234-200x151.jpg 200w, https:\/\/www.liceulprometeuprotalent.md\/wp-content\/uploads\/2025\/04\/IMG20250401140234-300x226.jpg 300w, https:\/\/www.liceulprometeuprotalent.md\/wp-content\/uploads\/2025\/04\/IMG20250401140234-400x301.jpg 400w, https:\/\/www.liceulprometeuprotalent.md\/wp-content\/uploads\/2025\/04\/IMG20250401140234-600x452.jpg 600w, https:\/\/www.liceulprometeuprotalent.md\/wp-content\/uploads\/2025\/04\/IMG20250401140234-768x578.jpg 768w, https:\/\/www.liceulprometeuprotalent.md\/wp-content\/uploads\/2025\/04\/IMG20250401140234-800x602.jpg 800w, https:\/\/www.liceulprometeuprotalent.md\/wp-content\/uploads\/2025\/04\/IMG20250401140234-1024x771.jpg 1024w, https:\/\/www.liceulprometeuprotalent.md\/wp-content\/uploads\/2025\/04\/IMG20250401140234-1200x904.jpg 1200w, https:\/\/www.liceulprometeuprotalent.md\/wp-content\/uploads\/2025\/04\/IMG20250401140234-1536x1157.jpg 1536w\" sizes=\"(max-width: 400px) 100vw, 400px\" \/><p id=\"caption-attachment-8449\" class=\"wp-caption-text\">oplus_0<\/p><\/div>\n<div id=\"attachment_8450\" style=\"width: 410px\" class=\"wp-caption aligncenter\"><img decoding=\"async\" aria-describedby=\"caption-attachment-8450\" class=\"wp-image-8450 size-fusion-400\" src=\"https:\/\/www.liceulprometeuprotalent.md\/wp-content\/uploads\/2025\/04\/IMG20250401142711-400x301.jpg\" alt=\"\" width=\"400\" height=\"301\" srcset=\"https:\/\/www.liceulprometeuprotalent.md\/wp-content\/uploads\/2025\/04\/IMG20250401142711-200x151.jpg 200w, https:\/\/www.liceulprometeuprotalent.md\/wp-content\/uploads\/2025\/04\/IMG20250401142711-300x226.jpg 300w, https:\/\/www.liceulprometeuprotalent.md\/wp-content\/uploads\/2025\/04\/IMG20250401142711-400x301.jpg 400w, https:\/\/www.liceulprometeuprotalent.md\/wp-content\/uploads\/2025\/04\/IMG20250401142711-600x452.jpg 600w, https:\/\/www.liceulprometeuprotalent.md\/wp-content\/uploads\/2025\/04\/IMG20250401142711-768x578.jpg 768w, https:\/\/www.liceulprometeuprotalent.md\/wp-content\/uploads\/2025\/04\/IMG20250401142711-800x602.jpg 800w, https:\/\/www.liceulprometeuprotalent.md\/wp-content\/uploads\/2025\/04\/IMG20250401142711-1024x771.jpg 1024w, https:\/\/www.liceulprometeuprotalent.md\/wp-content\/uploads\/2025\/04\/IMG20250401142711-1200x904.jpg 1200w, https:\/\/www.liceulprometeuprotalent.md\/wp-content\/uploads\/2025\/04\/IMG20250401142711-1536x1157.jpg 1536w\" sizes=\"(max-width: 400px) 100vw, 400px\" \/><p id=\"caption-attachment-8450\" class=\"wp-caption-text\">oplus_2048<\/p><\/div>\n<div id=\"attachment_8451\" style=\"width: 410px\" class=\"wp-caption aligncenter\"><img decoding=\"async\" aria-describedby=\"caption-attachment-8451\" class=\"wp-image-8451 size-fusion-400\" src=\"https:\/\/www.liceulprometeuprotalent.md\/wp-content\/uploads\/2025\/04\/IMG20250401151454-400x301.jpg\" alt=\"\" width=\"400\" height=\"301\" srcset=\"https:\/\/www.liceulprometeuprotalent.md\/wp-content\/uploads\/2025\/04\/IMG20250401151454-200x151.jpg 200w, https:\/\/www.liceulprometeuprotalent.md\/wp-content\/uploads\/2025\/04\/IMG20250401151454-300x226.jpg 300w, https:\/\/www.liceulprometeuprotalent.md\/wp-content\/uploads\/2025\/04\/IMG20250401151454-400x301.jpg 400w, https:\/\/www.liceulprometeuprotalent.md\/wp-content\/uploads\/2025\/04\/IMG20250401151454-600x452.jpg 600w, https:\/\/www.liceulprometeuprotalent.md\/wp-content\/uploads\/2025\/04\/IMG20250401151454-768x578.jpg 768w, https:\/\/www.liceulprometeuprotalent.md\/wp-content\/uploads\/2025\/04\/IMG20250401151454-800x602.jpg 800w, https:\/\/www.liceulprometeuprotalent.md\/wp-content\/uploads\/2025\/04\/IMG20250401151454-1024x771.jpg 1024w, https:\/\/www.liceulprometeuprotalent.md\/wp-content\/uploads\/2025\/04\/IMG20250401151454-1200x904.jpg 1200w, https:\/\/www.liceulprometeuprotalent.md\/wp-content\/uploads\/2025\/04\/IMG20250401151454-1536x1157.jpg 1536w\" sizes=\"(max-width: 400px) 100vw, 400px\" \/><p id=\"caption-attachment-8451\" class=\"wp-caption-text\">oplus_0<\/p><\/div>\n<div id=\"attachment_8452\" style=\"width: 410px\" class=\"wp-caption aligncenter\"><img decoding=\"async\" aria-describedby=\"caption-attachment-8452\" class=\"wp-image-8452 size-fusion-400\" src=\"https:\/\/www.liceulprometeuprotalent.md\/wp-content\/uploads\/2025\/04\/IMG20250401142836-400x301.jpg\" alt=\"\" width=\"400\" height=\"301\" srcset=\"https:\/\/www.liceulprometeuprotalent.md\/wp-content\/uploads\/2025\/04\/IMG20250401142836-200x151.jpg 200w, https:\/\/www.liceulprometeuprotalent.md\/wp-content\/uploads\/2025\/04\/IMG20250401142836-300x226.jpg 300w, https:\/\/www.liceulprometeuprotalent.md\/wp-content\/uploads\/2025\/04\/IMG20250401142836-400x301.jpg 400w, https:\/\/www.liceulprometeuprotalent.md\/wp-content\/uploads\/2025\/04\/IMG20250401142836-600x452.jpg 600w, https:\/\/www.liceulprometeuprotalent.md\/wp-content\/uploads\/2025\/04\/IMG20250401142836-768x578.jpg 768w, https:\/\/www.liceulprometeuprotalent.md\/wp-content\/uploads\/2025\/04\/IMG20250401142836-800x602.jpg 800w, https:\/\/www.liceulprometeuprotalent.md\/wp-content\/uploads\/2025\/04\/IMG20250401142836-1024x771.jpg 1024w, https:\/\/www.liceulprometeuprotalent.md\/wp-content\/uploads\/2025\/04\/IMG20250401142836-1200x904.jpg 1200w, https:\/\/www.liceulprometeuprotalent.md\/wp-content\/uploads\/2025\/04\/IMG20250401142836-1536x1157.jpg 1536w\" sizes=\"(max-width: 400px) 100vw, 400px\" \/><p id=\"caption-attachment-8452\" class=\"wp-caption-text\">oplus_2048<\/p><\/div>\n<div id=\"attachment_8453\" style=\"width: 410px\" class=\"wp-caption aligncenter\"><img decoding=\"async\" aria-describedby=\"caption-attachment-8453\" class=\"wp-image-8453 size-fusion-400\" src=\"https:\/\/www.liceulprometeuprotalent.md\/wp-content\/uploads\/2025\/04\/IMG20250401151218-400x301.jpg\" alt=\"\" width=\"400\" height=\"301\" srcset=\"https:\/\/www.liceulprometeuprotalent.md\/wp-content\/uploads\/2025\/04\/IMG20250401151218-200x151.jpg 200w, https:\/\/www.liceulprometeuprotalent.md\/wp-content\/uploads\/2025\/04\/IMG20250401151218-300x226.jpg 300w, https:\/\/www.liceulprometeuprotalent.md\/wp-content\/uploads\/2025\/04\/IMG20250401151218-400x301.jpg 400w, https:\/\/www.liceulprometeuprotalent.md\/wp-content\/uploads\/2025\/04\/IMG20250401151218-600x452.jpg 600w, https:\/\/www.liceulprometeuprotalent.md\/wp-content\/uploads\/2025\/04\/IMG20250401151218-768x578.jpg 768w, https:\/\/www.liceulprometeuprotalent.md\/wp-content\/uploads\/2025\/04\/IMG20250401151218-800x602.jpg 800w, https:\/\/www.liceulprometeuprotalent.md\/wp-content\/uploads\/2025\/04\/IMG20250401151218-1024x771.jpg 1024w, https:\/\/www.liceulprometeuprotalent.md\/wp-content\/uploads\/2025\/04\/IMG20250401151218-1200x904.jpg 1200w, https:\/\/www.liceulprometeuprotalent.md\/wp-content\/uploads\/2025\/04\/IMG20250401151218-1536x1157.jpg 1536w\" sizes=\"(max-width: 400px) 100vw, 400px\" \/><p id=\"caption-attachment-8453\" class=\"wp-caption-text\">oplus_0<\/p><\/div>\n<div id=\"attachment_8454\" style=\"width: 410px\" class=\"wp-caption aligncenter\"><img decoding=\"async\" aria-describedby=\"caption-attachment-8454\" class=\"wp-image-8454 size-fusion-400\" src=\"https:\/\/www.liceulprometeuprotalent.md\/wp-content\/uploads\/2025\/04\/IMG20250401144754-400x301.jpg\" alt=\"\" width=\"400\" height=\"301\" srcset=\"https:\/\/www.liceulprometeuprotalent.md\/wp-content\/uploads\/2025\/04\/IMG20250401144754-200x151.jpg 200w, https:\/\/www.liceulprometeuprotalent.md\/wp-content\/uploads\/2025\/04\/IMG20250401144754-300x226.jpg 300w, https:\/\/www.liceulprometeuprotalent.md\/wp-content\/uploads\/2025\/04\/IMG20250401144754-400x301.jpg 400w, https:\/\/www.liceulprometeuprotalent.md\/wp-content\/uploads\/2025\/04\/IMG20250401144754-600x452.jpg 600w, https:\/\/www.liceulprometeuprotalent.md\/wp-content\/uploads\/2025\/04\/IMG20250401144754-768x578.jpg 768w, https:\/\/www.liceulprometeuprotalent.md\/wp-content\/uploads\/2025\/04\/IMG20250401144754-800x602.jpg 800w, https:\/\/www.liceulprometeuprotalent.md\/wp-content\/uploads\/2025\/04\/IMG20250401144754-1024x771.jpg 1024w, https:\/\/www.liceulprometeuprotalent.md\/wp-content\/uploads\/2025\/04\/IMG20250401144754-1200x904.jpg 1200w, https:\/\/www.liceulprometeuprotalent.md\/wp-content\/uploads\/2025\/04\/IMG20250401144754-1536x1157.jpg 1536w\" sizes=\"(max-width: 400px) 100vw, 400px\" \/><p id=\"caption-attachment-8454\" class=\"wp-caption-text\">oplus_0<\/p><\/div>\n<div id=\"attachment_8455\" style=\"width: 410px\" class=\"wp-caption aligncenter\"><img decoding=\"async\" aria-describedby=\"caption-attachment-8455\" class=\"wp-image-8455 size-fusion-400\" src=\"https:\/\/www.liceulprometeuprotalent.md\/wp-content\/uploads\/2025\/04\/IMG20250401141944-400x531.jpg\" alt=\"\" width=\"400\" height=\"531\" srcset=\"https:\/\/www.liceulprometeuprotalent.md\/wp-content\/uploads\/2025\/04\/IMG20250401141944-200x266.jpg 200w, https:\/\/www.liceulprometeuprotalent.md\/wp-content\/uploads\/2025\/04\/IMG20250401141944-226x300.jpg 226w, https:\/\/www.liceulprometeuprotalent.md\/wp-content\/uploads\/2025\/04\/IMG20250401141944-400x531.jpg 400w, https:\/\/www.liceulprometeuprotalent.md\/wp-content\/uploads\/2025\/04\/IMG20250401141944-600x797.jpg 600w, https:\/\/www.liceulprometeuprotalent.md\/wp-content\/uploads\/2025\/04\/IMG20250401141944-768x1020.jpg 768w, https:\/\/www.liceulprometeuprotalent.md\/wp-content\/uploads\/2025\/04\/IMG20250401141944-771x1024.jpg 771w, https:\/\/www.liceulprometeuprotalent.md\/wp-content\/uploads\/2025\/04\/IMG20250401141944-800x1063.jpg 800w, https:\/\/www.liceulprometeuprotalent.md\/wp-content\/uploads\/2025\/04\/IMG20250401141944-1157x1536.jpg 1157w, https:\/\/www.liceulprometeuprotalent.md\/wp-content\/uploads\/2025\/04\/IMG20250401141944-1200x1594.jpg 1200w, https:\/\/www.liceulprometeuprotalent.md\/wp-content\/uploads\/2025\/04\/IMG20250401141944-1542x2048.jpg 1542w\" sizes=\"(max-width: 400px) 100vw, 400px\" \/><p id=\"caption-attachment-8455\" class=\"wp-caption-text\">oplus_2080<\/p><\/div>\n<div id=\"attachment_8456\" style=\"width: 410px\" class=\"wp-caption aligncenter\"><img decoding=\"async\" aria-describedby=\"caption-attachment-8456\" class=\"wp-image-8456 size-fusion-400\" src=\"https:\/\/www.liceulprometeuprotalent.md\/wp-content\/uploads\/2025\/04\/IMG20250401141936-400x531.jpg\" alt=\"\" width=\"400\" height=\"531\" srcset=\"https:\/\/www.liceulprometeuprotalent.md\/wp-content\/uploads\/2025\/04\/IMG20250401141936-200x266.jpg 200w, https:\/\/www.liceulprometeuprotalent.md\/wp-content\/uploads\/2025\/04\/IMG20250401141936-226x300.jpg 226w, https:\/\/www.liceulprometeuprotalent.md\/wp-content\/uploads\/2025\/04\/IMG20250401141936-400x531.jpg 400w, https:\/\/www.liceulprometeuprotalent.md\/wp-content\/uploads\/2025\/04\/IMG20250401141936-600x797.jpg 600w, https:\/\/www.liceulprometeuprotalent.md\/wp-content\/uploads\/2025\/04\/IMG20250401141936-768x1020.jpg 768w, https:\/\/www.liceulprometeuprotalent.md\/wp-content\/uploads\/2025\/04\/IMG20250401141936-771x1024.jpg 771w, https:\/\/www.liceulprometeuprotalent.md\/wp-content\/uploads\/2025\/04\/IMG20250401141936-800x1063.jpg 800w, https:\/\/www.liceulprometeuprotalent.md\/wp-content\/uploads\/2025\/04\/IMG20250401141936-1157x1536.jpg 1157w, https:\/\/www.liceulprometeuprotalent.md\/wp-content\/uploads\/2025\/04\/IMG20250401141936-1200x1594.jpg 1200w, https:\/\/www.liceulprometeuprotalent.md\/wp-content\/uploads\/2025\/04\/IMG20250401141936-1542x2048.jpg 1542w\" sizes=\"(max-width: 400px) 100vw, 400px\" \/><p id=\"caption-attachment-8456\" class=\"wp-caption-text\">oplus_2080<\/p><\/div>\n<p style=\"text-align: center;\">\n","protected":false},"excerpt":{"rendered":"<p>Echipa profesorilor de la Liceul de Creativitate \u0219i Inventic\u0103 \u201ePrometeu-Protalent\u201d a c\u00e2\u0219tigat Premiul Mare, \u00eenvrednicindu-se de prestigiosul titlu \u201eBufni\u021bele\u201d \u0219i de trofeul cu imaginea Bufni\u021bei \u2013 simbolul \u00een\u021belepciunii, la Concursul tradi\u021bional de erudi\u021bie \u0219i inteligen\u021b\u0103 \u201eErudit &#8211; Prometeu-Protalent\u201d, care s-a desf\u0103\u0219urat pe data de 1 aprilie 2025. La competi\u021bie au participat alte patru echipe, formate [&hellip;]<\/p>\n","protected":false},"author":1,"featured_media":8449,"comment_status":"open","ping_status":"open","sticky":false,"template":"","format":"standard","meta":{"_price":"","_stock":"","_tribe_ticket_header":"","_tribe_default_ticket_provider":"","_tribe_ticket_capacity":"0","_ticket_start_date":"","_ticket_end_date":"","_tribe_ticket_show_description":"","_tribe_ticket_show_not_going":false,"_tribe_ticket_use_global_stock":"","_tribe_ticket_global_stock_level":"","_global_stock_mode":"","_global_stock_cap":"","_tribe_rsvp_for_event":"","_tribe_ticket_going_count":"","_tribe_ticket_not_going_count":"","_tribe_tickets_list":"[]","_tribe_ticket_has_attendee_info_fields":false,"footnotes":""},"categories":[89,80,1],"tags":[],"class_list":["post-8448","post","type-post","status-publish","format-standard","has-post-thumbnail","hentry","category-blog","category-toate-categoriile","category-uncategorized"],"_links":{"self":[{"href":"https:\/\/www.liceulprometeuprotalent.md\/index.php?rest_route=\/wp\/v2\/posts\/8448","targetHints":{"allow":["GET"]}}],"collection":[{"href":"https:\/\/www.liceulprometeuprotalent.md\/index.php?rest_route=\/wp\/v2\/posts"}],"about":[{"href":"https:\/\/www.liceulprometeuprotalent.md\/index.php?rest_route=\/wp\/v2\/types\/post"}],"author":[{"embeddable":true,"href":"https:\/\/www.liceulprometeuprotalent.md\/index.php?rest_route=\/wp\/v2\/users\/1"}],"replies":[{"embeddable":true,"href":"https:\/\/www.liceulprometeuprotalent.md\/index.php?rest_route=%2Fwp%2Fv2%2Fcomments&post=8448"}],"version-history":[{"count":1,"href":"https:\/\/www.liceulprometeuprotalent.md\/index.php?rest_route=\/wp\/v2\/posts\/8448\/revisions"}],"predecessor-version":[{"id":8457,"href":"https:\/\/www.liceulprometeuprotalent.md\/index.php?rest_route=\/wp\/v2\/posts\/8448\/revisions\/8457"}],"wp:featuredmedia":[{"embeddable":true,"href":"https:\/\/www.liceulprometeuprotalent.md\/index.php?rest_route=\/wp\/v2\/media\/8449"}],"wp:attachment":[{"href":"https:\/\/www.liceulprometeuprotalent.md\/index.php?rest_route=%2Fwp%2Fv2%2Fmedia&parent=8448"}],"wp:term":[{"taxonomy":"category","embeddable":true,"href":"https:\/\/www.liceulprometeuprotalent.md\/index.php?rest_route=%2Fwp%2Fv2%2Fcategories&post=8448"},{"taxonomy":"post_tag","embeddable":true,"href":"https:\/\/www.liceulprometeuprotalent.md\/index.php?rest_route=%2Fwp%2Fv2%2Ftags&post=8448"}],"curies":[{"name":"wp","href":"https:\/\/api.w.org\/{rel}","templated":true}]}}